{"id":1174,"date":"2020-08-12T13:31:48","date_gmt":"2020-08-12T13:31:48","guid":{"rendered":"https:\/\/observatoriodesigualdades.fjp.mg.gov.br\/?p=1174"},"modified":"2020-08-12T14:15:49","modified_gmt":"2020-08-12T14:15:49","slug":"desigualdade-politica-um-retrato-do-poder-legislativo-federal-estadual-e-municipal-em-infograficos","status":"publish","type":"post","link":"https:\/\/observatoriodesigualdades.fjp.mg.gov.br\/?p=1174","title":{"rendered":"Desigualdade pol\u00edtica: um retrato do Poder Legislativo federal, estadual e municipal em infogr\u00e1ficos"},"content":{"rendered":"\t\t<div data-elementor-type=\"wp-post\" data-elementor-id=\"1174\" class=\"elementor elementor-1174\">\n\t\t\t\t\t\t<section class=\"elementor-section elementor-top-section elementor-element elementor-element-c736a79 elementor-section-boxed elementor-section-height-default elementor-section-height-default\" data-id=\"c736a79\" data-element_type=\"section\" data-e-type=\"section\">\n\t\t\t\t\t\t<div class=\"elementor-container elementor-column-gap-default\">\n\t\t\t\t\t<div class=\"elementor-column elementor-col-100 elementor-top-column elementor-element elementor-element-a0eeb03\" data-id=\"a0eeb03\" data-element_type=\"column\" data-e-type=\"column\">\n\t\t\t<div class=\"elementor-widget-wrap elementor-element-populated\">\n\t\t\t\t\t\t<div class=\"elementor-element elementor-element-a740eb8 elementor-widget elementor-widget-text-editor\" data-id=\"a740eb8\" data-element_type=\"widget\" data-e-type=\"widget\" data-widget_type=\"text-editor.default\">\n\t\t\t\t<div class=\"elementor-widget-container\">\n\t\t\t\t\t\t\t\t\t<p><img fetchpriority=\"high\" decoding=\"async\" class=\"aligncenter wp-image-1180 size-full\" src=\"http:\/\/observatoriodesigualdades.fjp.mg.gov.br\/wp-content\/uploads\/2020\/08\/Infogr\u00e1fico-desigualdade-pol\u00edtica-2.png\" alt=\"\" width=\"1020\" height=\"3131\" srcset=\"https:\/\/observatoriodesigualdades.fjp.mg.gov.br\/wp-content\/uploads\/2020\/08\/Infogr\u00e1fico-desigualdade-pol\u00edtica-2.png 1020w, https:\/\/observatoriodesigualdades.fjp.mg.gov.br\/wp-content\/uploads\/2020\/08\/Infogr\u00e1fico-desigualdade-pol\u00edtica-2-98x300.png 98w, https:\/\/observatoriodesigualdades.fjp.mg.gov.br\/wp-content\/uploads\/2020\/08\/Infogr\u00e1fico-desigualdade-pol\u00edtica-2-334x1024.png 334w, https:\/\/observatoriodesigualdades.fjp.mg.gov.br\/wp-content\/uploads\/2020\/08\/Infogr\u00e1fico-desigualdade-pol\u00edtica-2-768x2357.png 768w, https:\/\/observatoriodesigualdades.fjp.mg.gov.br\/wp-content\/uploads\/2020\/08\/Infogr\u00e1fico-desigualdade-pol\u00edtica-2-500x1536.png 500w, https:\/\/observatoriodesigualdades.fjp.mg.gov.br\/wp-content\/uploads\/2020\/08\/Infogr\u00e1fico-desigualdade-pol\u00edtica-2-667x2048.png 667w\" sizes=\"(max-width: 1020px) 100vw, 1020px\" \/><\/p><p>Para saber mais sobre a desigualdade pol\u00edtica no Brasil, acesse o<span style=\"color: #0000ff;\"> <a style=\"color: #0000ff;\" href=\"http:\/\/observatoriodesigualdades.fjp.mg.gov.br\/wp-content\/uploads\/2020\/08\/Boletim-n%C2%BA10-Desigualdade-Pol%C3%ADtica2-1.pdf\">Boletim n\u00ba 10<\/a><\/span>: Pol\u00edtica, participa\u00e7\u00e3o, desigualdade. E o que podemos fazer a respeito.\u00a0<\/p><p><em>Autora: Lu\u00edsa Filizzola [graduanda em Administra\u00e7\u00e3o P\u00fablica na Funda\u00e7\u00e3o Jo\u00e3o Pinheiro], sob a orienta\u00e7\u00e3o de Bruno Lazzarotti [pesquisador na Funda\u00e7\u00e3o Jo\u00e3o Pinheiro]<\/em><\/p>\t\t\t\t\t\t\t\t<\/div>\n\t\t\t\t<\/div>\n\t\t\t\t\t<\/div>\n\t\t<\/div>\n\t\t\t\t\t<\/div>\n\t\t<\/section>\n\t\t\t\t<\/div>\n\t\t","protected":false},"excerpt":{"rendered":"<p>Para saber mais sobre a desigualdade pol\u00edtica no Brasil, acesse o Boletim n\u00ba 10: Pol\u00edtica, participa\u00e7\u00e3o, desigualdade. E o que podemos fazer a respeito.\u00a0 Autora: Lu\u00edsa Filizzola [graduanda em Administra\u00e7\u00e3o P\u00fablica na Funda\u00e7\u00e3o Jo\u00e3o Pinheiro], sob a orienta\u00e7\u00e3o de Bruno Lazzarotti [pesquisador na Funda\u00e7\u00e3o Jo\u00e3o Pinheiro]<\/p>\n","protected":false},"author":2,"featured_media":1175,"comment_status":"open","ping_status":"open","sticky":false,"template":"","format":"standard","meta":{"ocean_post_layout":"","ocean_both_sidebars_style":"","ocean_both_sidebars_content_width":0,"ocean_both_sidebars_sidebars_width":0,"ocean_sidebar":"0","ocean_second_sidebar":"0","ocean_disable_margins":"enable","ocean_add_body_class":"","ocean_shortcode_before_top_bar":"","ocean_shortcode_after_top_bar":"","ocean_shortcode_before_header":"","ocean_shortcode_after_header":"","ocean_has_shortcode":"","ocean_shortcode_after_title":"","ocean_shortcode_before_footer_widgets":"","ocean_shortcode_after_footer_widgets":"","ocean_shortcode_before_footer_bottom":"","ocean_shortcode_after_footer_bottom":"","ocean_display_top_bar":"default","ocean_display_header":"default","ocean_header_style":"","ocean_center_header_left_menu":"0","ocean_custom_header_template":"0","ocean_custom_logo":0,"ocean_custom_retina_logo":0,"ocean_custom_logo_max_width":0,"ocean_custom_logo_tablet_max_width":0,"ocean_custom_logo_mobile_max_width":0,"ocean_custom_logo_max_height":0,"ocean_custom_logo_tablet_max_height":0,"ocean_custom_logo_mobile_max_height":0,"ocean_header_custom_menu":"0","ocean_menu_typo_font_family":"0","ocean_menu_typo_font_subset":"","ocean_menu_typo_font_size":0,"ocean_menu_typo_font_size_tablet":0,"ocean_menu_typo_font_size_mobile":0,"ocean_menu_typo_font_size_unit":"px","ocean_menu_typo_font_weight":"","ocean_menu_typo_font_weight_tablet":"","ocean_menu_typo_font_weight_mobile":"","ocean_menu_typo_transform":"","ocean_menu_typo_transform_tablet":"","ocean_menu_typo_transform_mobile":"","ocean_menu_typo_line_height":0,"ocean_menu_typo_line_height_tablet":0,"ocean_menu_typo_line_height_mobile":0,"ocean_menu_typo_line_height_unit":"","ocean_menu_typo_spacing":0,"ocean_menu_typo_spacing_tablet":0,"ocean_menu_typo_spacing_mobile":0,"ocean_menu_typo_spacing_unit":"","ocean_menu_link_color":"","ocean_menu_link_color_hover":"","ocean_menu_link_color_active":"","ocean_menu_link_background":"","ocean_menu_link_hover_background":"","ocean_menu_link_active_background":"","ocean_menu_social_links_bg":"","ocean_menu_social_hover_links_bg":"","ocean_menu_social_links_color":"","ocean_menu_social_hover_links_color":"","ocean_disable_title":"default","ocean_disable_heading":"default","ocean_post_title":"","ocean_post_subheading":"","ocean_post_title_style":"","ocean_post_title_background_color":"","ocean_post_title_background":0,"ocean_post_title_bg_image_position":"","ocean_post_title_bg_image_attachment":"","ocean_post_title_bg_image_repeat":"","ocean_post_title_bg_image_size":"","ocean_post_title_height":0,"ocean_post_title_bg_overlay":0.5,"ocean_post_title_bg_overlay_color":"","ocean_disable_breadcrumbs":"default","ocean_breadcrumbs_color":"","ocean_breadcrumbs_separator_color":"","ocean_breadcrumbs_links_color":"","ocean_breadcrumbs_links_hover_color":"","ocean_display_footer_widgets":"default","ocean_display_footer_bottom":"default","ocean_custom_footer_template":"0","ocean_post_oembed":"","ocean_post_self_hosted_media":"","ocean_post_video_embed":"","ocean_link_format":"","ocean_link_format_target":"self","ocean_quote_format":"","ocean_quote_format_link":"post","ocean_gallery_link_images":"off","ocean_gallery_id":[],"footnotes":""},"categories":[1],"tags":[],"class_list":["post-1174","post","type-post","status-publish","format-standard","has-post-thumbnail","hentry","category-analise","entry","has-media"],"_links":{"self":[{"href":"https:\/\/observatoriodesigualdades.fjp.mg.gov.br\/index.php?rest_route=\/wp\/v2\/posts\/1174","targetHints":{"allow":["GET"]}}],"collection":[{"href":"https:\/\/observatoriodesigualdades.fjp.mg.gov.br\/index.php?rest_route=\/wp\/v2\/posts"}],"about":[{"href":"https:\/\/observatoriodesigualdades.fjp.mg.gov.br\/index.php?rest_route=\/wp\/v2\/types\/post"}],"author":[{"embeddable":true,"href":"https:\/\/observatoriodesigualdades.fjp.mg.gov.br\/index.php?rest_route=\/wp\/v2\/users\/2"}],"replies":[{"embeddable":true,"href":"https:\/\/observatoriodesigualdades.fjp.mg.gov.br\/index.php?rest_route=%2Fwp%2Fv2%2Fcomments&post=1174"}],"version-history":[{"count":4,"href":"https:\/\/observatoriodesigualdades.fjp.mg.gov.br\/index.php?rest_route=\/wp\/v2\/posts\/1174\/revisions"}],"predecessor-version":[{"id":1181,"href":"https:\/\/observatoriodesigualdades.fjp.mg.gov.br\/index.php?rest_route=\/wp\/v2\/posts\/1174\/revisions\/1181"}],"wp:featuredmedia":[{"embeddable":true,"href":"https:\/\/observatoriodesigualdades.fjp.mg.gov.br\/index.php?rest_route=\/wp\/v2\/media\/1175"}],"wp:attachment":[{"href":"https:\/\/observatoriodesigualdades.fjp.mg.gov.br\/index.php?rest_route=%2Fwp%2Fv2%2Fmedia&parent=1174"}],"wp:term":[{"taxonomy":"category","embeddable":true,"href":"https:\/\/observatoriodesigualdades.fjp.mg.gov.br\/index.php?rest_route=%2Fwp%2Fv2%2Fcategories&post=1174"},{"taxonomy":"post_tag","embeddable":true,"href":"https:\/\/observatoriodesigualdades.fjp.mg.gov.br\/index.php?rest_route=%2Fwp%2Fv2%2Ftags&post=1174"}],"curies":[{"name":"wp","href":"https:\/\/api.w.org\/{rel}","templated":true}]}}