{"id":2178,"date":"2021-12-01T12:32:53","date_gmt":"2021-12-01T12:32:53","guid":{"rendered":"https:\/\/observatoriodesigualdades.fjp.mg.gov.br\/?p=2178"},"modified":"2021-12-03T20:35:56","modified_gmt":"2021-12-03T20:35:56","slug":"o-fim-do-bolsa-familia-incertezas-sobre-a-protecao-social-no-brasil","status":"publish","type":"post","link":"https:\/\/observatoriodesigualdades.fjp.mg.gov.br\/?p=2178","title":{"rendered":"O Fim do Bolsa Fam\u00edlia: Incertezas sobre a Prote\u00e7\u00e3o Social no Brasil"},"content":{"rendered":"\t\t<div data-elementor-type=\"wp-post\" data-elementor-id=\"2178\" class=\"elementor elementor-2178\">\n\t\t\t\t\t\t<section class=\"elementor-section elementor-top-section elementor-element elementor-element-ed18870 elementor-section-boxed elementor-section-height-default elementor-section-height-default\" data-id=\"ed18870\" data-element_type=\"section\" data-e-type=\"section\">\n\t\t\t\t\t\t<div class=\"elementor-container elementor-column-gap-default\">\n\t\t\t\t\t<div class=\"elementor-column elementor-col-100 elementor-top-column elementor-element elementor-element-830f07a\" data-id=\"830f07a\" data-element_type=\"column\" data-e-type=\"column\">\n\t\t\t<div class=\"elementor-widget-wrap elementor-element-populated\">\n\t\t\t\t\t\t<div class=\"elementor-element elementor-element-b15a2fb elementor-widget elementor-widget-text-editor\" data-id=\"b15a2fb\" data-element_type=\"widget\" data-e-type=\"widget\" data-widget_type=\"text-editor.default\">\n\t\t\t\t<div class=\"elementor-widget-container\">\n\t\t\t\t\t\t\t\t\t<p><span style=\"font-weight: 400;\">Ap\u00f3s quase 18 anos de combate \u00e0 pobreza, \u00e0 mis\u00e9ria e \u00e0s desigualdades, o Programa Bolsa Fam\u00edlia (PBF) vem sendo desmontado pelo governo Bolsonaro, com a redu\u00e7\u00e3o de recursos, o aumento da fila de espera e, de modo ainda mais ofensivo, a cria\u00e7\u00e3o do Aux\u00edlio Brasil, pela Medida Provis\u00f3ria 1061 (1), que revoga o programa. O ataque \u00e0 prote\u00e7\u00e3o social coloca em risco todas as conquistas e o desenvolvimento promovidos pelo Bolsa Fam\u00edlia, envolvendo desde a sa\u00fade e a educa\u00e7\u00e3o at\u00e9 a seguran\u00e7a alimentar da popula\u00e7\u00e3o.\u00a0<\/span><\/p><p><span style=\"font-weight: 400;\">Criado no governo Lula, em 2003, o Bolsa Fam\u00edlia unificou programas de transfer\u00eancia de renda, chegando a atender, em 2020, mais de 14 milh\u00f5es de fam\u00edlias. Desde ent\u00e3o, mais de 3,4 milh\u00f5es de pessoas conseguiram deixar a pobreza extrema e 3,2 milh\u00f5es sa\u00edram da pobreza, de acordo com dados de 2017 do Instituto de Pesquisa Econ\u00f4mica Aplicada (2). A evidente redu\u00e7\u00e3o da pobreza com o PBF est\u00e1 descrita nos gr\u00e1ficos abaixo, que comparam as taxas de pobreza com e sem as transfer\u00eancias do programa para as linhas de R$89,00 e R$178,00 per capita, respectivamente, de 2001 a 2017.<\/span><\/p><p>\u00a0<\/p><p style=\"text-align: center;\"><span style=\"font-weight: 400;\">Gr\u00e1ficos 1 e 2 &#8211; Taxas de pobreza com e sem as transfer\u00eancias do PBF para as linhas de pobreza de R$89,00 e R$178,00 per capita em reais de 2018 (%) &#8211; Brasil, 2001\/2017<\/span><\/p>\t\t\t\t\t\t\t\t<\/div>\n\t\t\t\t<\/div>\n\t\t\t\t<div class=\"elementor-element elementor-element-c05b15e elementor-widget elementor-widget-image\" data-id=\"c05b15e\" data-element_type=\"widget\" data-e-type=\"widget\" data-widget_type=\"image.default\">\n\t\t\t\t<div class=\"elementor-widget-container\">\n\t\t\t\t\t\t\t\t\t\t\t\t\t\t\t<img fetchpriority=\"high\" decoding=\"async\" width=\"479\" height=\"318\" src=\"https:\/\/observatoriodesigualdades.fjp.mg.gov.br\/wp-content\/uploads\/2021\/12\/bf1.png\" class=\"attachment-large size-large wp-image-2181\" alt=\"\" srcset=\"https:\/\/observatoriodesigualdades.fjp.mg.gov.br\/wp-content\/uploads\/2021\/12\/bf1.png 479w, https:\/\/observatoriodesigualdades.fjp.mg.gov.br\/wp-content\/uploads\/2021\/12\/bf1-300x199.png 300w\" sizes=\"(max-width: 479px) 100vw, 479px\" \/>\t\t\t\t\t\t\t\t\t\t\t\t\t\t\t<\/div>\n\t\t\t\t<\/div>\n\t\t\t\t<div class=\"elementor-element elementor-element-7d75a61 elementor-widget elementor-widget-image\" data-id=\"7d75a61\" data-element_type=\"widget\" data-e-type=\"widget\" data-widget_type=\"image.default\">\n\t\t\t\t<div class=\"elementor-widget-container\">\n\t\t\t\t\t\t\t\t\t\t\t\t\t\t\t<img decoding=\"async\" width=\"478\" height=\"367\" src=\"https:\/\/observatoriodesigualdades.fjp.mg.gov.br\/wp-content\/uploads\/2021\/12\/bf2.png\" class=\"attachment-large size-large wp-image-2182\" alt=\"\" srcset=\"https:\/\/observatoriodesigualdades.fjp.mg.gov.br\/wp-content\/uploads\/2021\/12\/bf2.png 478w, https:\/\/observatoriodesigualdades.fjp.mg.gov.br\/wp-content\/uploads\/2021\/12\/bf2-300x230.png 300w\" sizes=\"(max-width: 478px) 100vw, 478px\" \/>\t\t\t\t\t\t\t\t\t\t\t\t\t\t\t<\/div>\n\t\t\t\t<\/div>\n\t\t\t\t<div class=\"elementor-element elementor-element-fba5c48 elementor-widget elementor-widget-text-editor\" data-id=\"fba5c48\" data-element_type=\"widget\" data-e-type=\"widget\" data-widget_type=\"text-editor.default\">\n\t\t\t\t<div class=\"elementor-widget-container\">\n\t\t\t\t\t\t\t\t\t<p style=\"text-align: center;\"><span style=\"font-weight: 400;\">Fonte: Os efeitos do Programa Bolsa Fam\u00edlia sobre a pobreza e a desigualdade: um balan\u00e7o dos primeiros 15 anos. Pedro H. G. Ferreira de Souza <\/span><i><span style=\"font-weight: 400;\">et al<\/span><\/i><span style=\"font-weight: 400;\">. Enap, 2018. Dispon\u00edvel em: &lt;https:\/\/repositorio.enap.gov.br\/handle\/1\/364&gt;. Acesso em: 12 nov. 2021.<\/span><\/p><p>\u00a0<\/p><p><span style=\"font-weight: 400;\">Outro resultado positivo do Bolsa Fam\u00edlia foi a redu\u00e7\u00e3o da mortalidade infantil em 16% entre 2006 e 2015, apontada no estudo liderado pelas pesquisadoras Dandara Ramos e N\u00edvea Bispo da Silva (2). Em fam\u00edlias com m\u00e3es negras, a redu\u00e7\u00e3o chega a 26% e, ainda, nos munic\u00edpios mais pobres, chega a 28%. A diminui\u00e7\u00e3o da inseguran\u00e7a alimentar tamb\u00e9m explicita os efeitos positivos do programa na sa\u00fade: uma pesquisa realizada pelo Instituto Brasileiro de An\u00e1lises Sociais e Econ\u00f4micas (IBASE) com 5 mil benefici\u00e1rios mostra que, em 2007, 87% deles gastavam o valor do benef\u00edcio em alimentos.\u00a0<\/span><\/p><p><span style=\"font-weight: 400;\">Ademais, com a condicionante da frequ\u00eancia escolar, que garantia um valor adicional, aumentou a participa\u00e7\u00e3o escolar das meninas em 8%, de acordo com uma an\u00e1lise de 11 mil fam\u00edlias entre 2005 e 2009, mostrando tamb\u00e9m uma poss\u00edvel redu\u00e7\u00e3o no tempo gasto por elas em tarefas dom\u00e9sticas (2). Al\u00e9m da desigualdade de g\u00eanero, a desigualdade de renda regional tamb\u00e9m foi reduzida pelo programa, na medida em que h\u00e1 um maior n\u00famero de benefici\u00e1rios nas regi\u00f5es mais pobres do pa\u00eds &#8211; Norte e Nordeste. Ainda na economia, de acordo com o estudo dos pesquisadores Marcelo Neri, Fabio Monteiro Vaz e Pedro Herculano de Souza (2), o programa de transfer\u00eancia de renda impacta positivamente o PIB, aumentando o consumo e, consequentemente, movimentando a economia. Com isso, o PBF teve papel fundamental tamb\u00e9m na redu\u00e7\u00e3o da desigualdade medida pelo coeficiente de gini. De acordo com o gr\u00e1fico 3, divulgado pela Enap (Escola Nacional de Administra\u00e7\u00e3o P\u00fablica), a compara\u00e7\u00e3o do indicador com e sem as transfer\u00eancias do Bolsa Fam\u00edlia aponta uma diminui\u00e7\u00e3o da concentra\u00e7\u00e3o de renda ap\u00f3s o benef\u00edcio.\u00a0<\/span><\/p><p>\u00a0<\/p><p style=\"text-align: center;\"><span style=\"font-weight: 400;\">Gr\u00e1fico 3 &#8211; Coeficientes de Gini com e sem as transfer\u00eancias do PBF &#8211; Brasil, 2001\/2017<\/span><\/p>\t\t\t\t\t\t\t\t<\/div>\n\t\t\t\t<\/div>\n\t\t\t\t<div class=\"elementor-element elementor-element-cacbe49 elementor-widget elementor-widget-image\" data-id=\"cacbe49\" data-element_type=\"widget\" data-e-type=\"widget\" data-widget_type=\"image.default\">\n\t\t\t\t<div class=\"elementor-widget-container\">\n\t\t\t\t\t\t\t\t\t\t\t\t\t\t\t<img decoding=\"async\" width=\"471\" height=\"321\" src=\"https:\/\/observatoriodesigualdades.fjp.mg.gov.br\/wp-content\/uploads\/2021\/12\/bf3.png\" class=\"attachment-large size-large wp-image-2183\" alt=\"\" srcset=\"https:\/\/observatoriodesigualdades.fjp.mg.gov.br\/wp-content\/uploads\/2021\/12\/bf3.png 471w, https:\/\/observatoriodesigualdades.fjp.mg.gov.br\/wp-content\/uploads\/2021\/12\/bf3-300x204.png 300w\" sizes=\"(max-width: 471px) 100vw, 471px\" \/>\t\t\t\t\t\t\t\t\t\t\t\t\t\t\t<\/div>\n\t\t\t\t<\/div>\n\t\t\t\t<div class=\"elementor-element elementor-element-703b0c8 elementor-widget elementor-widget-text-editor\" data-id=\"703b0c8\" data-element_type=\"widget\" data-e-type=\"widget\" data-widget_type=\"text-editor.default\">\n\t\t\t\t<div class=\"elementor-widget-container\">\n\t\t\t\t\t\t\t\t\t<p style=\"text-align: center;\"><span style=\"font-weight: 400;\">Fonte: Os efeitos do Programa Bolsa Fam\u00edlia sobre a pobreza e a desigualdade: um balan\u00e7o dos primeiros 15 anos. Pedro H. G. Ferreira de Souza <\/span><i><span style=\"font-weight: 400;\">et al<\/span><\/i><span style=\"font-weight: 400;\">. Enap, 2018. Dispon\u00edvel em: &lt;https:\/\/repositorio.enap.gov.br\/handle\/1\/364&gt;. Acesso em: 12 nov. 2021.<\/span><\/p><p>\u00a0<\/p><p><span style=\"font-weight: 400;\">No caminho contr\u00e1rio aos resultados positivos do Bolsa Fam\u00edlia, a proposta do atual governo representa um retrocesso ao momento anterior a 2003, marcado pela fragmenta\u00e7\u00e3o dos benef\u00edcios sociais. Isso est\u00e1 presente no desenho do Aux\u00edlio Brasil, que enfraquece as condicionantes de sa\u00fade e educa\u00e7\u00e3o, adotando nove benef\u00edcios diferentes, al\u00e9m de desconsiderar a necessidade de integra\u00e7\u00e3o das a\u00e7\u00f5es (3)<\/span><span style=\"font-weight: 400;\">. O retrocesso tamb\u00e9m transparece na medida em que o aux\u00edlio enfraquece as possibilidades de acompanhamento local e de intera\u00e7\u00e3o pessoal, desumanizando o atendimento aos benefici\u00e1rios, a partir da utiliza\u00e7\u00e3o de aplicativos para cadastramento e renova\u00e7\u00e3o. Essa a\u00e7\u00e3o enfraquece o Cad\u00danico, uma base de dados que aponta potenciais benefici\u00e1rios de programas sociais, permitindo a identifica\u00e7\u00e3o de fam\u00edlias e grupos em situa\u00e7\u00e3o de vulnerabilidade e de pobreza. Ao contr\u00e1rio do Cad\u00danico &#8211; que \u00e9 alimentado por equipes nos governos municipais, tornando-se fundamental para a colabora\u00e7\u00e3o entre o governo federal, os estados e os munic\u00edpios nos programas sociais &#8211; essa mudan\u00e7a centraliza o processo no governo federal (<\/span><span style=\"font-weight: 400;\">7)<\/span><span style=\"font-weight: 400;\">. O uso de aplicativos para o cadastro tamb\u00e9m prejudica a parcela da popula\u00e7\u00e3o que n\u00e3o possui acesso \u00e0s tecnologias necess\u00e1rias para tal.\u00a0<\/span><\/p><p><span style=\"font-weight: 400;\">Al\u00e9m das desvantagens pr\u00e1ticas, o novo programa busca uma l\u00f3gica de \u201cincentivo ao esfor\u00e7o individual\u201d (<\/span><span style=\"font-weight: 400;\">3)<\/span><span style=\"font-weight: 400;\">, afastando a responsabilidade do Estado no combate \u00e0 pobreza, de acordo com a ideia meritocr\u00e1tica contr\u00e1ria \u00e0 no\u00e7\u00e3o da \u201cpobreza como uma quest\u00e3o pol\u00edtica e coletiva\u201d (3)<\/span><span style=\"font-weight: 400;\">. Nesse sentido, Sordi (2021) defende que \u201cn\u00e3o h\u00e1 esfor\u00e7o individual suficiente em meio ao desemprego, \u00e0 carestia e \u00e0 pobreza provocados sistematicamente por escolhas pol\u00edtico-econ\u00f4micas que minam o acesso aos direitos sociais\u201d (3)<\/span><span style=\"font-weight: 400;\">.\u00a0<\/span><\/p><p><span style=\"font-weight: 400;\">Al\u00e9m da inconsist\u00eancia e da falta de participa\u00e7\u00e3o da sociedade civil na elabora\u00e7\u00e3o do programa, os recursos necess\u00e1rios para a implementa\u00e7\u00e3o, com benef\u00edcio no valor de R$400,00 para 17 milh\u00f5es de fam\u00edlias, n\u00e3o levam em considera\u00e7\u00e3o a sustentabilidade fiscal do Aux\u00edlio Brasil, a partir de uma aparente intencionalidade eleitoral (7)<\/span><span style=\"font-weight: 400;\">. O valor de R$84,7 bilh\u00f5es ultrapassa em R$50 bilh\u00f5es o or\u00e7amento destinado ao Bolsa Fam\u00edlia, diferen\u00e7a que seria obtida a partir do adiamento do pagamento de parte dos precat\u00f3rios de 2022<\/span><span style=\"font-weight: 400;\">4<\/span><span style=\"font-weight: 400;\">, proposto pela PEC dos precat\u00f3rios, j\u00e1 aprovada em segundo turno pela C\u00e2mara dos Deputados. Foram apontadas irregularidades na vota\u00e7\u00e3o, visto que o presidente Arthur Lira (PP-AL) permitiu a participa\u00e7\u00e3o \u00e0 dist\u00e2ncia de deputados afastados<\/span><span style=\"font-weight: 400;\">5<\/span><span style=\"font-weight: 400;\">. De acordo com a Ordem dos Advogados do Brasil (OAB), a medida \u00e9 inconstitucional e representa uma nova tentativa de calote nos brasileiros (5)<\/span><span style=\"font-weight: 400;\">.<\/span><\/p><p><span style=\"font-weight: 400;\">Esse desmonte do Bolsa Fam\u00edlia n\u00e3o se apresenta como uma pol\u00edtica isolada do governo, mas como continuidade do enfraquecimento da prote\u00e7\u00e3o social no Brasil durante os \u00faltimos cinco anos. Com isso, a fome, combatida pelo Bolsa Fam\u00edlia, volta a crescer no pa\u00eds, como representado no gr\u00e1fico abaixo, que mostra a evolu\u00e7\u00e3o do percentual de domic\u00edlios em situa\u00e7\u00e3o de inseguran\u00e7a alimentar.<\/span><\/p><p>\u00a0<\/p><p style=\"text-align: center;\"><span style=\"font-weight: 400;\">Gr\u00e1fico 4 &#8211; Percentual de domic\u00edlios em situa\u00e7\u00e3o de inseguran\u00e7a alimentar entre 2004 e 2020<\/span><\/p>\t\t\t\t\t\t\t\t<\/div>\n\t\t\t\t<\/div>\n\t\t\t\t<div class=\"elementor-element elementor-element-b0073a1 elementor-widget elementor-widget-image\" data-id=\"b0073a1\" data-element_type=\"widget\" data-e-type=\"widget\" data-widget_type=\"image.default\">\n\t\t\t\t<div class=\"elementor-widget-container\">\n\t\t\t\t\t\t\t\t\t\t\t\t\t\t\t<img loading=\"lazy\" decoding=\"async\" width=\"421\" height=\"309\" src=\"https:\/\/observatoriodesigualdades.fjp.mg.gov.br\/wp-content\/uploads\/2021\/12\/bf4.png\" class=\"attachment-large size-large wp-image-2180\" alt=\"\" srcset=\"https:\/\/observatoriodesigualdades.fjp.mg.gov.br\/wp-content\/uploads\/2021\/12\/bf4.png 421w, https:\/\/observatoriodesigualdades.fjp.mg.gov.br\/wp-content\/uploads\/2021\/12\/bf4-300x220.png 300w\" sizes=\"(max-width: 421px) 100vw, 421px\" \/>\t\t\t\t\t\t\t\t\t\t\t\t\t\t\t<\/div>\n\t\t\t\t<\/div>\n\t\t\t\t<div class=\"elementor-element elementor-element-22a9e3c elementor-widget elementor-widget-text-editor\" data-id=\"22a9e3c\" data-element_type=\"widget\" data-e-type=\"widget\" data-widget_type=\"text-editor.default\">\n\t\t\t\t<div class=\"elementor-widget-container\">\n\t\t\t\t\t\t\t\t\t<p style=\"text-align: center;\"><span style=\"font-weight: 400;\">Fonte: Texto produzido por Carla Bronzo da EG\/FJP<\/span><\/p><p>\u00a0<\/p><p><span style=\"font-weight: 400;\">\u00a0Assim, o cen\u00e1rio de incertezas e de inseguran\u00e7a cresce, principalmente, para a parcela mais pobre da popula\u00e7\u00e3o, no momento em que 19 milh\u00f5es de brasileiros passam fome (6)<\/span><span style=\"font-weight: 400;\">.\u00a0<\/span><\/p><p>\u00a0<\/p><p><span style=\"font-weight: 400;\"><strong>Autora: Anna Clara Mattos, aluna da Escola de Governo da Funda\u00e7\u00e3o Jo\u00e3o Pinheiro e extensionista do Observat\u00f3rio das Desigualdades, sob a orienta\u00e7\u00e3o de Carla Bronzo e Bruno Lazzarotti.\u00a0<\/strong>\u00a0<\/span><\/p><p>\u00a0<\/p><p><span style=\"font-weight: 400;\">*O Observat\u00f3rio das Desigualdades \u00e9 um projeto de extens\u00e3o. O conte\u00fado e as opini\u00f5es expressas n\u00e3o refletem necessariamente o posicionamento da Funda\u00e7\u00e3o Jo\u00e3o Pinheiro ou do CORECON \u2013 MG.<\/span><\/p><p>\u00a0<\/p><p><b>Refer\u00eancias<\/b><\/p><p><span style=\"font-weight: 400;\"> (1) RACANICCI, Jamile. MP do Aux\u00edlio Brasil revoga Bolsa Fam\u00edlia em novembro; t\u00e9cnicos apontam risco ao benef\u00edcio. G1, Bras\u00edlia, 28 out. 2021. Dispon\u00edvel em: &lt;https:\/\/g1.globo.com\/economia\/noticia\/2021\/10\/28\/mp-do-auxilio-brasil-revoga-bolsa-familia-em-novembro-tecnicos-apontam-risco-ao-beneficio.ghtml&gt;. Acesso em: 05 nov. 2021.<\/span><\/p><p><span style=\"font-weight: 400;\">(2) CARRAN\u00c7A, Thais. 8 dados que mostram impacto do Bolsa Fam\u00edlia, que chega ao fim ap\u00f3s 18 anos. BBC News Brasil, S\u00e3o Paulo, 29 out. 2021. Dispon\u00edvel em: &lt;https:\/\/www.bbc.com\/portuguese\/brasil-59099166&gt;. Acesso em: 05 nov. 2021.<\/span><\/p><p><span style=\"font-weight: 400;\">(3) SORDI, Denise. Aux\u00edlio Brasil \u00e9 um retrocesso que corr\u00f3i rede de prote\u00e7\u00e3o social. Folha de S\u00e3o Paulo, 23 out. 2021. Dispon\u00edvel em: &lt;https:\/\/www1.folha.uol.com.br\/ilustrissima\/2021\/10\/auxilio-brasil-e-um-retrocesso-que-corroi-rede-de-protecao-social.shtml&gt;. Acesso em: 05 nov. 2021.<\/span><\/p><p><span style=\"font-weight: 400;\">(4) CASTRO, Fabr\u00edcio. PEC dos precat\u00f3rios dar\u00e1 R$ 91,6 bi para o governo gastar, diz minist\u00e9rio. UOL, Bras\u00edlia, 29 out. 2021. Dispon\u00edvel em: &lt;https:\/\/economia.uol.com.br\/noticias\/redacao\/2021\/10\/29\/economia-diz-que-espaco-fiscal-do-pec-dos-precatorios-sera-de-r-916-bi.htm&gt;. Acesso em: 07 nov. 2021.<\/span><\/p><p><span style=\"font-weight: 400;\">(5) Maia vai ao STF e pede suspens\u00e3o imediata da PEC dos Precat\u00f3rios. UOL, S\u00e3o Paulo, 07 nov. 2021. Dispon\u00edvel em: &lt;https:\/\/economia.uol.com.br\/noticias\/redacao\/2021\/11\/07\/maia-stf-pec-dos-precatorios.htm&gt;. Acesso em: 07 nov. 2021.<\/span><\/p><p><span style=\"font-weight: 400;\">(6) TREVISAN, Maria Carolina. Desumanizado, Aux\u00edlio Brasil desmonta Bolsa Fam\u00edlia e exclui munic\u00edpios. Dispon\u00edvel em: &lt;https:\/\/noticias.uol.com.br\/colunas\/maria-carolina-trevisan\/2021\/10\/21\/bolsa-familia-auxilio-brasil.htm?cmpid=copiaecola&gt;. Acesso em: 05 nov. 2021.<\/span><\/p><p><span style=\"font-weight: 400;\">(7) BRONZO, Carla et al. Aux\u00edlio Brasil n\u00e3o \u00e9 um Bolsa Fam\u00edlia melhorado: um salto no abismo e o desmonte da prote\u00e7\u00e3o social no Brasil. Estad\u00e3o, 03 nov. 2021. Dispon\u00edvel em: &lt;https:\/\/politica.estadao.com.br\/blogs\/gestao-politica-e-sociedade\/auxilio-brasil-nao-e-o-bolsa-familia-melhorado-um-salto-no-abismo-e-o-desmonte-da-protecao-social-no-brasil\/&gt;. Acesso em: 12 nov. 2021<\/span><\/p><p><span style=\"font-weight: 400;\">\u00a0<\/span><\/p><p><b>FOTO DA CAPA<\/b><span style=\"font-weight: 400;\">: retirado de reportagem do Correio Braziliense, como segue a refer\u00eancia abaixo<\/span><\/p><p><span style=\"font-size: 15px; font-weight: 400; color: var( --e-global-color-text );\">NOVO Bolsa Fam\u00edlia: entenda como funcionar\u00e1 o novo aux\u00edlio social do governo. <strong>Correio Braziliense<\/strong>, Bras\u00edlia, 09 de ago. de 2021. Dispon\u00edvel em: &lt;https:\/\/www.correiobraziliense.com.br\/politica\/2021\/08\/4942647-novo-bolsa-familia-entenda-como-funcionara-o-novo-auxilio-social-do-governo.html&gt;. Acesso em 03 de dez. de 2021.\u00a0<\/span><\/p>\t\t\t\t\t\t\t\t<\/div>\n\t\t\t\t<\/div>\n\t\t\t\t\t<\/div>\n\t\t<\/div>\n\t\t\t\t\t<\/div>\n\t\t<\/section>\n\t\t\t\t<\/div>\n\t\t","protected":false},"excerpt":{"rendered":"<p>Ap\u00f3s quase 18 anos de combate \u00e0 pobreza, \u00e0 mis\u00e9ria e \u00e0s desigualdades, o Programa Bolsa Fam\u00edlia (PBF) vem sendo desmontado pelo governo Bolsonaro, com a redu\u00e7\u00e3o de recursos, o aumento da fila de espera e, de modo ainda mais ofensivo, a cria\u00e7\u00e3o do Aux\u00edlio Brasil, pela Medida Provis\u00f3ria 1061 (1), que revoga o programa. [&hellip;]<\/p>\n","protected":false},"author":2,"featured_media":2201,"comment_status":"open","ping_status":"open","sticky":false,"template":"","format":"standard","meta":{"ocean_post_layout":"","ocean_both_sidebars_style":"","ocean_both_sidebars_content_width":0,"ocean_both_sidebars_sidebars_width":0,"ocean_sidebar":"","ocean_second_sidebar":"","ocean_disable_margins":"enable","ocean_add_body_class":"","ocean_shortcode_before_top_bar":"","ocean_shortcode_after_top_bar":"","ocean_shortcode_before_header":"","ocean_shortcode_after_header":"","ocean_has_shortcode":"","ocean_shortcode_after_title":"","ocean_shortcode_before_footer_widgets":"","ocean_shortcode_after_footer_widgets":"","ocean_shortcode_before_footer_bottom":"","ocean_shortcode_after_footer_bottom":"","ocean_display_top_bar":"default","ocean_display_header":"default","ocean_header_style":"","ocean_center_header_left_menu":"","ocean_custom_header_template":"","ocean_custom_logo":0,"ocean_custom_retina_logo":0,"ocean_custom_logo_max_width":0,"ocean_custom_logo_tablet_max_width":0,"ocean_custom_logo_mobile_max_width":0,"ocean_custom_logo_max_height":0,"ocean_custom_logo_tablet_max_height":0,"ocean_custom_logo_mobile_max_height":0,"ocean_header_custom_menu":"","ocean_menu_typo_font_family":"","ocean_menu_typo_font_subset":"","ocean_menu_typo_font_size":0,"ocean_menu_typo_font_size_tablet":0,"ocean_menu_typo_font_size_mobile":0,"ocean_menu_typo_font_size_unit":"px","ocean_menu_typo_font_weight":"","ocean_menu_typo_font_weight_tablet":"","ocean_menu_typo_font_weight_mobile":"","ocean_menu_typo_transform":"","ocean_menu_typo_transform_tablet":"","ocean_menu_typo_transform_mobile":"","ocean_menu_typo_line_height":0,"ocean_menu_typo_line_height_tablet":0,"ocean_menu_typo_line_height_mobile":0,"ocean_menu_typo_line_height_unit":"","ocean_menu_typo_spacing":0,"ocean_menu_typo_spacing_tablet":0,"ocean_menu_typo_spacing_mobile":0,"ocean_menu_typo_spacing_unit":"","ocean_menu_link_color":"","ocean_menu_link_color_hover":"","ocean_menu_link_color_active":"","ocean_menu_link_background":"","ocean_menu_link_hover_background":"","ocean_menu_link_active_background":"","ocean_menu_social_links_bg":"","ocean_menu_social_hover_links_bg":"","ocean_menu_social_links_color":"","ocean_menu_social_hover_links_color":"","ocean_disable_title":"default","ocean_disable_heading":"default","ocean_post_title":"","ocean_post_subheading":"","ocean_post_title_style":"","ocean_post_title_background_color":"","ocean_post_title_background":0,"ocean_post_title_bg_image_position":"","ocean_post_title_bg_image_attachment":"","ocean_post_title_bg_image_repeat":"","ocean_post_title_bg_image_size":"","ocean_post_title_height":0,"ocean_post_title_bg_overlay":0.5,"ocean_post_title_bg_overlay_color":"","ocean_disable_breadcrumbs":"default","ocean_breadcrumbs_color":"","ocean_breadcrumbs_separator_color":"","ocean_breadcrumbs_links_color":"","ocean_breadcrumbs_links_hover_color":"","ocean_display_footer_widgets":"default","ocean_display_footer_bottom":"default","ocean_custom_footer_template":"","ocean_post_oembed":"","ocean_post_self_hosted_media":"","ocean_post_video_embed":"","ocean_link_format":"","ocean_link_format_target":"self","ocean_quote_format":"","ocean_quote_format_link":"post","ocean_gallery_link_images":"on","ocean_gallery_id":[],"footnotes":""},"categories":[1],"tags":[],"class_list":["post-2178","post","type-post","status-publish","format-standard","has-post-thumbnail","hentry","category-analise","entry","has-media"],"_links":{"self":[{"href":"https:\/\/observatoriodesigualdades.fjp.mg.gov.br\/index.php?rest_route=\/wp\/v2\/posts\/2178","targetHints":{"allow":["GET"]}}],"collection":[{"href":"https:\/\/observatoriodesigualdades.fjp.mg.gov.br\/index.php?rest_route=\/wp\/v2\/posts"}],"about":[{"href":"https:\/\/observatoriodesigualdades.fjp.mg.gov.br\/index.php?rest_route=\/wp\/v2\/types\/post"}],"author":[{"embeddable":true,"href":"https:\/\/observatoriodesigualdades.fjp.mg.gov.br\/index.php?rest_route=\/wp\/v2\/users\/2"}],"replies":[{"embeddable":true,"href":"https:\/\/observatoriodesigualdades.fjp.mg.gov.br\/index.php?rest_route=%2Fwp%2Fv2%2Fcomments&post=2178"}],"version-history":[{"count":12,"href":"https:\/\/observatoriodesigualdades.fjp.mg.gov.br\/index.php?rest_route=\/wp\/v2\/posts\/2178\/revisions"}],"predecessor-version":[{"id":2205,"href":"https:\/\/observatoriodesigualdades.fjp.mg.gov.br\/index.php?rest_route=\/wp\/v2\/posts\/2178\/revisions\/2205"}],"wp:featuredmedia":[{"embeddable":true,"href":"https:\/\/observatoriodesigualdades.fjp.mg.gov.br\/index.php?rest_route=\/wp\/v2\/media\/2201"}],"wp:attachment":[{"href":"https:\/\/observatoriodesigualdades.fjp.mg.gov.br\/index.php?rest_route=%2Fwp%2Fv2%2Fmedia&parent=2178"}],"wp:term":[{"taxonomy":"category","embeddable":true,"href":"https:\/\/observatoriodesigualdades.fjp.mg.gov.br\/index.php?rest_route=%2Fwp%2Fv2%2Fcategories&post=2178"},{"taxonomy":"post_tag","embeddable":true,"href":"https:\/\/observatoriodesigualdades.fjp.mg.gov.br\/index.php?rest_route=%2Fwp%2Fv2%2Ftags&post=2178"}],"curies":[{"name":"wp","href":"https:\/\/api.w.org\/{rel}","templated":true}]}}