{"id":2390,"date":"2022-03-12T02:42:39","date_gmt":"2022-03-12T02:42:39","guid":{"rendered":"https:\/\/observatoriodesigualdades.fjp.mg.gov.br\/?p=2390"},"modified":"2022-03-12T03:08:12","modified_gmt":"2022-03-12T03:08:12","slug":"retrospectiva-marco-mulher-uma-fantastica-linha-de-producao-sobre-um-fenomeno-nada-fantastico-a-desigualdade-de-genero","status":"publish","type":"post","link":"https:\/\/observatoriodesigualdades.fjp.mg.gov.br\/?p=2390","title":{"rendered":"Retrospectiva Mar\u00e7o Mulher: uma fant\u00e1stica linha de produ\u00e7\u00e3o sobre um fen\u00f4meno nada fant\u00e1stico &#8211; a desigualdade de g\u00eanero"},"content":{"rendered":"\t\t<div data-elementor-type=\"wp-post\" data-elementor-id=\"2390\" class=\"elementor elementor-2390\">\n\t\t\t\t\t\t<section class=\"elementor-section elementor-top-section elementor-element elementor-element-cc6e4d6 elementor-section-boxed elementor-section-height-default elementor-section-height-default\" data-id=\"cc6e4d6\" data-element_type=\"section\" data-e-type=\"section\">\n\t\t\t\t\t\t<div class=\"elementor-container elementor-column-gap-default\">\n\t\t\t\t\t<div class=\"elementor-column elementor-col-100 elementor-top-column elementor-element elementor-element-2095e27\" data-id=\"2095e27\" data-element_type=\"column\" data-e-type=\"column\">\n\t\t\t<div class=\"elementor-widget-wrap elementor-element-populated\">\n\t\t\t\t\t\t<div class=\"elementor-element elementor-element-66a579f elementor-widget elementor-widget-text-editor\" data-id=\"66a579f\" data-element_type=\"widget\" data-e-type=\"widget\" data-widget_type=\"text-editor.default\">\n\t\t\t\t<div class=\"elementor-widget-container\">\n\t\t\t\t\t\t\t\t\t<p><span style=\"font-weight: 400;\">Enaltecer e celebrar o Dia da Mulher \u00e9 louv\u00e1vel. Afinal de contas, a luta tem sido grande ao longo das d\u00e9cadas e merece acolhimento em suas diversas formas: merece, sim, homenagens. Mas, acima de tudo, merece respeito ao g\u00eanero feminino. Os mimos de nada adiantam se n\u00e3o forem acompanhados de uma efetiva demonstra\u00e7\u00e3o de alteridade para com as demandas que, at\u00e9 hoje, afligem as mulheres dos mais diversos lugares ao redor do mundo. Afinal, para que flores se a vida das contempladas \u00e9 tudo menos um mar de rosas?<\/span><\/p><p><span style=\"font-weight: 400;\">O Observat\u00f3rio das Desigualdades produziu, ao longo dos tempos, diversos conte\u00fados voltados \u00e0 tem\u00e1tica da desigualdade de g\u00eanero e dos pontos que podem ser trabalhados para seu enfrentamento, principalmente no caso brasileiro. Seja por meio de podcasts, boletins, v\u00eddeos ou posts, tentamos voltar nosso olhar \u00e0s perspectivas da realidade social que ainda se interp\u00f5em \u00e0 equidade entre os g\u00eaneros e trabalhar essas tem\u00e1ticas da forma mais variada poss\u00edvel.\u00a0<\/span><\/p><p><span style=\"font-weight: 400;\">E nada melhor para fechar nossa semana Mar\u00e7o Mulher que conhecer mais sobre a desigualdade de g\u00eanero, suas facetas e as vias para combat\u00ea-la, concorda? A luta pela equidade de g\u00eanero, afinal, \u00e9 uma pauta n\u00e3o s\u00f3 das mulheres, mas uma tem\u00e1tica cidad\u00e3. Segue aqui o fio pra voc\u00ea maratonar o Observat\u00f3rio e se inteirar do assunto!\u00a0<\/span><\/p><p>\u00a0<\/p><ul><li style=\"font-weight: 400;\" aria-level=\"1\"><span style=\"font-weight: 400;\">Projeto \u201cMar\u00e7o Mulher\u201d<\/span><\/li><\/ul><p><span style=\"font-weight: 400;\">Seguindo o que produzimos em 2020, o ano de 2022 trouxe o Mar\u00e7o Mulher, um projeto tem\u00e1tico da semana do dia da mulher o qual este pr\u00f3prio post finaliza. Para o Mar\u00e7o Mulher deste ano, foram produzidos 3 infogr\u00e1ficos sobre o assunto da desigualdade de g\u00eanero, cada qual analisando o aspecto sob um prisma. Os subtemas contemplados da vez foram \u201cRenda e trabalho\u201d, \u201cViol\u00eancia contra a mulher\u201d e \u201cRepresenta\u00e7\u00e3o feminina\u201d. Al\u00e9m dos infogr\u00e1ficos, foi produzido um post sobre a data do 08 de mar\u00e7o em si, englobando seu significado e representa\u00e7\u00f5es. A leitura de todas essas pe\u00e7as \u00e9 informativa e bem din\u00e2mica, e pode ser feita na p\u00e1gina do Observat\u00f3rio (<\/span><a href=\"http:\/\/observatoriodesigualdades.fjp.mg.gov.br\"><span style=\"font-weight: 400;\">http:\/\/observatoriodesigualdades.fjp.mg.gov.br<\/span><\/a><span style=\"font-weight: 400;\">).\u00a0<\/span><\/p><p>\u00a0<\/p><ul><li style=\"font-weight: 400;\" aria-level=\"1\"><span style=\"font-weight: 400;\">Livro: \u201cA igualdade ter\u00e1 o rosto da mulher\u201d<\/span><\/li><\/ul><p><span style=\"font-weight: 400;\">\u201cA igualdade ter\u00e1 o rosto da mulher\u201d \u00e9 o mais recente livro publicado pelo Observat\u00f3rio das Desigualdades, em 2021.\u00a0 Tendo recorrido a fontes como alguns materiais do pr\u00f3prio Observat\u00f3rio da EG\/FJP e da Universidade Federal do Rio Grande do Norte, al\u00e9m de dados de pesquisas realizadas pelo Grupo de Pesquisa Estado, G\u00eanero e Diversidade (Egedi) da Funda\u00e7\u00e3o Jo\u00e3o Pinheiro, a obra narra, a cada cap\u00edtulo, diversos prismas a serem considerados na pauta de g\u00eanero de forma clara e intelig\u00edvel, demonstrando tamb\u00e9m a import\u00e2ncia de que, al\u00e9m de falar sobre desigualdades, sejam tamb\u00e9m reunidos esfor\u00e7os para combat\u00ea-la factualmente.\u00a0<\/span><\/p><p><span style=\"font-weight: 400;\">Voc\u00ea pode acessar o livro no site da UFRGS, em &lt;<\/span><a href=\"https:\/\/lume.ufrgs.br\/handle\/10183\/230270\"><span style=\"font-weight: 400;\">A igualdade ter\u00e1 o rosto da mulher<\/span><\/a><span style=\"font-weight: 400;\">&gt;.\u00a0<\/span><\/p><p>\u00a0<\/p><ul><li style=\"font-weight: 400;\" aria-level=\"1\"><span style=\"font-weight: 400;\">Podcast Desassossego<\/span><\/li><\/ul><p><span style=\"font-weight: 400;\">O Desassossego \u00e9 o podcast do Observat\u00f3rio, que come\u00e7ou suas atividades em 2021. Em seu s\u00e9timo epis\u00f3dio, a pauta \u00e9 justamente o livro \u201cA igualdade ter\u00e1 o rosto da mulher\u201d, e a apresentadora convida uma organizadora e uma das escritoras envolvidas para uma descontra\u00edda entrevista sobre a concep\u00e7\u00e3o do projeto e uma discuss\u00e3o sobre um dos cap\u00edtulos. O Desassossego est\u00e1 na FJPlay, perfil da Funda\u00e7\u00e3o Jo\u00e3o Pinheiro no Spotify, e o epis\u00f3dio em quest\u00e3o pode ser acessado em &lt;<\/span><a href=\"https:\/\/open.spotify.com\/episode\/55DX4PslThN928gxcMFxuo?si=lVTKiGu6Ru6qbWAgVOStzA\"><span style=\"font-weight: 400;\">https:\/\/open.spotify.com\/episode\/55DX4PslThN928gxcMFxuo?si=lVTKiGu6Ru6qbWAgVOStzA<\/span><\/a><span style=\"font-weight: 400;\">&gt;.\u00a0<\/span><\/p><p>\u00a0<\/p><ul><li style=\"font-weight: 400;\" aria-level=\"1\"><span style=\"font-weight: 400;\">Boletim \u201cPobreza, substantivo feminino\u201d e v\u00eddeo \u201cFeminiza\u00e7\u00e3o da pobreza\u201d<\/span><\/li><\/ul><p><span style=\"font-weight: 400;\">O nosso Boletim n\u00b08 foi publicado em abril de 2020, e trata especificamente da feminiza\u00e7\u00e3o da pobreza, ou seja, o atual quadro de aprofundamento da pobreza entre as mulheres. A feminiza\u00e7\u00e3o da pobreza \u00e9 uma das consequ\u00eancias da desigualdade de g\u00eanero, e \u00e9 tratada de forma mais aprofundada no Boletim a partir de referenciais te\u00f3ricos e dados de pesquisa. Esse boletim, assim como os demais j\u00e1 produzidos, est\u00e1 no blog do Observat\u00f3rio (<\/span><a href=\"http:\/\/observatoriodesigualdades.fjp.mg.gov.br\/\"><span style=\"font-weight: 400;\">Observat\u00f3rio das Desigualdades<\/span><\/a><span style=\"font-weight: 400;\">), na aba \u201cBoletins\u201d.\u00a0<\/span><\/p><p><span style=\"font-weight: 400;\">O mesmo tema tamb\u00e9m foi tratado em um de nossos v\u00eddeos, dispon\u00edvel no YouTube em &lt;<\/span><a href=\"https:\/\/www.youtube.com\/watch?v=GJbWrBRHhFE&amp;list=PLTMYS3bRD_8D-nZKRSyRPAfLZLeOqbqqa&amp;index=1\"><span style=\"font-weight: 400;\" data-rich-links=\"{\">Observat\u00f3rio das Desigualdades | Feminiza\u00e7\u00e3o da pobreza<\/span><\/a><span style=\"font-weight: 400;\">&gt;.\u00a0<\/span><\/p><p>\u00a0<\/p><ul><li style=\"font-weight: 400;\" aria-level=\"1\"><span style=\"font-weight: 400;\">Posts passados<\/span><\/li><\/ul><p><span style=\"font-weight: 400;\">Os \u00faltimos tempos t\u00eam sido de intensa produ\u00e7\u00e3o sobre a tem\u00e1tica feminina dentre nossos conte\u00fados, no que muito participaram os posts &#8211; textos curtos, de at\u00e9 5 p\u00e1ginas, dispon\u00edveis na p\u00e1gina inicial do blog. A seguir, separamos alguns deles para esta retrospectiva: escolha a tem\u00e1tica sobre a qual quer ler e entenda mais sobre a import\u00e2ncia da luta pela equidade!<\/span><\/p><p>\u00a0<\/p><p><img fetchpriority=\"high\" decoding=\"async\" class=\"size-full wp-image-2396 aligncenter\" src=\"http:\/\/observatoriodesigualdades.fjp.mg.gov.br\/wp-content\/uploads\/2022\/03\/post-1.png\" alt=\"\" width=\"255\" height=\"213\" \/><\/p><p><img decoding=\"async\" class=\" wp-image-2397 aligncenter\" src=\"http:\/\/observatoriodesigualdades.fjp.mg.gov.br\/wp-content\/uploads\/2022\/03\/post-2.png\" alt=\"\" width=\"260\" height=\"195\" \/><\/p><p><img decoding=\"async\" class=\" wp-image-2398 aligncenter\" src=\"http:\/\/observatoriodesigualdades.fjp.mg.gov.br\/wp-content\/uploads\/2022\/03\/post-3.png\" alt=\"\" width=\"265\" height=\"222\" \/><\/p><p><img loading=\"lazy\" decoding=\"async\" class=\" wp-image-2399 aligncenter\" src=\"http:\/\/observatoriodesigualdades.fjp.mg.gov.br\/wp-content\/uploads\/2022\/03\/post-4.png\" alt=\"\" width=\"280\" height=\"232\" \/><\/p><p><img loading=\"lazy\" decoding=\"async\" class=\" wp-image-2400 aligncenter\" src=\"http:\/\/observatoriodesigualdades.fjp.mg.gov.br\/wp-content\/uploads\/2022\/03\/post-5-300x227.png\" alt=\"\" width=\"288\" height=\"218\" srcset=\"https:\/\/observatoriodesigualdades.fjp.mg.gov.br\/wp-content\/uploads\/2022\/03\/post-5-300x227.png 300w, https:\/\/observatoriodesigualdades.fjp.mg.gov.br\/wp-content\/uploads\/2022\/03\/post-5.png 308w\" sizes=\"(max-width: 288px) 100vw, 288px\" \/><\/p><p><img loading=\"lazy\" decoding=\"async\" class=\" wp-image-2401 aligncenter\" src=\"http:\/\/observatoriodesigualdades.fjp.mg.gov.br\/wp-content\/uploads\/2022\/03\/post-6.png\" alt=\"\" width=\"290\" height=\"217\" \/><\/p><p>\u00a0<\/p><p>Autora: Augusta Cora, sob a orienta\u00e7\u00e3o de Bruno Lazzarotti.<\/p><p>*O Observat\u00f3rio das Desigualdades \u00e9 um projeto de extens\u00e3o. O conte\u00fado e as opini\u00f5es expressas n\u00e3o refletem necessariamente o posicionamento da Funda\u00e7\u00e3o Jo\u00e3o Pinheiro ou do CORECON \u2013 MG.<\/p><p>\u00a0<\/p>\t\t\t\t\t\t\t\t<\/div>\n\t\t\t\t<\/div>\n\t\t\t\t\t<\/div>\n\t\t<\/div>\n\t\t\t\t\t<\/div>\n\t\t<\/section>\n\t\t\t\t<\/div>\n\t\t","protected":false},"excerpt":{"rendered":"<p>Enaltecer e celebrar o Dia da Mulher \u00e9 louv\u00e1vel. Afinal de contas, a luta tem sido grande ao longo das d\u00e9cadas e merece acolhimento em suas diversas formas: merece, sim, homenagens. Mas, acima de tudo, merece respeito ao g\u00eanero feminino. Os mimos de nada adiantam se n\u00e3o forem acompanhados de uma efetiva demonstra\u00e7\u00e3o de alteridade [&hellip;]<\/p>\n","protected":false},"author":2,"featured_media":2391,"comment_status":"open","ping_status":"open","sticky":false,"template":"","format":"standard","meta":{"ocean_post_layout":"","ocean_both_sidebars_style":"","ocean_both_sidebars_content_width":0,"ocean_both_sidebars_sidebars_width":0,"ocean_sidebar":"","ocean_second_sidebar":"","ocean_disable_margins":"enable","ocean_add_body_class":"","ocean_shortcode_before_top_bar":"","ocean_shortcode_after_top_bar":"","ocean_shortcode_before_header":"","ocean_shortcode_after_header":"","ocean_has_shortcode":"","ocean_shortcode_after_title":"","ocean_shortcode_before_footer_widgets":"","ocean_shortcode_after_footer_widgets":"","ocean_shortcode_before_footer_bottom":"","ocean_shortcode_after_footer_bottom":"","ocean_display_top_bar":"default","ocean_display_header":"default","ocean_header_style":"","ocean_center_header_left_menu":"","ocean_custom_header_template":"","ocean_custom_logo":0,"ocean_custom_retina_logo":0,"ocean_custom_logo_max_width":0,"ocean_custom_logo_tablet_max_width":0,"ocean_custom_logo_mobile_max_width":0,"ocean_custom_logo_max_height":0,"ocean_custom_logo_tablet_max_height":0,"ocean_custom_logo_mobile_max_height":0,"ocean_header_custom_menu":"","ocean_menu_typo_font_family":"","ocean_menu_typo_font_subset":"","ocean_menu_typo_font_size":0,"ocean_menu_typo_font_size_tablet":0,"ocean_menu_typo_font_size_mobile":0,"ocean_menu_typo_font_size_unit":"px","ocean_menu_typo_font_weight":"","ocean_menu_typo_font_weight_tablet":"","ocean_menu_typo_font_weight_mobile":"","ocean_menu_typo_transform":"","ocean_menu_typo_transform_tablet":"","ocean_menu_typo_transform_mobile":"","ocean_menu_typo_line_height":0,"ocean_menu_typo_line_height_tablet":0,"ocean_menu_typo_line_height_mobile":0,"ocean_menu_typo_line_height_unit":"","ocean_menu_typo_spacing":0,"ocean_menu_typo_spacing_tablet":0,"ocean_menu_typo_spacing_mobile":0,"ocean_menu_typo_spacing_unit":"","ocean_menu_link_color":"","ocean_menu_link_color_hover":"","ocean_menu_link_color_active":"","ocean_menu_link_background":"","ocean_menu_link_hover_background":"","ocean_menu_link_active_background":"","ocean_menu_social_links_bg":"","ocean_menu_social_hover_links_bg":"","ocean_menu_social_links_color":"","ocean_menu_social_hover_links_color":"","ocean_disable_title":"default","ocean_disable_heading":"default","ocean_post_title":"","ocean_post_subheading":"","ocean_post_title_style":"","ocean_post_title_background_color":"","ocean_post_title_background":0,"ocean_post_title_bg_image_position":"","ocean_post_title_bg_image_attachment":"","ocean_post_title_bg_image_repeat":"","ocean_post_title_bg_image_size":"","ocean_post_title_height":0,"ocean_post_title_bg_overlay":0.5,"ocean_post_title_bg_overlay_color":"","ocean_disable_breadcrumbs":"default","ocean_breadcrumbs_color":"","ocean_breadcrumbs_separator_color":"","ocean_breadcrumbs_links_color":"","ocean_breadcrumbs_links_hover_color":"","ocean_display_footer_widgets":"default","ocean_display_footer_bottom":"default","ocean_custom_footer_template":"","ocean_post_oembed":"","ocean_post_self_hosted_media":"","ocean_post_video_embed":"","ocean_link_format":"","ocean_link_format_target":"self","ocean_quote_format":"","ocean_quote_format_link":"post","ocean_gallery_link_images":"on","ocean_gallery_id":[],"footnotes":""},"categories":[1],"tags":[],"class_list":["post-2390","post","type-post","status-publish","format-standard","has-post-thumbnail","hentry","category-analise","entry","has-media"],"_links":{"self":[{"href":"https:\/\/observatoriodesigualdades.fjp.mg.gov.br\/index.php?rest_route=\/wp\/v2\/posts\/2390","targetHints":{"allow":["GET"]}}],"collection":[{"href":"https:\/\/observatoriodesigualdades.fjp.mg.gov.br\/index.php?rest_route=\/wp\/v2\/posts"}],"about":[{"href":"https:\/\/observatoriodesigualdades.fjp.mg.gov.br\/index.php?rest_route=\/wp\/v2\/types\/post"}],"author":[{"embeddable":true,"href":"https:\/\/observatoriodesigualdades.fjp.mg.gov.br\/index.php?rest_route=\/wp\/v2\/users\/2"}],"replies":[{"embeddable":true,"href":"https:\/\/observatoriodesigualdades.fjp.mg.gov.br\/index.php?rest_route=%2Fwp%2Fv2%2Fcomments&post=2390"}],"version-history":[{"count":18,"href":"https:\/\/observatoriodesigualdades.fjp.mg.gov.br\/index.php?rest_route=\/wp\/v2\/posts\/2390\/revisions"}],"predecessor-version":[{"id":2416,"href":"https:\/\/observatoriodesigualdades.fjp.mg.gov.br\/index.php?rest_route=\/wp\/v2\/posts\/2390\/revisions\/2416"}],"wp:featuredmedia":[{"embeddable":true,"href":"https:\/\/observatoriodesigualdades.fjp.mg.gov.br\/index.php?rest_route=\/wp\/v2\/media\/2391"}],"wp:attachment":[{"href":"https:\/\/observatoriodesigualdades.fjp.mg.gov.br\/index.php?rest_route=%2Fwp%2Fv2%2Fmedia&parent=2390"}],"wp:term":[{"taxonomy":"category","embeddable":true,"href":"https:\/\/observatoriodesigualdades.fjp.mg.gov.br\/index.php?rest_route=%2Fwp%2Fv2%2Fcategories&post=2390"},{"taxonomy":"post_tag","embeddable":true,"href":"https:\/\/observatoriodesigualdades.fjp.mg.gov.br\/index.php?rest_route=%2Fwp%2Fv2%2Ftags&post=2390"}],"curies":[{"name":"wp","href":"https:\/\/api.w.org\/{rel}","templated":true}]}}