{"id":2538,"date":"2022-06-14T18:36:39","date_gmt":"2022-06-14T18:36:39","guid":{"rendered":"https:\/\/observatoriodesigualdades.fjp.mg.gov.br\/?p=2538"},"modified":"2022-06-14T18:46:19","modified_gmt":"2022-06-14T18:46:19","slug":"minas-pela-igualdade-i-semana-do-observatorio-das-desigualdades","status":"publish","type":"post","link":"https:\/\/observatoriodesigualdades.fjp.mg.gov.br\/?p=2538","title":{"rendered":"Minas pela Igualdade: I Semana do Observat\u00f3rio das Desigualdades"},"content":{"rendered":"\t\t<div data-elementor-type=\"wp-post\" data-elementor-id=\"2538\" class=\"elementor elementor-2538\">\n\t\t\t\t\t\t<section class=\"elementor-section elementor-top-section elementor-element elementor-element-fd9f2d7 elementor-section-boxed elementor-section-height-default elementor-section-height-default\" data-id=\"fd9f2d7\" data-element_type=\"section\" data-e-type=\"section\">\n\t\t\t\t\t\t<div class=\"elementor-container elementor-column-gap-default\">\n\t\t\t\t\t<div class=\"elementor-column elementor-col-100 elementor-top-column elementor-element elementor-element-8139d8c\" data-id=\"8139d8c\" data-element_type=\"column\" data-e-type=\"column\">\n\t\t\t<div class=\"elementor-widget-wrap elementor-element-populated\">\n\t\t\t\t\t\t<div class=\"elementor-element elementor-element-a5d8070 elementor-widget elementor-widget-text-editor\" data-id=\"a5d8070\" data-element_type=\"widget\" data-e-type=\"widget\" data-widget_type=\"text-editor.default\">\n\t\t\t\t<div class=\"elementor-widget-container\">\n\t\t\t\t\t\t\t\t\t<p><span style=\"font-weight: 400;\">No \u00e2mbito das atividades do Observat\u00f3rio das Desigualdades, ser\u00e1 realizada entre os dias 20 a 24 de junho de 2022 a primeira edi\u00e7\u00e3o de\u00a0 um evento que busca inserir o tema do enfrentamento \u00e0s desigualdades no calend\u00e1rio acad\u00eamico regular da Funda\u00e7\u00e3o Jo\u00e3o Pinheiro. A &#8220;I Semana do Observat\u00f3rio das Desigualdades&#8221; tem como proposta debater, durante uma semana, diversas tem\u00e1ticas relacionadas com as desigualdades e as pol\u00edticas p\u00fablicas para seu enfrentamento, por meio de mesas redondas, oficinas e minicursos.<\/span><\/p><p><span style=\"font-weight: 400;\">A edi\u00e7\u00e3o deste ano marcar\u00e1 tamb\u00e9m o in\u00edcio de projeto a ser realizado pelo Observat\u00f3rio das Desigualdades, envolvendo diagn\u00f3stico sobre \u00e2mbitos, trajet\u00f3ria e mecanismos de produ\u00e7\u00e3o das desigualdades em Minas Gerais e de alternativas estaduais de pol\u00edticas p\u00fablicas para enfrent\u00e1-las. Por isto, a \u00eanfase das oficinas recair\u00e1 sobre aqueles \u00e2mbitos de produ\u00e7\u00e3o e enfrentamento \u00e0s desigualdades em rela\u00e7\u00e3o aos quais as pol\u00edticas p\u00fablicas de n\u00edvel estadual t\u00eam particular import\u00e2ncia: Educa\u00e7\u00e3o, seguran\u00e7a p\u00fablica e assist\u00eancia social, seguran\u00e7a alimentar e combate \u00e0 pobreza.<\/span><\/p><p><span style=\"font-weight: 400;\">As atividades propostas s\u00e3o direcionadas:<\/span><\/p><p style=\"padding-left: 80px;\"><span style=\"font-weight: 400;\">a) aos estudantes de gradua\u00e7\u00e3o e p\u00f3s-gradua\u00e7\u00e3o, professores e pesquisadores do campo de p\u00fablicas, economia e das \u00e1reas relacionadas \u00e0s pol\u00edticas sociais: servi\u00e7o social, administra\u00e7\u00e3o, sociologia, ci\u00eancia pol\u00edtica, direito, entre outras.<\/span><\/p><p style=\"padding-left: 80px;\"><span style=\"font-weight: 400;\">b) trabalhadores, t\u00e9cnicos e gestores envolvidos na formula\u00e7\u00e3o, implementa\u00e7\u00e3o, gest\u00e3o e avalia\u00e7\u00e3o de pol\u00edticas p\u00fablicas e de prote\u00e7\u00e3o social, nos diferentes n\u00edveis de governo<\/span><\/p><p style=\"padding-left: 80px;\"><span style=\"font-weight: 400;\">c) membros dos conselhos de pol\u00edticas p\u00fablicas, militantes dos movimentos sociais, funda\u00e7\u00f5es e entidades da sociedade civil e terceiro setor interessados no enfrentamento \u00e0s desigualdades sociais.<\/span><\/p><p>\u00a0<\/p><p><span style=\"text-decoration: underline;\"><strong>Confira a programa\u00e7\u00e3o:<\/strong><\/span><\/p><ul><li style=\"font-weight: 400;\" aria-level=\"1\"><b>13:30: <\/b><span style=\"font-weight: 400;\">Lan\u00e7amento do Projeto \u201cMinas pela Igualdade: Mapeamento das Desigualdades de Minas Gerais\u201d. Abertura e mesa redonda sobre os <\/span><span style=\"font-weight: 400;\">desafios Contempor\u00e2neos para a prote\u00e7\u00e3o social e o enfrentamento \u00e0s desigualdades, <\/span><span style=\"font-weight: 400;\">com a participa\u00e7\u00e3o das professoras Celina Pereira (GF) , D\u00e9bora Freire (UFMG), Mariana Mazzini (UFRN) e do professor R\u00f4mulo Paes (Fiocruz);<\/span><\/li><\/ul><p style=\"padding-left: 40px;\"><span style=\"font-weight: 400;\">Local: Audit\u00f3rio Jussara Seixas (Funda\u00e7\u00e3o Jo\u00e3o Pinheiro &#8211; Alameda das Ac\u00e1cias, 70 &#8211; S\u00e3o Luiz) &#8211; Limitado \u00e0 60 vagas<\/span><\/p><ul><li style=\"font-weight: 400;\" aria-level=\"1\"><span style=\"font-weight: 400;\">\u00a0<\/span><b>21\/06 &#8211; 14:00:<\/b><span style=\"font-weight: 400;\"> Oficina 1: Combatendo ou Reproduzindo Desigualdades? A Plataforma INCLUA e a mitiga\u00e7\u00e3o de riscos na implementa\u00e7\u00e3o de pol\u00edticas p\u00fablicas. Ministrada pelos professores Roberto Rocha Pires e Marcelo Galiza (IPEA);<\/span><\/li><\/ul><p style=\"padding-left: 40px;\"><span style=\"font-weight: 400;\">Local: Laborat\u00f3rio de Inform\u00e1tica da Escola de Governo Professor Paulo Neves de Carvalho (Funda\u00e7\u00e3o Jo\u00e3o Pinheiro &#8211; Alameda das Ac\u00e1cias, 70 &#8211; S\u00e3o Luiz) &#8211; Limitado \u00e0 30 vagas.\u00a0<\/span><\/p><ul><li style=\"font-weight: 400;\" aria-level=\"1\"><b>22\/06 &#8211; 9:00: <\/b><span style=\"font-weight: 400;\">Oficina 2 (copromo\u00e7\u00e3o com o NESP\/FJP) : Seguran\u00e7a P\u00fablica &#8211; \u00e9 poss\u00edvel um policiamento e uma pol\u00edtica prisional que n\u00e3o reproduzam o racismo e as desigualdades? Ministrada pelas professoras Jacqueline Sinhoretto (UFSCAR), Let\u00edcia Godinho (FJP) e Eduardo Batitucci (NESP\/FJP);<\/span><\/li><\/ul><p style=\"padding-left: 40px;\"><span style=\"font-weight: 400;\">Local: Audit\u00f3rio Jussara Seixas (Funda\u00e7\u00e3o Jo\u00e3o Pinheiro &#8211; Alameda das Ac\u00e1cias, 70 &#8211; S\u00e3o Luiz) &#8211; Limitado \u00e0 60 vagas<\/span><\/p><ul><li style=\"font-weight: 400;\" aria-level=\"1\"><b>22\/06 &#8211; 14:00<\/b><span style=\"font-weight: 400;\">: Jornada da Administra\u00e7\u00e3o P\u00fablica (copromo\u00e7\u00e3o com o EGEDI): Interseccionalidade e transversalidade de ra\u00e7a e g\u00eanero nas pol\u00edticas p\u00fablicas. Tatiana Dias (IPEA), Maria Aparecida Abreu (UFRJ);<\/span><\/li><\/ul><p style=\"padding-left: 40px;\"><span style=\"font-weight: 400;\">Local: Evento Remoto via Zoom<\/span><\/p><ul><li style=\"font-weight: 400;\" aria-level=\"1\"><b>23\/06 &#8211; 14:00:<\/b><span style=\"font-weight: 400;\"> Oficina 3: Assist\u00eancia Social, Seguran\u00e7a Alimentar e Enfrentamento \u00e0 pobreza: financiamento, fortalecimento e responsabilidade no n\u00edvel estadual. Adriana Aranha (CEM-USP), Bruno Magalh\u00e3es (FJP)\u00a0 e Carla Bronzo (FJP); Simone Albuquerque (PBH)<\/span><\/li><\/ul><p style=\"padding-left: 40px;\"><span style=\"font-weight: 400;\">Local: Audit\u00f3rio Jussara Seixas (Funda\u00e7\u00e3o Jo\u00e3o Pinheiro &#8211; Alameda das Ac\u00e1cias, 70 &#8211; S\u00e3o Luiz) &#8211; Limitado \u00e0 60 vagas<\/span><\/p><ul><li style=\"font-weight: 400;\" aria-level=\"1\"><b>24\/03 &#8211; 14:00: <\/b><span style=\"font-weight: 400;\">Oficina 4: Alternativas estaduais para enfrentamento \u00e0s desigualdades educacionais. Andressa Pellanda (CNDE),\u00a0 Daniel Santos Braga (UEMG) e \u00c1gnez Saraiva (FJP)<\/span><\/li><\/ul><p style=\"padding-left: 40px;\"><span style=\"font-weight: 400;\">Local: Audit\u00f3rio Jussara Seixas (Funda\u00e7\u00e3o Jo\u00e3o Pinheiro &#8211; Alameda das Ac\u00e1cias, 70 &#8211; S\u00e3o Luiz) &#8211; Limitado \u00e0 60 vagas<\/span><\/p>\t\t\t\t\t\t\t\t<\/div>\n\t\t\t\t<\/div>\n\t\t\t\t<div class=\"elementor-element elementor-element-0158b56 elementor-widget elementor-widget-image\" data-id=\"0158b56\" data-element_type=\"widget\" data-e-type=\"widget\" data-widget_type=\"image.default\">\n\t\t\t\t<div class=\"elementor-widget-container\">\n\t\t\t\t\t\t\t\t\t\t\t\t\t\t\t<img fetchpriority=\"high\" decoding=\"async\" width=\"1024\" height=\"576\" src=\"https:\/\/observatoriodesigualdades.fjp.mg.gov.br\/wp-content\/uploads\/2022\/06\/WhatsApp-Image-2022-06-14-at-13.32.16-1024x576.jpeg\" class=\"attachment-large size-large wp-image-2540\" alt=\"\" srcset=\"https:\/\/observatoriodesigualdades.fjp.mg.gov.br\/wp-content\/uploads\/2022\/06\/WhatsApp-Image-2022-06-14-at-13.32.16-1024x576.jpeg 1024w, https:\/\/observatoriodesigualdades.fjp.mg.gov.br\/wp-content\/uploads\/2022\/06\/WhatsApp-Image-2022-06-14-at-13.32.16-300x169.jpeg 300w, https:\/\/observatoriodesigualdades.fjp.mg.gov.br\/wp-content\/uploads\/2022\/06\/WhatsApp-Image-2022-06-14-at-13.32.16-768x432.jpeg 768w, https:\/\/observatoriodesigualdades.fjp.mg.gov.br\/wp-content\/uploads\/2022\/06\/WhatsApp-Image-2022-06-14-at-13.32.16-800x450.jpeg 800w, https:\/\/observatoriodesigualdades.fjp.mg.gov.br\/wp-content\/uploads\/2022\/06\/WhatsApp-Image-2022-06-14-at-13.32.16.jpeg 1280w\" sizes=\"(max-width: 1024px) 100vw, 1024px\" \/>\t\t\t\t\t\t\t\t\t\t\t\t\t\t\t<\/div>\n\t\t\t\t<\/div>\n\t\t\t\t<div class=\"elementor-element elementor-element-419b430 elementor-widget elementor-widget-text-editor\" data-id=\"419b430\" data-element_type=\"widget\" data-e-type=\"widget\" data-widget_type=\"text-editor.default\">\n\t\t\t\t<div class=\"elementor-widget-container\">\n\t\t\t\t\t\t\t\t\t<p>As inscri\u00e7\u00f5es para as atividades presenciais, na Funda\u00e7\u00e3o Jo\u00e3o Pinheiro podem ser feitas atrav\u00e9s do formul\u00e1rio: https:\/\/forms.gle\/Qwqpf3MqpF8Nc3fd7<\/p><p>Para a &#8220;Jornada da Administra\u00e7\u00e3o P\u00fablica&#8221;, que acontecer\u00e1 online, via Zoom, a inscri\u00e7\u00e3o pode ser feita atrav\u00e9s do formul\u00e1rio: https:\/\/is.gd\/Z2sk4e<\/p><p>\u00a0<\/p><p><span style=\"font-weight: 400;\">A &#8220;I Semana do Observat\u00f3rio das Desigualdade&#8221; contar\u00e1 com certifica\u00e7\u00e3o para\u00a0 \u00e0queles que participarem, cumulativamente da Sess\u00e3o de Abertura, da Jornada de Administra\u00e7\u00e3o P\u00fablica e de pelo menos uma das Oficinas propostas.<\/span><\/p><p>D\u00favidas podem ser enviadas para o e-mail: geri.eg@fjp.mg.gov.br<\/p>\t\t\t\t\t\t\t\t<\/div>\n\t\t\t\t<\/div>\n\t\t\t\t\t<\/div>\n\t\t<\/div>\n\t\t\t\t\t<\/div>\n\t\t<\/section>\n\t\t\t\t<\/div>\n\t\t","protected":false},"excerpt":{"rendered":"<p>No \u00e2mbito das atividades do Observat\u00f3rio das Desigualdades, ser\u00e1 realizada entre os dias 20 a 24 de junho de 2022 a primeira edi\u00e7\u00e3o de\u00a0 um evento que busca inserir o tema do enfrentamento \u00e0s desigualdades no calend\u00e1rio acad\u00eamico regular da Funda\u00e7\u00e3o Jo\u00e3o Pinheiro. A &#8220;I Semana do Observat\u00f3rio das Desigualdades&#8221; tem como proposta debater, durante [&hellip;]<\/p>\n","protected":false},"author":2,"featured_media":2539,"comment_status":"open","ping_status":"open","sticky":false,"template":"","format":"standard","meta":{"ocean_post_layout":"","ocean_both_sidebars_style":"","ocean_both_sidebars_content_width":0,"ocean_both_sidebars_sidebars_width":0,"ocean_sidebar":"","ocean_second_sidebar":"","ocean_disable_margins":"enable","ocean_add_body_class":"","ocean_shortcode_before_top_bar":"","ocean_shortcode_after_top_bar":"","ocean_shortcode_before_header":"","ocean_shortcode_after_header":"","ocean_has_shortcode":"","ocean_shortcode_after_title":"","ocean_shortcode_before_footer_widgets":"","ocean_shortcode_after_footer_widgets":"","ocean_shortcode_before_footer_bottom":"","ocean_shortcode_after_footer_bottom":"","ocean_display_top_bar":"default","ocean_display_header":"default","ocean_header_style":"","ocean_center_header_left_menu":"","ocean_custom_header_template":"","ocean_custom_logo":0,"ocean_custom_retina_logo":0,"ocean_custom_logo_max_width":0,"ocean_custom_logo_tablet_max_width":0,"ocean_custom_logo_mobile_max_width":0,"ocean_custom_logo_max_height":0,"ocean_custom_logo_tablet_max_height":0,"ocean_custom_logo_mobile_max_height":0,"ocean_header_custom_menu":"","ocean_menu_typo_font_family":"","ocean_menu_typo_font_subset":"","ocean_menu_typo_font_size":0,"ocean_menu_typo_font_size_tablet":0,"ocean_menu_typo_font_size_mobile":0,"ocean_menu_typo_font_size_unit":"px","ocean_menu_typo_font_weight":"","ocean_menu_typo_font_weight_tablet":"","ocean_menu_typo_font_weight_mobile":"","ocean_menu_typo_transform":"","ocean_menu_typo_transform_tablet":"","ocean_menu_typo_transform_mobile":"","ocean_menu_typo_line_height":0,"ocean_menu_typo_line_height_tablet":0,"ocean_menu_typo_line_height_mobile":0,"ocean_menu_typo_line_height_unit":"","ocean_menu_typo_spacing":0,"ocean_menu_typo_spacing_tablet":0,"ocean_menu_typo_spacing_mobile":0,"ocean_menu_typo_spacing_unit":"","ocean_menu_link_color":"","ocean_menu_link_color_hover":"","ocean_menu_link_color_active":"","ocean_menu_link_background":"","ocean_menu_link_hover_background":"","ocean_menu_link_active_background":"","ocean_menu_social_links_bg":"","ocean_menu_social_hover_links_bg":"","ocean_menu_social_links_color":"","ocean_menu_social_hover_links_color":"","ocean_disable_title":"default","ocean_disable_heading":"default","ocean_post_title":"","ocean_post_subheading":"","ocean_post_title_style":"","ocean_post_title_background_color":"","ocean_post_title_background":0,"ocean_post_title_bg_image_position":"","ocean_post_title_bg_image_attachment":"","ocean_post_title_bg_image_repeat":"","ocean_post_title_bg_image_size":"","ocean_post_title_height":0,"ocean_post_title_bg_overlay":0.5,"ocean_post_title_bg_overlay_color":"","ocean_disable_breadcrumbs":"default","ocean_breadcrumbs_color":"","ocean_breadcrumbs_separator_color":"","ocean_breadcrumbs_links_color":"","ocean_breadcrumbs_links_hover_color":"","ocean_display_footer_widgets":"default","ocean_display_footer_bottom":"default","ocean_custom_footer_template":"","ocean_post_oembed":"","ocean_post_self_hosted_media":"","ocean_post_video_embed":"","ocean_link_format":"","ocean_link_format_target":"self","ocean_quote_format":"","ocean_quote_format_link":"post","ocean_gallery_link_images":"on","ocean_gallery_id":[],"footnotes":""},"categories":[1],"tags":[],"class_list":["post-2538","post","type-post","status-publish","format-standard","has-post-thumbnail","hentry","category-analise","entry","has-media"],"_links":{"self":[{"href":"https:\/\/observatoriodesigualdades.fjp.mg.gov.br\/index.php?rest_route=\/wp\/v2\/posts\/2538","targetHints":{"allow":["GET"]}}],"collection":[{"href":"https:\/\/observatoriodesigualdades.fjp.mg.gov.br\/index.php?rest_route=\/wp\/v2\/posts"}],"about":[{"href":"https:\/\/observatoriodesigualdades.fjp.mg.gov.br\/index.php?rest_route=\/wp\/v2\/types\/post"}],"author":[{"embeddable":true,"href":"https:\/\/observatoriodesigualdades.fjp.mg.gov.br\/index.php?rest_route=\/wp\/v2\/users\/2"}],"replies":[{"embeddable":true,"href":"https:\/\/observatoriodesigualdades.fjp.mg.gov.br\/index.php?rest_route=%2Fwp%2Fv2%2Fcomments&post=2538"}],"version-history":[{"count":6,"href":"https:\/\/observatoriodesigualdades.fjp.mg.gov.br\/index.php?rest_route=\/wp\/v2\/posts\/2538\/revisions"}],"predecessor-version":[{"id":2546,"href":"https:\/\/observatoriodesigualdades.fjp.mg.gov.br\/index.php?rest_route=\/wp\/v2\/posts\/2538\/revisions\/2546"}],"wp:featuredmedia":[{"embeddable":true,"href":"https:\/\/observatoriodesigualdades.fjp.mg.gov.br\/index.php?rest_route=\/wp\/v2\/media\/2539"}],"wp:attachment":[{"href":"https:\/\/observatoriodesigualdades.fjp.mg.gov.br\/index.php?rest_route=%2Fwp%2Fv2%2Fmedia&parent=2538"}],"wp:term":[{"taxonomy":"category","embeddable":true,"href":"https:\/\/observatoriodesigualdades.fjp.mg.gov.br\/index.php?rest_route=%2Fwp%2Fv2%2Fcategories&post=2538"},{"taxonomy":"post_tag","embeddable":true,"href":"https:\/\/observatoriodesigualdades.fjp.mg.gov.br\/index.php?rest_route=%2Fwp%2Fv2%2Ftags&post=2538"}],"curies":[{"name":"wp","href":"https:\/\/api.w.org\/{rel}","templated":true}]}}