{"id":2669,"date":"2022-11-23T15:53:03","date_gmt":"2022-11-23T15:53:03","guid":{"rendered":"https:\/\/observatoriodesigualdades.fjp.mg.gov.br\/?p=2669"},"modified":"2022-11-23T16:03:22","modified_gmt":"2022-11-23T16:03:22","slug":"semana-da-consciencia-negra-e-as-tarefas-inconclusas-do-abolicionismo-a-luta-por-igualdade-no-mercado-de-trabalho","status":"publish","type":"post","link":"https:\/\/observatoriodesigualdades.fjp.mg.gov.br\/?p=2669","title":{"rendered":"Semana da Consci\u00eancia Negra e as tarefas inconclusas do abolicionismo: a luta por igualdade no mercado de trabalho"},"content":{"rendered":"\t\t<div data-elementor-type=\"wp-post\" data-elementor-id=\"2669\" class=\"elementor elementor-2669\">\n\t\t\t\t\t\t<section class=\"elementor-section elementor-top-section elementor-element elementor-element-d2d0fea elementor-section-boxed elementor-section-height-default elementor-section-height-default\" data-id=\"d2d0fea\" data-element_type=\"section\" data-e-type=\"section\">\n\t\t\t\t\t\t<div class=\"elementor-container elementor-column-gap-default\">\n\t\t\t\t\t<div class=\"elementor-column elementor-col-100 elementor-top-column elementor-element elementor-element-7a87caa\" data-id=\"7a87caa\" data-element_type=\"column\" data-e-type=\"column\">\n\t\t\t<div class=\"elementor-widget-wrap elementor-element-populated\">\n\t\t\t\t\t\t<div class=\"elementor-element elementor-element-476543f elementor-widget elementor-widget-text-editor\" data-id=\"476543f\" data-element_type=\"widget\" data-e-type=\"widget\" data-widget_type=\"text-editor.default\">\n\t\t\t\t<div class=\"elementor-widget-container\">\n\t\t\t\t\t\t\t\t\t<p style=\"text-align: right;\"><i><span style=\"font-weight: 400;\">Por mais que voc\u00ea corra, irm\u00e3o<\/span><\/i><\/p><p style=\"text-align: right;\"><i><span style=\"font-weight: 400;\">Pra sua guerra v\u00e3o nem se lixar<\/span><\/i><\/p><p style=\"text-align: right;\"><i><span style=\"font-weight: 400;\">Esse \u00e9 o X da quest\u00e3o<\/span><\/i><\/p><p style=\"text-align: right;\"><i><span style=\"font-weight: 400;\">J\u00e1 viu eles chorar pela cor do orix\u00e1?<\/span><\/i><\/p><p style=\"text-align: right;\"><i><span style=\"font-weight: 400;\">E os cambur\u00e3o o que s\u00e3o?<\/span><\/i><\/p><p style=\"text-align: right;\"><i><span style=\"font-weight: 400;\">Negreiros a retraficar<\/span><\/i><\/p><p style=\"text-align: right;\"><i><span style=\"font-weight: 400;\">Favela ainda \u00e9 senzala, J\u00e3o<\/span><\/i><\/p><p style=\"text-align: right;\"><i><span style=\"font-weight: 400;\">Bomba rel\u00f3gio prestes a estourar<\/span><\/i><\/p><p style=\"text-align: right;\"><i><span style=\"font-weight: 400;\">(Boa Esperan\u00e7a &#8211; Emicida)<\/span><\/i><\/p><p style=\"text-align: right;\">\u00a0<\/p><p><span style=\"font-weight: 400;\">Dando continuidade \u00e0 s\u00e9rie de posts da Semana da Consci\u00eancia Negra, vamos falar um pouco sobre como a desigualdade racial e o racismo estrutural se manifestam no mercado de trabalho. A discrimina\u00e7\u00e3o, segundo Paix\u00e3o <\/span><i><span style=\"font-weight: 400;\">et. al. <\/span><\/i><span style=\"font-weight: 400;\">(2012), atua diferenciando os grupos do acesso aos mecanismos de mobilidade social (emprego, educa\u00e7\u00e3o, proriedade), \u00e0 justi\u00e7a e \u00e0 seguran\u00e7a. Nesse contexto, Almeida (2019), nos traz a ideia de que \u201ca ra\u00e7a \u00e9 um marcador determinante da desigualdade econ\u00f4mica, e que direitos sociais e pol\u00edticas universais de combate \u00e0 pobreza e distribui\u00e7\u00e3o de renda que n\u00e3o levam em conta o fator ra\u00e7a\/cor mostram-se pouco efetivas\u201d (Almeida, 2019, p. 122).<\/span><\/p><p><span style=\"font-weight: 400;\">Retomando o \u00faltimo post, a desigualdade educacional dos negros em rela\u00e7\u00e3o aos brancos vai se refletir tamb\u00e9m no mercado de trabalho, fazendo com que os primeiros tenham maior chance de serem encontrados nas ocupa\u00e7\u00f5es de trabalhos manuais de baixa qualifica\u00e7\u00e3o e remunera\u00e7\u00e3o, e mesmo entre essas, desempenhando as tarefas de menor prest\u00edgio. Segundo Almeida (2019), \u201co racismo faz com que a pobreza seja ideologicamente incorporada quase que como uma condi\u00e7\u00e3o \u201cbiol\u00f3gica\u201d de negros e ind\u00edgenas, naturalizando a inser\u00e7\u00e3o no mercado de trabalho de grande parte das pessoas identificadas com estes grupos sociais com sal\u00e1rios menores e condi\u00e7\u00f5es de trabalho prec\u00e1rias\u201d (Almeida, 2019, p. 135).<\/span><\/p><p><span style=\"font-weight: 400;\">Quando analisamos os dados da Pnad Cont\u00ednua de 2021, vemos que a popula\u00e7\u00e3o negra &#8211; pretos e pardos &#8211; comp\u00f5em a maior parte da for\u00e7a de trabalho desocupada e subutilizada. \u00c9 verdade tamb\u00e9m que entre as pessoas na for\u00e7a de trabalho, a maior parte \u00e9 negra, mas cabendo a ressalva que em propor\u00e7\u00e3o menor que os desocupados e subutilizados.<\/span><\/p><p>\u00a0<\/p><p style=\"text-align: center;\"><span style=\"font-weight: 400;\">Gr\u00e1fico 1 &#8211; Popula\u00e7\u00e3o na for\u00e7a de trabalho, desocupada e subutilizada (%)<\/span><\/p>\t\t\t\t\t\t\t\t<\/div>\n\t\t\t\t<\/div>\n\t\t\t\t<div class=\"elementor-element elementor-element-61e5fd4 elementor-widget elementor-widget-image\" data-id=\"61e5fd4\" data-element_type=\"widget\" data-e-type=\"widget\" data-widget_type=\"image.default\">\n\t\t\t\t<div class=\"elementor-widget-container\">\n\t\t\t\t\t\t\t\t\t\t\t\t\t\t\t<img fetchpriority=\"high\" decoding=\"async\" width=\"512\" height=\"317\" src=\"https:\/\/observatoriodesigualdades.fjp.mg.gov.br\/wp-content\/uploads\/2022\/11\/CN1.png\" class=\"attachment-large size-large wp-image-2670\" alt=\"\" srcset=\"https:\/\/observatoriodesigualdades.fjp.mg.gov.br\/wp-content\/uploads\/2022\/11\/CN1.png 512w, https:\/\/observatoriodesigualdades.fjp.mg.gov.br\/wp-content\/uploads\/2022\/11\/CN1-300x186.png 300w\" sizes=\"(max-width: 512px) 100vw, 512px\" \/>\t\t\t\t\t\t\t\t\t\t\t\t\t\t\t<\/div>\n\t\t\t\t<\/div>\n\t\t\t\t<div class=\"elementor-element elementor-element-3e681c9 elementor-widget elementor-widget-text-editor\" data-id=\"3e681c9\" data-element_type=\"widget\" data-e-type=\"widget\" data-widget_type=\"text-editor.default\">\n\t\t\t\t<div class=\"elementor-widget-container\">\n\t\t\t\t\t\t\t\t\t<p style=\"text-align: center;\">Fonte: IBGE, 2022<\/p><p>\u00a0<\/p><p><span style=\"font-weight: 400;\">Em cargos gerencias, essa desigualdade entre brancos e negros \u00e9 ainda mais eviente, j\u00e1 que 69% desses cargos de lideran\u00e7a s\u00e3o ocupados por pessoas brancas. Quando dividimos esse dado nos quintos de rendimento, vemos que \u00e0 medida que o rendimento desse trabalho aumenta, a quantidade de pessoas negras que ocupam o cargo diminui.<\/span><\/p><p>\u00a0<\/p><p style=\"text-align: center;\"><span style=\"font-weight: 400;\">Gr\u00e1fico 2 &#8211; Pessoas ocupadas em cargos gerenciais, segundo quintos em ordem crescente de rendimento do trabalho principal (%)<\/span><\/p>\t\t\t\t\t\t\t\t<\/div>\n\t\t\t\t<\/div>\n\t\t\t\t<div class=\"elementor-element elementor-element-f93934f elementor-widget elementor-widget-image\" data-id=\"f93934f\" data-element_type=\"widget\" data-e-type=\"widget\" data-widget_type=\"image.default\">\n\t\t\t\t<div class=\"elementor-widget-container\">\n\t\t\t\t\t\t\t\t\t\t\t\t\t\t\t<img decoding=\"async\" width=\"512\" height=\"317\" src=\"https:\/\/observatoriodesigualdades.fjp.mg.gov.br\/wp-content\/uploads\/2022\/11\/CN2.png\" class=\"attachment-large size-large wp-image-2671\" alt=\"\" srcset=\"https:\/\/observatoriodesigualdades.fjp.mg.gov.br\/wp-content\/uploads\/2022\/11\/CN2.png 512w, https:\/\/observatoriodesigualdades.fjp.mg.gov.br\/wp-content\/uploads\/2022\/11\/CN2-300x186.png 300w\" sizes=\"(max-width: 512px) 100vw, 512px\" \/>\t\t\t\t\t\t\t\t\t\t\t\t\t\t\t<\/div>\n\t\t\t\t<\/div>\n\t\t\t\t<div class=\"elementor-element elementor-element-4214ffc elementor-widget elementor-widget-text-editor\" data-id=\"4214ffc\" data-element_type=\"widget\" data-e-type=\"widget\" data-widget_type=\"text-editor.default\">\n\t\t\t\t<div class=\"elementor-widget-container\">\n\t\t\t\t\t\t\t\t\t<p style=\"text-align: center;\"><span style=\"font-weight: 400;\">Fonte: IBGE, 2022<\/span><\/p><p>\u00a0<\/p><p><span style=\"font-weight: 400;\">Quando analisamos o rendimento do trabalho &#8211; que \u00e9 a principal fonte de renda para a aquisi\u00e7\u00e3o de bens e servi\u00e7os e para o padr\u00e3o de consumo de indiv\u00edduos e fam\u00edlias, \u00e9 poss\u00edvel observar que o rendimento de pessoas brancas \u00e9 bem superior ao de pessoas pretas e pardas, chegando, em 2021, a ser 75% superior.\u00a0<\/span><\/p><p><span style=\"font-weight: 400;\">No entanto, se a desigualdade educacional explica parte da desigualdade racial no mercado de trabalho, ela n\u00e3o explica tudo. O pr\u00f3prio mercado de trabalho cria e mant\u00e9m mecanismos espec\u00edficos de descrimina\u00e7\u00e3o e produ\u00e7\u00e3o de desigualdades. O Gr\u00e1fico 4, em que os rendimentos do trabalho s\u00e3o desagregados pelo n\u00edvel de instru\u00e7\u00e3o dos indiv\u00edduos, deixa isto bem claro. Para um mesmo n\u00edvel de instru\u00e7\u00e3o, os rendimentos dos negros s\u00e3o inferiores aos rendimentos dos brancos, seja qual for a escolaridade alcan\u00e7ada pelos trabalhadores. E mais: essa desigualdade vai se mostrar maior nos graus mais altos\u00a0 de instru\u00e7\u00e3o, mostrando que h\u00e1 mecanismos que vetam o acesso dos negros \u00e0s posi\u00e7\u00f5es mais bem recompensadas, mesmo quando apresentam as credenciais educacioanais para isto.<\/span><\/p><p>\u00a0<\/p><p style=\"text-align: center;\"><span style=\"font-weight: 400;\">Gr\u00e1fico 3 &#8211; Rendimento habitual do trabalho principal das pessoas ocupadas (R$\/m\u00eas)<\/span><\/p>\t\t\t\t\t\t\t\t<\/div>\n\t\t\t\t<\/div>\n\t\t\t\t<div class=\"elementor-element elementor-element-f747c3a elementor-widget elementor-widget-image\" data-id=\"f747c3a\" data-element_type=\"widget\" data-e-type=\"widget\" data-widget_type=\"image.default\">\n\t\t\t\t<div class=\"elementor-widget-container\">\n\t\t\t\t\t\t\t\t\t\t\t\t\t\t\t<img decoding=\"async\" width=\"512\" height=\"317\" src=\"https:\/\/observatoriodesigualdades.fjp.mg.gov.br\/wp-content\/uploads\/2022\/11\/CN3.png\" class=\"attachment-large size-large wp-image-2672\" alt=\"\" srcset=\"https:\/\/observatoriodesigualdades.fjp.mg.gov.br\/wp-content\/uploads\/2022\/11\/CN3.png 512w, https:\/\/observatoriodesigualdades.fjp.mg.gov.br\/wp-content\/uploads\/2022\/11\/CN3-300x186.png 300w\" sizes=\"(max-width: 512px) 100vw, 512px\" \/>\t\t\t\t\t\t\t\t\t\t\t\t\t\t\t<\/div>\n\t\t\t\t<\/div>\n\t\t\t\t<div class=\"elementor-element elementor-element-82d9628 elementor-widget elementor-widget-text-editor\" data-id=\"82d9628\" data-element_type=\"widget\" data-e-type=\"widget\" data-widget_type=\"text-editor.default\">\n\t\t\t\t<div class=\"elementor-widget-container\">\n\t\t\t\t\t\t\t\t\t<p style=\"text-align: center;\"><span style=\"font-weight: 400;\">Fonte: IBGE, 2022<\/span><\/p><p style=\"text-align: center;\">\u00a0<\/p><p style=\"text-align: center;\"><span style=\"font-weight: 400;\">Gr\u00e1fico 4 &#8211; Rendimento m\u00e9dio real habitual do trabalho principal das pessoas ocupadas (R$\/hora)<\/span><\/p>\t\t\t\t\t\t\t\t<\/div>\n\t\t\t\t<\/div>\n\t\t\t\t<div class=\"elementor-element elementor-element-a800e0f elementor-widget elementor-widget-image\" data-id=\"a800e0f\" data-element_type=\"widget\" data-e-type=\"widget\" data-widget_type=\"image.default\">\n\t\t\t\t<div class=\"elementor-widget-container\">\n\t\t\t\t\t\t\t\t\t\t\t\t\t\t\t<img loading=\"lazy\" decoding=\"async\" width=\"512\" height=\"317\" src=\"https:\/\/observatoriodesigualdades.fjp.mg.gov.br\/wp-content\/uploads\/2022\/11\/CN4.png\" class=\"attachment-large size-large wp-image-2673\" alt=\"\" srcset=\"https:\/\/observatoriodesigualdades.fjp.mg.gov.br\/wp-content\/uploads\/2022\/11\/CN4.png 512w, https:\/\/observatoriodesigualdades.fjp.mg.gov.br\/wp-content\/uploads\/2022\/11\/CN4-300x186.png 300w\" sizes=\"(max-width: 512px) 100vw, 512px\" \/>\t\t\t\t\t\t\t\t\t\t\t\t\t\t\t<\/div>\n\t\t\t\t<\/div>\n\t\t\t\t<div class=\"elementor-element elementor-element-554dfb3 elementor-widget elementor-widget-text-editor\" data-id=\"554dfb3\" data-element_type=\"widget\" data-e-type=\"widget\" data-widget_type=\"text-editor.default\">\n\t\t\t\t<div class=\"elementor-widget-container\">\n\t\t\t\t\t\t\t\t\t<p style=\"text-align: center;\"><span style=\"font-weight: 400;\">Fonte: IBGE, 2022<\/span><\/p><p>\u00a0<\/p><p><span style=\"font-weight: 400;\">Almeida (2019) lembra que \u201co racismo \u00e9 um elemento de um complexo jogo, que mescla uso da for\u00e7a e a reprodu\u00e7\u00e3o da ideologia a fim de realizar a domestica\u00e7\u00e3o dos corpos entregues indistintamente ao trabalho abstrato: ser\u00e1 por isso que parte da sociedade n\u00e3o ver\u00e1 qualquer anormalidade na maioria das pessoas negras ganharem sal\u00e1rios menores, submeterem-se aos trabalhos mais degradantes, n\u00e3o estarem nas universidades importantes, n\u00e3o ocuparem cargos de dire\u00e7\u00e3o, residirem nas \u00e1reas perif\u00e9ricas das cidades e serem com frequ\u00eancia assassinadas pelas for\u00e7as do Estado\u201d (Almeida, 2019, p.142).<\/span><\/p><p><span style=\"font-weight: 400;\">Essa discuss\u00e3o no Brasil pode ser aprofundada ao falar de a\u00e7\u00f5es afirmativas, que ainda hoje n\u00e3o s\u00e3o uma unanimidade como pol\u00edtica p\u00fablica, embora seja reconhecido o problema do racismo e da desigualdade. Nas universidades, as a\u00e7\u00f5es afirmativas ainda s\u00e3o frutos de muita discuss\u00e3o e de muitas acusa\u00e7\u00f5es de fraude, como o caso, amplamente divulgado, em que 6 alunos foram expulsos da USP (<\/span><a href=\"https:\/\/g1.globo.com\/sp\/sao-paulo\/noticia\/2021\/07\/23\/usp-expulsa-6-alunos-da-graduacao-por-fraude-em-cotas-para-pessoas-pretas-pardas-e-indigenas.ghtml\"><span style=\"font-weight: 400;\">https:\/\/g1.globo.com\/sp\/sao-paulo\/noticia\/2021\/07\/23\/usp-expulsa-6-alunos-da-graduacao-por-fraude-em-cotas-para-pessoas-pretas-pardas-e-indigenas.ghtml<\/span><\/a><span style=\"font-weight: 400;\">). Em empresas, a discuss\u00e3o sobre cotas ainda \u00e9 muito emergente e, quando realizado, como o caso da Magazine Luiza (<\/span><a href=\"https:\/\/www.uol.com.br\/ecoa\/ultimas-noticias\/2021\/09\/21\/magalu-repete-trainee-so-para-negros-programa-foi-de-utilidade-publica.htm\"><span style=\"font-weight: 400;\">https:\/\/www.uol.com.br\/ecoa\/ultimas-noticias\/2021\/09\/21\/magalu-repete-trainee-so-para-negros-programa-foi-de-utilidade-publica.htm<\/span><\/a><span style=\"font-weight: 400;\">), \u00e9 fruto de muita discuss\u00e3o.<\/span><\/p><p><span style=\"font-weight: 400;\">Existe um caminho ainda muito longo a se trilhar acerca da igualdade racial no Brasil, seja quando falamos em mercado de trabalho, em rendimentos, em educa\u00e7\u00e3o e entre v\u00e1rios outros fatores. A partir do reconhecimento que o racismo \u00e9 um problema estrutural e que \u00e9 \u201cum elemento que integra a organiza\u00e7\u00e3o econ\u00f4mica e pol\u00edtica da sociedade\u201d (Almeida, 2019, p.20), \u00e9 que come\u00e7amos a enfrent\u00e1-lo.<\/span><\/p><p>\u00a0<\/p><p><b>Para saber mais\u2026<\/b><\/p><p><span style=\"font-weight: 400;\">Indicamos aqui alguns conte\u00fados para aprofundar seus conhecimentos:<\/span><\/p><ul><li style=\"font-weight: 400;\" aria-level=\"1\"><span style=\"font-weight: 400;\">Livro: Racismo Estrutural &#8211; Silvio Almeida<\/span><\/li><li style=\"font-weight: 400;\" aria-level=\"1\"><span style=\"font-weight: 400;\">Livro: Mulheres, Negras e Gestoras? Porque Sim! &#8211; Let\u00edcia Godinho e Renata Seidl<\/span><\/li><li style=\"font-weight: 400;\" aria-level=\"1\"><span style=\"font-weight: 400;\">Filme: Medida Provis\u00f3ria (2020)<\/span><\/li><li style=\"font-weight: 400;\" aria-level=\"1\"><span style=\"font-weight: 400;\">Filme: AmarElo &#8211; \u00c9 Tudo Pra Ontem (2020)<\/span><\/li><\/ul><p>\u00a0<\/p><p><strong>Elabora\u00e7\u00e3o: Alexandre Henrique, sob a orienta\u00e7\u00e3o de Bruno Lazzarotti<\/strong><\/p><p>*O Observat\u00f3rio das Desigualdades \u00e9 um projeto de extens\u00e3o. O conte\u00fado e as opini\u00f5es expressas n\u00e3o refletem necessariamente o posicionamento da Funda\u00e7\u00e3o Jo\u00e3o Pinheiro ou do CORECON \u2013 MG.<\/p><p>\u00a0<\/p><p><b>Refer\u00eancias:<\/b><\/p><p><span style=\"font-weight: 400;\">ALMEIDA, Silvio. Racismo estrutural. S\u00e3o Paulo: P\u00f3len, 2019. 264 p.<\/span><\/p><p><span style=\"font-weight: 400;\">IBGE. Desigualdades Sociais por Cor ou Ra\u00e7a no Brasil. IBGE: Estudos e Pesquisas, Informa\u00e7\u00e3o Demogr\u00e1fica e Socioecon\u00f4mica, n.47. Rio de Janeiro, 2022<\/span><\/p><p><span style=\"font-weight: 400;\">PAIX\u00c3O, Marcelo et al. Relat\u00f3rio anual das desigualdades raciais no Brasil: 2009-2010. Rio de Janeiro: Garamond; Laeser; IUPERJ, 2011.<\/span><\/p>\t\t\t\t\t\t\t\t<\/div>\n\t\t\t\t<\/div>\n\t\t\t\t\t<\/div>\n\t\t<\/div>\n\t\t\t\t\t<\/div>\n\t\t<\/section>\n\t\t\t\t<\/div>\n\t\t","protected":false},"excerpt":{"rendered":"<p>Por mais que voc\u00ea corra, irm\u00e3o Pra sua guerra v\u00e3o nem se lixar Esse \u00e9 o X da quest\u00e3o J\u00e1 viu eles chorar pela cor do orix\u00e1? E os cambur\u00e3o o que s\u00e3o? Negreiros a retraficar Favela ainda \u00e9 senzala, J\u00e3o Bomba rel\u00f3gio prestes a estourar (Boa Esperan\u00e7a &#8211; Emicida) \u00a0 Dando continuidade \u00e0 s\u00e9rie [&hellip;]<\/p>\n","protected":false},"author":2,"featured_media":2677,"comment_status":"open","ping_status":"open","sticky":false,"template":"","format":"standard","meta":{"ocean_post_layout":"","ocean_both_sidebars_style":"","ocean_both_sidebars_content_width":0,"ocean_both_sidebars_sidebars_width":0,"ocean_sidebar":"","ocean_second_sidebar":"","ocean_disable_margins":"enable","ocean_add_body_class":"","ocean_shortcode_before_top_bar":"","ocean_shortcode_after_top_bar":"","ocean_shortcode_before_header":"","ocean_shortcode_after_header":"","ocean_has_shortcode":"","ocean_shortcode_after_title":"","ocean_shortcode_before_footer_widgets":"","ocean_shortcode_after_footer_widgets":"","ocean_shortcode_before_footer_bottom":"","ocean_shortcode_after_footer_bottom":"","ocean_display_top_bar":"default","ocean_display_header":"default","ocean_header_style":"","ocean_center_header_left_menu":"","ocean_custom_header_template":"","ocean_custom_logo":0,"ocean_custom_retina_logo":0,"ocean_custom_logo_max_width":0,"ocean_custom_logo_tablet_max_width":0,"ocean_custom_logo_mobile_max_width":0,"ocean_custom_logo_max_height":0,"ocean_custom_logo_tablet_max_height":0,"ocean_custom_logo_mobile_max_height":0,"ocean_header_custom_menu":"","ocean_menu_typo_font_family":"","ocean_menu_typo_font_subset":"","ocean_menu_typo_font_size":0,"ocean_menu_typo_font_size_tablet":0,"ocean_menu_typo_font_size_mobile":0,"ocean_menu_typo_font_size_unit":"px","ocean_menu_typo_font_weight":"","ocean_menu_typo_font_weight_tablet":"","ocean_menu_typo_font_weight_mobile":"","ocean_menu_typo_transform":"","ocean_menu_typo_transform_tablet":"","ocean_menu_typo_transform_mobile":"","ocean_menu_typo_line_height":0,"ocean_menu_typo_line_height_tablet":0,"ocean_menu_typo_line_height_mobile":0,"ocean_menu_typo_line_height_unit":"","ocean_menu_typo_spacing":0,"ocean_menu_typo_spacing_tablet":0,"ocean_menu_typo_spacing_mobile":0,"ocean_menu_typo_spacing_unit":"","ocean_menu_link_color":"","ocean_menu_link_color_hover":"","ocean_menu_link_color_active":"","ocean_menu_link_background":"","ocean_menu_link_hover_background":"","ocean_menu_link_active_background":"","ocean_menu_social_links_bg":"","ocean_menu_social_hover_links_bg":"","ocean_menu_social_links_color":"","ocean_menu_social_hover_links_color":"","ocean_disable_title":"default","ocean_disable_heading":"default","ocean_post_title":"","ocean_post_subheading":"","ocean_post_title_style":"","ocean_post_title_background_color":"","ocean_post_title_background":0,"ocean_post_title_bg_image_position":"","ocean_post_title_bg_image_attachment":"","ocean_post_title_bg_image_repeat":"","ocean_post_title_bg_image_size":"","ocean_post_title_height":0,"ocean_post_title_bg_overlay":0.5,"ocean_post_title_bg_overlay_color":"","ocean_disable_breadcrumbs":"default","ocean_breadcrumbs_color":"","ocean_breadcrumbs_separator_color":"","ocean_breadcrumbs_links_color":"","ocean_breadcrumbs_links_hover_color":"","ocean_display_footer_widgets":"default","ocean_display_footer_bottom":"default","ocean_custom_footer_template":"","ocean_post_oembed":"","ocean_post_self_hosted_media":"","ocean_post_video_embed":"","ocean_link_format":"","ocean_link_format_target":"self","ocean_quote_format":"","ocean_quote_format_link":"post","ocean_gallery_link_images":"on","ocean_gallery_id":[],"footnotes":""},"categories":[1],"tags":[],"class_list":["post-2669","post","type-post","status-publish","format-standard","has-post-thumbnail","hentry","category-analise","entry","has-media"],"_links":{"self":[{"href":"https:\/\/observatoriodesigualdades.fjp.mg.gov.br\/index.php?rest_route=\/wp\/v2\/posts\/2669","targetHints":{"allow":["GET"]}}],"collection":[{"href":"https:\/\/observatoriodesigualdades.fjp.mg.gov.br\/index.php?rest_route=\/wp\/v2\/posts"}],"about":[{"href":"https:\/\/observatoriodesigualdades.fjp.mg.gov.br\/index.php?rest_route=\/wp\/v2\/types\/post"}],"author":[{"embeddable":true,"href":"https:\/\/observatoriodesigualdades.fjp.mg.gov.br\/index.php?rest_route=\/wp\/v2\/users\/2"}],"replies":[{"embeddable":true,"href":"https:\/\/observatoriodesigualdades.fjp.mg.gov.br\/index.php?rest_route=%2Fwp%2Fv2%2Fcomments&post=2669"}],"version-history":[{"count":6,"href":"https:\/\/observatoriodesigualdades.fjp.mg.gov.br\/index.php?rest_route=\/wp\/v2\/posts\/2669\/revisions"}],"predecessor-version":[{"id":2680,"href":"https:\/\/observatoriodesigualdades.fjp.mg.gov.br\/index.php?rest_route=\/wp\/v2\/posts\/2669\/revisions\/2680"}],"wp:featuredmedia":[{"embeddable":true,"href":"https:\/\/observatoriodesigualdades.fjp.mg.gov.br\/index.php?rest_route=\/wp\/v2\/media\/2677"}],"wp:attachment":[{"href":"https:\/\/observatoriodesigualdades.fjp.mg.gov.br\/index.php?rest_route=%2Fwp%2Fv2%2Fmedia&parent=2669"}],"wp:term":[{"taxonomy":"category","embeddable":true,"href":"https:\/\/observatoriodesigualdades.fjp.mg.gov.br\/index.php?rest_route=%2Fwp%2Fv2%2Fcategories&post=2669"},{"taxonomy":"post_tag","embeddable":true,"href":"https:\/\/observatoriodesigualdades.fjp.mg.gov.br\/index.php?rest_route=%2Fwp%2Fv2%2Ftags&post=2669"}],"curies":[{"name":"wp","href":"https:\/\/api.w.org\/{rel}","templated":true}]}}