{"id":2695,"date":"2022-12-06T18:58:54","date_gmt":"2022-12-06T18:58:54","guid":{"rendered":"https:\/\/observatoriodesigualdades.fjp.mg.gov.br\/?p=2695"},"modified":"2023-01-10T15:31:43","modified_gmt":"2023-01-10T15:31:43","slug":"gal-gosta-resistencia-atraves-da-musica","status":"publish","type":"post","link":"https:\/\/observatoriodesigualdades.fjp.mg.gov.br\/?p=2695","title":{"rendered":"Gal Costa: resist\u00eancia atrav\u00e9s da m\u00fasica"},"content":{"rendered":"\t\t<div data-elementor-type=\"wp-post\" data-elementor-id=\"2695\" class=\"elementor elementor-2695\">\n\t\t\t\t\t\t<section class=\"elementor-section elementor-top-section elementor-element elementor-element-9b46f15 elementor-section-boxed elementor-section-height-default elementor-section-height-default\" data-id=\"9b46f15\" data-element_type=\"section\" data-e-type=\"section\">\n\t\t\t\t\t\t<div class=\"elementor-container elementor-column-gap-default\">\n\t\t\t\t\t<div class=\"elementor-column elementor-col-100 elementor-top-column elementor-element elementor-element-83a77f2\" data-id=\"83a77f2\" data-element_type=\"column\" data-e-type=\"column\">\n\t\t\t<div class=\"elementor-widget-wrap elementor-element-populated\">\n\t\t\t\t\t\t<div class=\"elementor-element elementor-element-46a042a elementor-widget elementor-widget-text-editor\" data-id=\"46a042a\" data-element_type=\"widget\" data-e-type=\"widget\" data-widget_type=\"text-editor.default\">\n\t\t\t\t<div class=\"elementor-widget-container\">\n\t\t\t\t\t\t\t\t\t<p>No \u00faltimo m\u00eas, dia 09 de novembro, morreu Gal Costa, aos 77 anos, uma figura central para a m\u00fasica brasileira. <br \/>Ela iniciou sua carreira na d\u00e9cada de 1960 e participou do movimento tropicalista, atuando em oposi\u00e7\u00e3o \u00e0 ditadura militar. Nesse per\u00edodo, ela teve \u00e1lbuns censurados pelo regime. A arte de Luiz Jasmin (imagem 1) foi censurada do encarte do primeiro disco de Gal Costa, em 1969, e seu disco \u00cdndia, lan\u00e7ado em 1973, foi vendido em uma embalagem preta lacrada, por apresentar na capa considerada contra os \u201cbons costumes\u201d (imagem 2).<\/p><p style=\"text-align: center;\">Imagem 1 &#8211; Arte de Luiz Jasmin para o disco Gal<\/p>\t\t\t\t\t\t\t\t<\/div>\n\t\t\t\t<\/div>\n\t\t\t\t<div class=\"elementor-element elementor-element-b97d753 elementor-widget elementor-widget-image\" data-id=\"b97d753\" data-element_type=\"widget\" data-e-type=\"widget\" data-widget_type=\"image.default\">\n\t\t\t\t<div class=\"elementor-widget-container\">\n\t\t\t\t\t\t\t\t\t\t\t\t\t\t\t<img fetchpriority=\"high\" decoding=\"async\" width=\"512\" height=\"354\" src=\"https:\/\/observatoriodesigualdades.fjp.mg.gov.br\/wp-content\/uploads\/2022\/12\/imagem-1.png\" class=\"attachment-large size-large wp-image-2696\" alt=\"\" srcset=\"https:\/\/observatoriodesigualdades.fjp.mg.gov.br\/wp-content\/uploads\/2022\/12\/imagem-1.png 512w, https:\/\/observatoriodesigualdades.fjp.mg.gov.br\/wp-content\/uploads\/2022\/12\/imagem-1-300x207.png 300w\" sizes=\"(max-width: 512px) 100vw, 512px\" \/>\t\t\t\t\t\t\t\t\t\t\t\t\t\t\t<\/div>\n\t\t\t\t<\/div>\n\t\t\t\t<div class=\"elementor-element elementor-element-9bd564a elementor-widget elementor-widget-text-editor\" data-id=\"9bd564a\" data-element_type=\"widget\" data-e-type=\"widget\" data-widget_type=\"text-editor.default\">\n\t\t\t\t<div class=\"elementor-widget-container\">\n\t\t\t\t\t\t\t\t\t<p style=\"text-align: center;\">Fonte: O Globo (2022)<\/p><p style=\"text-align: center;\">Imagem 2 &#8211; Capa do \u00e1lbum \u00cdndia (1973)<\/p>\t\t\t\t\t\t\t\t<\/div>\n\t\t\t\t<\/div>\n\t\t\t\t<div class=\"elementor-element elementor-element-e73a842 elementor-widget elementor-widget-image\" data-id=\"e73a842\" data-element_type=\"widget\" data-e-type=\"widget\" data-widget_type=\"image.default\">\n\t\t\t\t<div class=\"elementor-widget-container\">\n\t\t\t\t\t\t\t\t\t\t\t\t\t\t\t<img decoding=\"async\" width=\"512\" height=\"340\" src=\"https:\/\/observatoriodesigualdades.fjp.mg.gov.br\/wp-content\/uploads\/2022\/12\/imagem-2.png\" class=\"attachment-large size-large wp-image-2697\" alt=\"\" srcset=\"https:\/\/observatoriodesigualdades.fjp.mg.gov.br\/wp-content\/uploads\/2022\/12\/imagem-2.png 512w, https:\/\/observatoriodesigualdades.fjp.mg.gov.br\/wp-content\/uploads\/2022\/12\/imagem-2-300x199.png 300w\" sizes=\"(max-width: 512px) 100vw, 512px\" \/>\t\t\t\t\t\t\t\t\t\t\t\t\t\t\t<\/div>\n\t\t\t\t<\/div>\n\t\t\t\t<div class=\"elementor-element elementor-element-0cd4361 elementor-widget elementor-widget-text-editor\" data-id=\"0cd4361\" data-element_type=\"widget\" data-e-type=\"widget\" data-widget_type=\"text-editor.default\">\n\t\t\t\t<div class=\"elementor-widget-container\">\n\t\t\t\t\t\t\t\t\t<p style=\"text-align: center;\">Fonte: Gal Costa (1973)<\/p><p>Para al\u00e9m de suas produ\u00e7\u00f5es, marcadas pela liberdade e pela defesa da democracia, Gal Costa se destacou ao longo da carreira por meio de sua atua\u00e7\u00e3o pol\u00edtica, seus posicionamentos e seu papel de mulher LGBTQIA+ na ind\u00fastria musical. Em uma realidade marcada pelo machismo como a brasileira, existem in\u00fameros obst\u00e1culos para que mulheres &#8211; especialmente mulheres LGBT &#8211; alcancem uma posi\u00e7\u00e3o de destaque no meio art\u00edstico. De acordo com a pesquisa AmplifyHer, as mulheres arrecadam apenas 9% das receitas da ind\u00fastria musical e a discrimina\u00e7\u00e3o sexual ainda atinge 84% daquelas que conseguem se inserir no mercado, al\u00e9m do problema da hiperssexualiza\u00e7\u00e3o feminina presente em toda a ind\u00fastria cultural. <br \/>Nesse sentido, mesmo sem expor sua vida pessoal, Gal se posicionou a favor da liberdade sexual, contra r\u00f3tulos e padr\u00f5es para a sexualidade. Noleto (2014) mostra como as performances da artista, com a peculiaridade e as inspira\u00e7\u00f5es de seu canto e o modo de usar a sensualidade e o erotismo, contribuem para que ela seja classificada como a primeira cantora moderna do Brasil, no sentido de ser aberta \u00e0 versatilidade e \u00e0 diversidade. Desse modo, a atua\u00e7\u00e3o de Gal Costa como \u00fanica mulher que participou desde a cria\u00e7\u00e3o do Tropicalismo produziu discuss\u00f5es sobre g\u00eanero, liberdade e sexualidade, \u201ctrazendo uma adapta\u00e7\u00e3o do discurso feminista para dentro de sua performance c\u00eanica e servindo tamb\u00e9m como estrat\u00e9gia de marketing para posicionar a cantora no mercado fonogr\u00e1fico do Brasil\u201d (NOZAKI, 2014, p. 65). Esse discurso feminista defende a independ\u00eancia das mulheres quanto \u00e0 express\u00e3o de sua sexualidade e ao conhecimento do pr\u00f3prio corpo, contra a ideologia patriarcal. <br \/>A vida de Gal Costa deve ser lembrada como exemplo de resist\u00eancia, defesa da democracia e enfrentamento aos padr\u00f5es de sexualidade por meio da m\u00fasica e da arte, sem medo de se expressar e de se posicionar.<\/p><p>\u00a0<\/p><p>Elabora\u00e7\u00e3o: Anna Clara Mattos e Alexandre Henrique, sob a orienta\u00e7\u00e3o de Matheus Arcelo<\/p><p>*O Observat\u00f3rio das Desigualdades \u00e9 um projeto de extens\u00e3o. O conte\u00fado e as opini\u00f5es expressas n\u00e3o refletem necessariamente o posicionamento da Funda\u00e7\u00e3o Jo\u00e3o Pinheiro ou do CORECON \u2013 MG.<\/p><p>\u00a0<\/p><p><strong>Refer\u00eancias<\/strong><br \/>NOLETO, Rafael. &#8220;Eu sou uma fruta &#8216;gog\u00f3ia&#8217;, eu sou uma mo\u00e7a&#8221;: Gal Costa e o Tropicalismo no feminino. Per Musi, dez. 2014. Dispon\u00edvel em: &lt;https:\/\/www.scielo.br\/j\/pm\/a\/cXFZXhwNDgP87PnH5r8F8py\/abstract\/?lang=pt&gt;. Acesso em: 16 nov. 2022.<\/p><p>AmplifyHer: Voicing the experience of women musicians in Brazil. Sonora, S\u00e3o Paulo, 2021. Dispon\u00edvel em: &lt;http:\/\/www.sonora.me\/amplifyher-sp\/&gt;. Acesso em: 16 nov. 2022.<\/p>\t\t\t\t\t\t\t\t<\/div>\n\t\t\t\t<\/div>\n\t\t\t\t\t<\/div>\n\t\t<\/div>\n\t\t\t\t\t<\/div>\n\t\t<\/section>\n\t\t\t\t<\/div>\n\t\t","protected":false},"excerpt":{"rendered":"<p>No \u00faltimo m\u00eas, dia 09 de novembro, morreu Gal Costa, aos 77 anos, uma figura central para a m\u00fasica brasileira. Ela iniciou sua carreira na d\u00e9cada de 1960 e participou do movimento tropicalista, atuando em oposi\u00e7\u00e3o \u00e0 ditadura militar. Nesse per\u00edodo, ela teve \u00e1lbuns censurados pelo regime. A arte de Luiz Jasmin (imagem 1) foi [&hellip;]<\/p>\n","protected":false},"author":2,"featured_media":2749,"comment_status":"open","ping_status":"open","sticky":false,"template":"","format":"standard","meta":{"ocean_post_layout":"","ocean_both_sidebars_style":"","ocean_both_sidebars_content_width":0,"ocean_both_sidebars_sidebars_width":0,"ocean_sidebar":"0","ocean_second_sidebar":"0","ocean_disable_margins":"enable","ocean_add_body_class":"","ocean_shortcode_before_top_bar":"","ocean_shortcode_after_top_bar":"","ocean_shortcode_before_header":"","ocean_shortcode_after_header":"","ocean_has_shortcode":"","ocean_shortcode_after_title":"","ocean_shortcode_before_footer_widgets":"","ocean_shortcode_after_footer_widgets":"","ocean_shortcode_before_footer_bottom":"","ocean_shortcode_after_footer_bottom":"","ocean_display_top_bar":"default","ocean_display_header":"default","ocean_header_style":"","ocean_center_header_left_menu":"0","ocean_custom_header_template":"0","ocean_custom_logo":0,"ocean_custom_retina_logo":0,"ocean_custom_logo_max_width":0,"ocean_custom_logo_tablet_max_width":0,"ocean_custom_logo_mobile_max_width":0,"ocean_custom_logo_max_height":0,"ocean_custom_logo_tablet_max_height":0,"ocean_custom_logo_mobile_max_height":0,"ocean_header_custom_menu":"0","ocean_menu_typo_font_family":"0","ocean_menu_typo_font_subset":"","ocean_menu_typo_font_size":0,"ocean_menu_typo_font_size_tablet":0,"ocean_menu_typo_font_size_mobile":0,"ocean_menu_typo_font_size_unit":"px","ocean_menu_typo_font_weight":"","ocean_menu_typo_font_weight_tablet":"","ocean_menu_typo_font_weight_mobile":"","ocean_menu_typo_transform":"","ocean_menu_typo_transform_tablet":"","ocean_menu_typo_transform_mobile":"","ocean_menu_typo_line_height":0,"ocean_menu_typo_line_height_tablet":0,"ocean_menu_typo_line_height_mobile":0,"ocean_menu_typo_line_height_unit":"","ocean_menu_typo_spacing":0,"ocean_menu_typo_spacing_tablet":0,"ocean_menu_typo_spacing_mobile":0,"ocean_menu_typo_spacing_unit":"","ocean_menu_link_color":"","ocean_menu_link_color_hover":"","ocean_menu_link_color_active":"","ocean_menu_link_background":"","ocean_menu_link_hover_background":"","ocean_menu_link_active_background":"","ocean_menu_social_links_bg":"","ocean_menu_social_hover_links_bg":"","ocean_menu_social_links_color":"","ocean_menu_social_hover_links_color":"","ocean_disable_title":"default","ocean_disable_heading":"default","ocean_post_title":"","ocean_post_subheading":"","ocean_post_title_style":"","ocean_post_title_background_color":"","ocean_post_title_background":0,"ocean_post_title_bg_image_position":"","ocean_post_title_bg_image_attachment":"","ocean_post_title_bg_image_repeat":"","ocean_post_title_bg_image_size":"","ocean_post_title_height":0,"ocean_post_title_bg_overlay":0.5,"ocean_post_title_bg_overlay_color":"","ocean_disable_breadcrumbs":"default","ocean_breadcrumbs_color":"","ocean_breadcrumbs_separator_color":"","ocean_breadcrumbs_links_color":"","ocean_breadcrumbs_links_hover_color":"","ocean_display_footer_widgets":"default","ocean_display_footer_bottom":"default","ocean_custom_footer_template":"0","ocean_post_oembed":"","ocean_post_self_hosted_media":"","ocean_post_video_embed":"","ocean_link_format":"","ocean_link_format_target":"self","ocean_quote_format":"","ocean_quote_format_link":"post","ocean_gallery_link_images":"off","ocean_gallery_id":[],"footnotes":""},"categories":[1],"tags":[],"class_list":["post-2695","post","type-post","status-publish","format-standard","has-post-thumbnail","hentry","category-analise","entry","has-media"],"_links":{"self":[{"href":"https:\/\/observatoriodesigualdades.fjp.mg.gov.br\/index.php?rest_route=\/wp\/v2\/posts\/2695","targetHints":{"allow":["GET"]}}],"collection":[{"href":"https:\/\/observatoriodesigualdades.fjp.mg.gov.br\/index.php?rest_route=\/wp\/v2\/posts"}],"about":[{"href":"https:\/\/observatoriodesigualdades.fjp.mg.gov.br\/index.php?rest_route=\/wp\/v2\/types\/post"}],"author":[{"embeddable":true,"href":"https:\/\/observatoriodesigualdades.fjp.mg.gov.br\/index.php?rest_route=\/wp\/v2\/users\/2"}],"replies":[{"embeddable":true,"href":"https:\/\/observatoriodesigualdades.fjp.mg.gov.br\/index.php?rest_route=%2Fwp%2Fv2%2Fcomments&post=2695"}],"version-history":[{"count":7,"href":"https:\/\/observatoriodesigualdades.fjp.mg.gov.br\/index.php?rest_route=\/wp\/v2\/posts\/2695\/revisions"}],"predecessor-version":[{"id":2752,"href":"https:\/\/observatoriodesigualdades.fjp.mg.gov.br\/index.php?rest_route=\/wp\/v2\/posts\/2695\/revisions\/2752"}],"wp:featuredmedia":[{"embeddable":true,"href":"https:\/\/observatoriodesigualdades.fjp.mg.gov.br\/index.php?rest_route=\/wp\/v2\/media\/2749"}],"wp:attachment":[{"href":"https:\/\/observatoriodesigualdades.fjp.mg.gov.br\/index.php?rest_route=%2Fwp%2Fv2%2Fmedia&parent=2695"}],"wp:term":[{"taxonomy":"category","embeddable":true,"href":"https:\/\/observatoriodesigualdades.fjp.mg.gov.br\/index.php?rest_route=%2Fwp%2Fv2%2Fcategories&post=2695"},{"taxonomy":"post_tag","embeddable":true,"href":"https:\/\/observatoriodesigualdades.fjp.mg.gov.br\/index.php?rest_route=%2Fwp%2Fv2%2Ftags&post=2695"}],"curies":[{"name":"wp","href":"https:\/\/api.w.org\/{rel}","templated":true}]}}