{"id":2711,"date":"2022-12-19T18:09:19","date_gmt":"2022-12-19T18:09:19","guid":{"rendered":"https:\/\/observatoriodesigualdades.fjp.mg.gov.br\/?p=2711"},"modified":"2023-01-10T15:34:50","modified_gmt":"2023-01-10T15:34:50","slug":"sintese-de-indicadores-sociais-o-mercado-de-trabalho-brasileiro","status":"publish","type":"post","link":"https:\/\/observatoriodesigualdades.fjp.mg.gov.br\/?p=2711","title":{"rendered":"S\u00edntese de Indicadores Sociais: o mercado de trabalho brasileiro"},"content":{"rendered":"\t\t<div data-elementor-type=\"wp-post\" data-elementor-id=\"2711\" class=\"elementor elementor-2711\">\n\t\t\t\t\t\t<section class=\"elementor-section elementor-top-section elementor-element elementor-element-09c3874 elementor-section-boxed elementor-section-height-default elementor-section-height-default\" data-id=\"09c3874\" data-element_type=\"section\" data-e-type=\"section\">\n\t\t\t\t\t\t<div class=\"elementor-container elementor-column-gap-default\">\n\t\t\t\t\t<div class=\"elementor-column elementor-col-100 elementor-top-column elementor-element elementor-element-1c6649a\" data-id=\"1c6649a\" data-element_type=\"column\" data-e-type=\"column\">\n\t\t\t<div class=\"elementor-widget-wrap elementor-element-populated\">\n\t\t\t\t\t\t<div class=\"elementor-element elementor-element-1777b08 elementor-widget elementor-widget-text-editor\" data-id=\"1777b08\" data-element_type=\"widget\" data-e-type=\"widget\" data-widget_type=\"text-editor.default\">\n\t\t\t\t<div class=\"elementor-widget-container\">\n\t\t\t\t\t\t\t\t\t<p><span style=\"font-weight: 400;\">O Brasil, na maior parte de sua trajet\u00f3ria econ\u00f4mica, teve como norte o modelo prim\u00e1rio-exportador para a organiza\u00e7\u00e3o e planejamento das suas atividades econ\u00f4micas, focando na explora\u00e7\u00e3o extensiva de recursos naturais e recursos humanos. Isso contribuiu para a atual configura\u00e7\u00e3o de desigualdade de renda no pa\u00eds, visto que a apropria\u00e7\u00e3o dos ganhos produzidos pelos trabalhadores era realizada por uma pequena parte da sociedade. O mercado de trabalho no pa\u00eds acaba por refletir essas caracter\u00edsticas, sendo marcado pela elevada desigualdade de rendimentos entre trabalhadores (IBGE, 2022). Durante os primeiros anos da d\u00e9cada de 2010, principalmente impulsionado pela amplia\u00e7\u00e3o da renda (via transfer\u00eancias e benef\u00edcios vinculados ao sal\u00e1rio m\u00ednimo) e do cr\u00e9dito, reajustes reais e continuados do Sal\u00e1rio M\u00ednimo, e tamb\u00e9m pelo uso distributivo dos ganhos gerados pelo boom das commodities, o mercado de trabalho brasileiro apresentou crescimento do n\u00famero de empregos dispon\u00edveis, segundo not\u00edcia da BBC da \u00e9poca, a taxa de desemprego era de 5,7% e a renda do trabalhador cresceu em m\u00e9dia 5% ao ano (IBGE, 2022; BBC; 2010). Ap\u00f3s 2015, o cen\u00e1rio inverteu-se, ocorrendo inclusive a queda da renda agregada brasileira, a economia piorou ainda mais com a pandemia da COVID-19, que destruiu postos de trabalho, aumentando o desemprego (IBGE, 2022). De acordo com o El Pa\u00eds, mais de 8 milh\u00f5es de brasileiros perderam o emprego entre 2020 e 2021 e a taxa de desemprego atingiu o patamar de 14,2% (El Pa\u00eds, 2021).<\/span><\/p><p><span style=\"font-weight: 400;\">Na Figura 1, tem-se o n\u00edvel de ocupa\u00e7\u00e3o, a taxa de desocupa\u00e7\u00e3o e a taxa de subutiliza\u00e7\u00e3o da for\u00e7a de trabalho brasileira entre 2012 e 2021. Entre 2015 e 2017 a taxa de desocupa\u00e7\u00e3o e a taxa de subutiliza\u00e7\u00e3o cresceram significativamente, apresentando o mesmo comportamento depois de 2019. O n\u00edvel de ocupa\u00e7\u00e3o apresentou uma queda relevante de 2019 para 2020, ano que coincide justamente ao in\u00edcio da pandemia de COVID-19, e voltou a crescer em 2021, ainda que n\u00e3o tenha chegado a um n\u00edvel maior que o de 2019. Atualmente, cerca de metade da popula\u00e7\u00e3o brasileira encontra-se desocupada ou fora da for\u00e7a de trabalho, al\u00e9m disso, os postos de trabalho recuperados foram de baixa qualidade, ou seja, trabalhos prec\u00e1rios e com remunera\u00e7\u00e3o m\u00e9dia menor. (IBGE, 2022).<\/span><\/p><p style=\"text-align: center;\"><span style=\"font-weight: 400;\">Figura 1<\/span><\/p><p><img fetchpriority=\"high\" decoding=\"async\" class=\"aligncenter size-full wp-image-2712\" src=\"http:\/\/observatoriodesigualdades.fjp.mg.gov.br\/wp-content\/uploads\/2022\/12\/Captura-de-Tela-2022-12-13-a\u0300s-21.05.41.png\" alt=\"\" width=\"933\" height=\"710\" srcset=\"https:\/\/observatoriodesigualdades.fjp.mg.gov.br\/wp-content\/uploads\/2022\/12\/Captura-de-Tela-2022-12-13-a\u0300s-21.05.41.png 933w, https:\/\/observatoriodesigualdades.fjp.mg.gov.br\/wp-content\/uploads\/2022\/12\/Captura-de-Tela-2022-12-13-a\u0300s-21.05.41-300x228.png 300w, https:\/\/observatoriodesigualdades.fjp.mg.gov.br\/wp-content\/uploads\/2022\/12\/Captura-de-Tela-2022-12-13-a\u0300s-21.05.41-768x584.png 768w\" sizes=\"(max-width: 933px) 100vw, 933px\" \/><\/p><p><span style=\"font-weight: 400;\">Outro ponto importante \u00e9 a composi\u00e7\u00e3o das atividades econ\u00f4micas, que reflete o perfil produtivo de um pa\u00eds.<\/span> <span style=\"font-weight: 400;\">Considerando a rela\u00e7\u00e3o entre composi\u00e7\u00e3o das atividades econ\u00f4micas e ra\u00e7a, como exposto na Figura 2, verifica-se que existe uma segmenta\u00e7\u00e3o bem marcada, configurando uma segrega\u00e7\u00e3o racial dentro do mercado de trabalho brasileiro. As atividades que s\u00e3o ocupadas principalmente por pretos e pardos s\u00e3o: a agropecu\u00e1ria, a constru\u00e7\u00e3o e servi\u00e7os dom\u00e9sticos. As atividades que s\u00e3o ocupadas principalmente por brancos s\u00e3o:<\/span> <span style=\"font-weight: 400;\">atividades financeiras e outras atividades profissionais e Administrac\u0327a\u0303o pu\u0301blica, educac\u0327a\u0303o, sau\u0301de e servic\u0327os sociais. Tendo isso em vista, torna-se claro que as atividades ocupadas por pretos e pardos s\u00e3o aqueles que possuem rendimentos inferiores quando comparados com as atividades desenvolvidas pelos brancos, que inclusive apresentaram rendimentos superiores \u00e0 m\u00e9dia, evidenciando uma desigualdade do mercado de trabalho no pa\u00eds (IBGE, 2022).<\/span><\/p><p style=\"text-align: center;\"><span style=\"font-weight: 400;\">Figura 2<\/span><\/p><p><img decoding=\"async\" class=\"aligncenter size-full wp-image-2713\" src=\"http:\/\/observatoriodesigualdades.fjp.mg.gov.br\/wp-content\/uploads\/2022\/12\/Captura-de-Tela-2022-12-13-a\u0300s-22.07.51.png\" alt=\"\" width=\"698\" height=\"771\" srcset=\"https:\/\/observatoriodesigualdades.fjp.mg.gov.br\/wp-content\/uploads\/2022\/12\/Captura-de-Tela-2022-12-13-a\u0300s-22.07.51.png 698w, https:\/\/observatoriodesigualdades.fjp.mg.gov.br\/wp-content\/uploads\/2022\/12\/Captura-de-Tela-2022-12-13-a\u0300s-22.07.51-272x300.png 272w\" sizes=\"(max-width: 698px) 100vw, 698px\" \/><\/p><p><span style=\"font-weight: 400;\">Finalmente, um \u00faltimo aspecto importante de um mercado de trabalho \u00e9 o n\u00edvel de informalidade dos postos de trabalho. No Brasil, a maioria dos postos de trabalho s\u00e3o informais, o que constitui em uma importante fonte de desigualdades. Assim, essa forma de v\u00ednculo empregat\u00edcio propicia a exist\u00eancia de elevado contingente de trabalhadores que n\u00e3o possuem direito aos mecanismos de protec\u0327a\u0303o social, como o direito a\u0300 aposentadoria e a\u0300s licenc\u0327as remuneradas (IBGE, 2022). Isso foi especialmente agravado com a nova reforma trabalhista, que contribuiu para a precariza\u00e7\u00e3o das condi\u00e7\u00f5es de trabalho, segundo o jornal Nexo, \u201cfoi produzida uma nova legisla\u00e7\u00e3o para atender, dentre outras, as premissas de: (i) facilitar o emprego de m\u00e3o de obra mediante contratos prec\u00e1rios, entendendo-os como aqueles em que os trabalhadores s\u00e3o submetidos \u00e0s condi\u00e7\u00f5es menos ben\u00e9ficas do que as relativas aos contratos convencionais; (ii) reduzir direitos em rela\u00e7\u00e3o \u00e0 jornada e \u00e0 remunera\u00e7\u00e3o dos empregados; (iii) privilegiar o acordo individual entre empregado e empregador, inclusive, para minorar ou suprimir direitos trabalhistas, afastando a obrigatoriedade de media\u00e7\u00e3o sindical; (iv) prevalecer o negociado coletivamente sobre o legislado mesmo para supress\u00e3o ou redu\u00e7\u00e3o de direitos dos trabalhadores e (v) enfraquecer as entidades sindicais profissionais com asfixia financeira, mediante a impossibilidade de cobran\u00e7a de contribui\u00e7\u00e3o sindical de n\u00e3o-s\u00f3cios, combinada com o fim da ultratividade de acordos e conven\u00e7\u00f5es coletivas de trabalho (a persist\u00eancia das regras negociadas coletivamente mesmo ap\u00f3s a vig\u00eancia do instrumento que as instituiu at\u00e9 que sobrevenha outro que as renove ou revogue expressamente)\u201d (Nexo, 2022). Quando comparado o ano de 2021 e 2020, verificou-se o aumento do n\u00famero de pessoas ocupadas com trabalho informal, especialmente entre os indiv\u00edduos pretos ou pardos. Isso \u00e9 uma caracter\u00edstica hist\u00f3rica do mercado de trabalho brasileiro, em que a maioria das pessoas que ocupam postos de trabalho informais e n\u00e3o contribuem para a previd\u00eancia s\u00e3o pessoas de cor ou rac\u0327a preta ou parda, contribuindo para a perpetua\u00e7\u00e3o da desigualdade racial no Brasil (IBGE, 2022).<\/span><\/p><p><strong>Autores: Lorena Auarek, sob a orienta\u00e7\u00e3o do professor Bruno Lazzarotti.<\/strong><\/p><p>*O Observat\u00f3rio das Desigualdades \u00e9 um projeto de extens\u00e3o. O conte\u00fado e as opini\u00f5es expressas n\u00e3o refletem necessariamente o posicionamento da Funda\u00e7\u00e3o Jo\u00e3o Pinheiro ou do CORECON \u2013 MG.<\/p><p><br \/><br \/><br \/><br \/><\/p><p><span style=\"font-weight: 400;\">Refer\u00eancias\u00a0<\/span><\/p><p>\u00a0<\/p><p><span style=\"font-weight: 400;\">BBC. <\/span><b>Era Lula chega ao fim com emprego recorde e risco inflacion\u00e1rio<\/b><span style=\"font-weight: 400;\">, 2010. Dispon\u00edvel em:&lt;https:\/\/www.bbc.com\/portuguese\/noticias\/2010\/12\/101227_eralula_economia&gt;<\/span><\/p><p><span style=\"font-weight: 400;\">El Pa\u00eds. <\/span><b>Em um ano, mais de 8 milh\u00f5es de brasileiros perderam seus empregos, <\/b><span style=\"font-weight: 400;\">2021. Dispon\u00edvel em: &lt;https:\/\/brasil.elpais.com\/economia\/2021-03-31\/em-um-ano-mais-de-8-milhoes-de-brasileiros-perderam-seus-empregos.html&gt;<\/span><\/p><p><span style=\"font-weight: 400;\">IBGE. <\/span> <b>Si\u0301ntese de Indicadores Sociais: Uma ana\u0301lise das condic\u0327o\u0303es de vida da populac\u0327a\u0303o brasileira 2022<\/b><span style=\"font-weight: 400;\">. 2022. Dispon\u00edvel em:&lt;https:\/\/biblioteca.ibge.gov.br\/index.php\/biblioteca-catalogo?view=detalhes&amp;id=2101678&gt;<\/span><\/p><p><span style=\"font-weight: 400;\">Nexo. <\/span><b>5 anos: os resultados das promessas da reforma trabalhista<\/b><span style=\"font-weight: 400;\">, 2022. Dispon\u00edvel em: &lt;https:\/\/www.nexojornal.com.br\/ensaio\/2022\/11\/27\/5-anos-os-resultados-das-promessas-da-reforma-trabalhista&gt;<\/span><\/p>\t\t\t\t\t\t\t\t<\/div>\n\t\t\t\t<\/div>\n\t\t\t\t\t<\/div>\n\t\t<\/div>\n\t\t\t\t\t<\/div>\n\t\t<\/section>\n\t\t\t\t<\/div>\n\t\t","protected":false},"excerpt":{"rendered":"<p>O Brasil, na maior parte de sua trajet\u00f3ria econ\u00f4mica, teve como norte o modelo prim\u00e1rio-exportador para a organiza\u00e7\u00e3o e planejamento das suas atividades econ\u00f4micas, focando na explora\u00e7\u00e3o extensiva de recursos naturais e recursos humanos. Isso contribuiu para a atual configura\u00e7\u00e3o de desigualdade de renda no pa\u00eds, visto que a apropria\u00e7\u00e3o dos ganhos produzidos pelos trabalhadores [&hellip;]<\/p>\n","protected":false},"author":2,"featured_media":2712,"comment_status":"open","ping_status":"open","sticky":false,"template":"","format":"standard","meta":{"ocean_post_layout":"","ocean_both_sidebars_style":"","ocean_both_sidebars_content_width":0,"ocean_both_sidebars_sidebars_width":0,"ocean_sidebar":"","ocean_second_sidebar":"","ocean_disable_margins":"enable","ocean_add_body_class":"","ocean_shortcode_before_top_bar":"","ocean_shortcode_after_top_bar":"","ocean_shortcode_before_header":"","ocean_shortcode_after_header":"","ocean_has_shortcode":"","ocean_shortcode_after_title":"","ocean_shortcode_before_footer_widgets":"","ocean_shortcode_after_footer_widgets":"","ocean_shortcode_before_footer_bottom":"","ocean_shortcode_after_footer_bottom":"","ocean_display_top_bar":"default","ocean_display_header":"default","ocean_header_style":"","ocean_center_header_left_menu":"","ocean_custom_header_template":"","ocean_custom_logo":0,"ocean_custom_retina_logo":0,"ocean_custom_logo_max_width":0,"ocean_custom_logo_tablet_max_width":0,"ocean_custom_logo_mobile_max_width":0,"ocean_custom_logo_max_height":0,"ocean_custom_logo_tablet_max_height":0,"ocean_custom_logo_mobile_max_height":0,"ocean_header_custom_menu":"","ocean_menu_typo_font_family":"","ocean_menu_typo_font_subset":"","ocean_menu_typo_font_size":0,"ocean_menu_typo_font_size_tablet":0,"ocean_menu_typo_font_size_mobile":0,"ocean_menu_typo_font_size_unit":"px","ocean_menu_typo_font_weight":"","ocean_menu_typo_font_weight_tablet":"","ocean_menu_typo_font_weight_mobile":"","ocean_menu_typo_transform":"","ocean_menu_typo_transform_tablet":"","ocean_menu_typo_transform_mobile":"","ocean_menu_typo_line_height":0,"ocean_menu_typo_line_height_tablet":0,"ocean_menu_typo_line_height_mobile":0,"ocean_menu_typo_line_height_unit":"","ocean_menu_typo_spacing":0,"ocean_menu_typo_spacing_tablet":0,"ocean_menu_typo_spacing_mobile":0,"ocean_menu_typo_spacing_unit":"","ocean_menu_link_color":"","ocean_menu_link_color_hover":"","ocean_menu_link_color_active":"","ocean_menu_link_background":"","ocean_menu_link_hover_background":"","ocean_menu_link_active_background":"","ocean_menu_social_links_bg":"","ocean_menu_social_hover_links_bg":"","ocean_menu_social_links_color":"","ocean_menu_social_hover_links_color":"","ocean_disable_title":"default","ocean_disable_heading":"default","ocean_post_title":"","ocean_post_subheading":"","ocean_post_title_style":"","ocean_post_title_background_color":"","ocean_post_title_background":0,"ocean_post_title_bg_image_position":"","ocean_post_title_bg_image_attachment":"","ocean_post_title_bg_image_repeat":"","ocean_post_title_bg_image_size":"","ocean_post_title_height":0,"ocean_post_title_bg_overlay":0.5,"ocean_post_title_bg_overlay_color":"","ocean_disable_breadcrumbs":"default","ocean_breadcrumbs_color":"","ocean_breadcrumbs_separator_color":"","ocean_breadcrumbs_links_color":"","ocean_breadcrumbs_links_hover_color":"","ocean_display_footer_widgets":"default","ocean_display_footer_bottom":"default","ocean_custom_footer_template":"","ocean_post_oembed":"","ocean_post_self_hosted_media":"","ocean_post_video_embed":"","ocean_link_format":"","ocean_link_format_target":"self","ocean_quote_format":"","ocean_quote_format_link":"post","ocean_gallery_link_images":"on","ocean_gallery_id":[],"footnotes":""},"categories":[1],"tags":[],"class_list":["post-2711","post","type-post","status-publish","format-standard","has-post-thumbnail","hentry","category-analise","entry","has-media"],"_links":{"self":[{"href":"https:\/\/observatoriodesigualdades.fjp.mg.gov.br\/index.php?rest_route=\/wp\/v2\/posts\/2711","targetHints":{"allow":["GET"]}}],"collection":[{"href":"https:\/\/observatoriodesigualdades.fjp.mg.gov.br\/index.php?rest_route=\/wp\/v2\/posts"}],"about":[{"href":"https:\/\/observatoriodesigualdades.fjp.mg.gov.br\/index.php?rest_route=\/wp\/v2\/types\/post"}],"author":[{"embeddable":true,"href":"https:\/\/observatoriodesigualdades.fjp.mg.gov.br\/index.php?rest_route=\/wp\/v2\/users\/2"}],"replies":[{"embeddable":true,"href":"https:\/\/observatoriodesigualdades.fjp.mg.gov.br\/index.php?rest_route=%2Fwp%2Fv2%2Fcomments&post=2711"}],"version-history":[{"count":9,"href":"https:\/\/observatoriodesigualdades.fjp.mg.gov.br\/index.php?rest_route=\/wp\/v2\/posts\/2711\/revisions"}],"predecessor-version":[{"id":2762,"href":"https:\/\/observatoriodesigualdades.fjp.mg.gov.br\/index.php?rest_route=\/wp\/v2\/posts\/2711\/revisions\/2762"}],"wp:featuredmedia":[{"embeddable":true,"href":"https:\/\/observatoriodesigualdades.fjp.mg.gov.br\/index.php?rest_route=\/wp\/v2\/media\/2712"}],"wp:attachment":[{"href":"https:\/\/observatoriodesigualdades.fjp.mg.gov.br\/index.php?rest_route=%2Fwp%2Fv2%2Fmedia&parent=2711"}],"wp:term":[{"taxonomy":"category","embeddable":true,"href":"https:\/\/observatoriodesigualdades.fjp.mg.gov.br\/index.php?rest_route=%2Fwp%2Fv2%2Fcategories&post=2711"},{"taxonomy":"post_tag","embeddable":true,"href":"https:\/\/observatoriodesigualdades.fjp.mg.gov.br\/index.php?rest_route=%2Fwp%2Fv2%2Ftags&post=2711"}],"curies":[{"name":"wp","href":"https:\/\/api.w.org\/{rel}","templated":true}]}}