{"id":2804,"date":"2023-01-25T12:14:14","date_gmt":"2023-01-25T12:14:14","guid":{"rendered":"https:\/\/observatoriodesigualdades.fjp.mg.gov.br\/?p=2804"},"modified":"2023-02-28T18:59:24","modified_gmt":"2023-02-28T18:59:24","slug":"minas-pela-igualdade-um-olhar-sobre-as-financas-publicas-do-estado","status":"publish","type":"post","link":"https:\/\/observatoriodesigualdades.fjp.mg.gov.br\/?p=2804","title":{"rendered":"Minas pela Igualdade: um olhar sobre as finan\u00e7as p\u00fablicas do estado"},"content":{"rendered":"\t\t<div data-elementor-type=\"wp-post\" data-elementor-id=\"2804\" class=\"elementor elementor-2804\">\n\t\t\t\t\t\t<section class=\"elementor-section elementor-top-section elementor-element elementor-element-da45dfb elementor-section-boxed elementor-section-height-default elementor-section-height-default\" data-id=\"da45dfb\" data-element_type=\"section\" data-e-type=\"section\">\n\t\t\t\t\t\t<div class=\"elementor-container elementor-column-gap-default\">\n\t\t\t\t\t<div class=\"elementor-column elementor-col-100 elementor-top-column elementor-element elementor-element-72dc43c\" data-id=\"72dc43c\" data-element_type=\"column\" data-e-type=\"column\">\n\t\t\t<div class=\"elementor-widget-wrap elementor-element-populated\">\n\t\t\t\t\t\t<div class=\"elementor-element elementor-element-3773aed elementor-widget elementor-widget-text-editor\" data-id=\"3773aed\" data-element_type=\"widget\" data-e-type=\"widget\" data-widget_type=\"text-editor.default\">\n\t\t\t\t<div class=\"elementor-widget-container\">\n\t\t\t\t\t\t\t\t\t<p><span style=\"font-weight: 400;\">Durante o ano de 2022, o Observat\u00f3rio das Desigualdades desenvolveu o projeto Minas pela Igualdade, que foi financiado por meio de uma emenda impositiva proposta pelo deputado estadual Andr\u00e9 Quint\u00e3o. Em sua constru\u00e7\u00e3o, um dos eixos do trabalho foi o de finan\u00e7as p\u00fablicas, com a produ\u00e7\u00e3o do artigo \u201cTRIBUTAC\u0327A\u0303O E COMPRAS PU\u0301BLICAS EM MINAS GERAIS: COMO MITIGAR AS DESIGUALDADES?\u201d. Neste post, trazemos um breve panorama das caracter\u00edsticas das finan\u00e7as p\u00fablicas do estado de Minas Gerais, tendo como\u00a0 base o artigo produzido pela equipe do Observat\u00f3rio e da Funda\u00e7\u00e3o Jo\u00e3o Pinheiro, com apoio e fornecimento de dados por parte da Secretaria de Estado de Planejamento e Gest\u00e3o de Minas Gerais (Seplag).<\/span><\/p><p><span style=\"font-weight: 400;\">As finan\u00e7as p\u00fablicas, geralmente, s\u00e3o um assunto de grande interesse da popula\u00e7\u00e3o, seja pelo aspecto do tamanho da d\u00edvida de um pa\u00eds e as formas de controlar ela, seja pelo lado da arrecada\u00e7\u00e3o dos tributos e como eles influenciam a economia. A gest\u00e3o das finan\u00e7as p\u00fablicas pode ser discutida a partir das receitas e despesas dos entes federativos &#8211; Uni\u00e3o, Estados e Munic\u00edpios (Leal Filho et al., 2022). Uma forma de receita s\u00e3o os tributos arrecadados pelo Estado, enquanto um exemplo de despesa s\u00e3o as compras p\u00fablicas necess\u00e1rias para a manuten\u00e7\u00e3o das fun\u00e7\u00f5es do Estado.<\/span><\/p><p><span style=\"font-weight: 400;\">Em rela\u00e7\u00e3o ao lado das receitas, focando nas caracter\u00edsticas da tributa\u00e7\u00e3o no pa\u00eds, percebe-se que o sistema tribut\u00e1rio brasileiro possui como principal particularidade a alta regressividade de seus impostos, visto que a maior parte dos tributos s\u00e3o indiretos e cumulativos, que acabam por impactar principalmente os trabalhadores e os mais pobres. A Figura 1, ilustra os tipos de tributos que existem e exemplos de impostos no Brasil para cada tipo. Em pa\u00edses desenvolvidos observa-se a maior carga de arrecada\u00e7\u00e3o originada de impostos sobre a renda, contudo no Brasil, ela depende majoritariamente de impostos sobre o consumo (Leal Filho et al., 2022).\u00a0<\/span><\/p><p style=\"text-align: center;\"><span style=\"font-weight: 400;\">Figura 1 &#8211; Quadro resumo da distribui\u00e7\u00e3o da carga tribut\u00e1ria<\/span><\/p><p><img fetchpriority=\"high\" decoding=\"async\" class=\"aligncenter size-large wp-image-2805\" src=\"http:\/\/observatoriodesigualdades.fjp.mg.gov.br\/wp-content\/uploads\/2023\/01\/Captura-de-Tela-2023-01-11-a\u0300s-09.13.40-1024x372.png\" alt=\"\" width=\"1024\" height=\"372\" srcset=\"https:\/\/observatoriodesigualdades.fjp.mg.gov.br\/wp-content\/uploads\/2023\/01\/Captura-de-Tela-2023-01-11-a\u0300s-09.13.40-1024x372.png 1024w, https:\/\/observatoriodesigualdades.fjp.mg.gov.br\/wp-content\/uploads\/2023\/01\/Captura-de-Tela-2023-01-11-a\u0300s-09.13.40-300x109.png 300w, https:\/\/observatoriodesigualdades.fjp.mg.gov.br\/wp-content\/uploads\/2023\/01\/Captura-de-Tela-2023-01-11-a\u0300s-09.13.40-768x279.png 768w, https:\/\/observatoriodesigualdades.fjp.mg.gov.br\/wp-content\/uploads\/2023\/01\/Captura-de-Tela-2023-01-11-a\u0300s-09.13.40.png 1066w\" sizes=\"(max-width: 1024px) 100vw, 1024px\" \/><\/p><p style=\"text-align: center;\"><span style=\"font-weight: 400;\">Fonte: <\/span><span style=\"font-weight: 400;\">Leal Filho et al.<\/span><span style=\"font-weight: 400;\">, 2022<\/span><\/p><p><span style=\"font-weight: 400;\">O outro lado, tamb\u00e9m importante para as finan\u00e7as p\u00fablicas, o da despesa, representa cerca de 20% do PIB brasileiro, assim a atuac\u0327a\u0303o governamental influencia o pro\u0301prio resultado econo\u0302mico. A an\u00e1lise das despesas p\u00fablicas mostra-se importante para a compreens\u00e3o das desigualdades sociais, pois influencia em como \u00e9 realizada a transfer\u00eancia de renda na sociedade (Leal Filho et al., 2022). Dessa forma, pretende-se tra\u00e7ar o perfil das compras p\u00fablicas para o estado de Minas Gerais.<\/span><\/p><p><span style=\"font-weight: 400;\">A participa\u00e7\u00e3o de empresas mineiras nas compras p\u00fablicas de Minas Gerais como fornecedores de bens e servi\u00e7os ao estado aumentou de 2017 para 2018, contudo teve cont\u00ednua redu\u00e7\u00e3o at\u00e9 2020, beneficiando as empresas de outros estados. Em 2022, os valores de compras que possu\u00edam como origem empresas mineiras passou a representar 75% do total, indicando o aumento da participa\u00e7\u00e3o dessas empresas. Ao considerar apenas as micro e pequenas empresas, verificou-se trajet\u00f3ria parecida \u00e0 exposta anteriormente, de 2017 para 2018 a participa\u00e7\u00e3o nas compras p\u00fablicas dessas empresas diminuiu, aumentando a partir de 2019 e em 2022, as micro e pequenas empresas foram respons\u00e1veis por 90% das compras p\u00fablicas. Portanto, a origem das compras do estado tem como principal fonte as empresas mineiras, sendo os microempreendedores individuais os principais fornecedores, com participa\u00e7\u00e3o de 96%, seguido das micro e pequenas empresas com participa\u00e7\u00e3o igual a 90%,\u00a0 por fim as demais empresas, que possuem participa\u00e7\u00e3o igual a 75% (Leal Filho et al., 2022).\u00a0<\/span><\/p><p><span style=\"font-weight: 400;\">A Figura 2 mostra a natureza jur\u00eddica dos fornecedores, o primeiro gr\u00e1fico considera todas as empresas que participam das compras p\u00fablicas e o segundo gr\u00e1fico apenas as micro e pequenas empresas. Em ambos os casos, a sociedade empres\u00e1ria limitada \u00e9 o tipo de natureza jur\u00eddica com maior participa\u00e7\u00e3o nas compras p\u00fablicas &#8211; 52% e 65%. Para todos os tipos de empresas, o segundo tipo com maior participa\u00e7\u00e3o s\u00e3o as sociedades an\u00f4nimas, com 20% e em rela\u00e7\u00e3o \u00e0s micro e pequenas empresas o segundo tipo com maior participa\u00e7\u00e3o foi o de empres\u00e1rio individual de responsabilidade limitada, com 24%, mas representando apenas 6% do total (Leal Filho et al., 2022).<\/span><\/p><p style=\"text-align: center;\"><span style=\"font-weight: 400;\">Figura 2 &#8211; Participac\u0327a\u0303o dos valores das compras realizadas por natureza juri\u0301dica do fornecedor, para todos os tipos de empresas e somente para MPE, respectivamente (2022)<\/span><\/p><p><img decoding=\"async\" class=\"aligncenter size-large wp-image-2806\" src=\"http:\/\/observatoriodesigualdades.fjp.mg.gov.br\/wp-content\/uploads\/2023\/01\/Captura-de-Tela-2023-01-11-a\u0300s-15.04.58-1024x329.png\" alt=\"\" width=\"1024\" height=\"329\" srcset=\"https:\/\/observatoriodesigualdades.fjp.mg.gov.br\/wp-content\/uploads\/2023\/01\/Captura-de-Tela-2023-01-11-a\u0300s-15.04.58-1024x329.png 1024w, https:\/\/observatoriodesigualdades.fjp.mg.gov.br\/wp-content\/uploads\/2023\/01\/Captura-de-Tela-2023-01-11-a\u0300s-15.04.58-300x96.png 300w, https:\/\/observatoriodesigualdades.fjp.mg.gov.br\/wp-content\/uploads\/2023\/01\/Captura-de-Tela-2023-01-11-a\u0300s-15.04.58-768x247.png 768w, https:\/\/observatoriodesigualdades.fjp.mg.gov.br\/wp-content\/uploads\/2023\/01\/Captura-de-Tela-2023-01-11-a\u0300s-15.04.58.png 1108w\" sizes=\"(max-width: 1024px) 100vw, 1024px\" \/><\/p><p style=\"text-align: center;\"><span style=\"font-weight: 400;\">\u00a0\u00a0Fonte: <\/span><span style=\"font-weight: 400;\">Leal Filho et al.<\/span><span style=\"font-weight: 400;\">, 2022<\/span><\/p><p><span style=\"font-weight: 400;\">Na Figura 3 \u00e9 poss\u00edvel observar a participa\u00e7\u00e3o dos tipos de procedimentos utilizados para a contrata\u00e7\u00e3o das empresas nas compras p\u00fablicas do estado de Minas Gerais. O primeiro gr\u00e1fico considera todos os tipos de empresas, enquanto o segundo gr\u00e1fico apenas as micro e pequenas empresas. O principal procedimento realizado na categoria todos os tipos de empresa \u00e9 o de registro de pre\u00e7os, representando 31% da participa\u00e7\u00e3o total, seguido pela inexigibilidade, com 25% e pelo preg\u00e3o, com 21%. Para o recorte de micro e pequenas empresas, o principal procedimento foi o de inexigibilidade, possuindo participa\u00e7\u00e3o igual a 51%, seguido pelo preg\u00e3o, com 30% e o registro de pre\u00e7os, com 11% (Leal Filho et al., 2022).<\/span><\/p><p style=\"text-align: center;\"><span style=\"font-weight: 400;\">Figura 3 &#8211; Participac\u0327a\u0303o dos valores das compras realizadas por procedimento da contratac\u0327a\u0303o, para todos os tipos de empresas e somente para MPE, respectivamente (2022)<\/span><\/p><p><img decoding=\"async\" class=\"aligncenter size-large wp-image-2807\" src=\"http:\/\/observatoriodesigualdades.fjp.mg.gov.br\/wp-content\/uploads\/2023\/01\/Captura-de-Tela-2023-01-11-a\u0300s-15.05.23-1024x379.png\" alt=\"\" width=\"1024\" height=\"379\" srcset=\"https:\/\/observatoriodesigualdades.fjp.mg.gov.br\/wp-content\/uploads\/2023\/01\/Captura-de-Tela-2023-01-11-a\u0300s-15.05.23-1024x379.png 1024w, https:\/\/observatoriodesigualdades.fjp.mg.gov.br\/wp-content\/uploads\/2023\/01\/Captura-de-Tela-2023-01-11-a\u0300s-15.05.23-300x111.png 300w, https:\/\/observatoriodesigualdades.fjp.mg.gov.br\/wp-content\/uploads\/2023\/01\/Captura-de-Tela-2023-01-11-a\u0300s-15.05.23-768x284.png 768w, https:\/\/observatoriodesigualdades.fjp.mg.gov.br\/wp-content\/uploads\/2023\/01\/Captura-de-Tela-2023-01-11-a\u0300s-15.05.23.png 1113w\" sizes=\"(max-width: 1024px) 100vw, 1024px\" \/><\/p><p style=\"text-align: center;\"><span style=\"font-weight: 400;\">Fonte:<\/span> <span style=\"font-weight: 400;\">Leal Filho et al.<\/span><span style=\"font-weight: 400;\">, 2022<\/span><\/p><p><span style=\"font-weight: 400;\">Em conclus\u00e3o, as micro e pequenas empresas possuem papel relevante nas compras p\u00fablicas mineiras como fornecedores, al\u00e9m disso, a principal natureza jur\u00eddica dessas empresas s\u00e3o a de sociedade empres\u00e1ria limitada e o procedimento mais comumente utilizado para a contrata\u00e7\u00e3o dessas empresas \u00e9 o de registro de pre\u00e7os. Leal Filho et al. (2022), observaram que as compras p\u00fablicas s\u00e3o capazes de gerar renda e trabalho em regi\u00f5es mais pobres no estado, por\u00e9m a maior parte dos gastos ficam concentrados no Tria\u0302ngulo Mineiro\/Alto Paranai\u0301ba e Noroeste de Minas, regio\u0303es de renda per capta mais elevada e melhor ni\u0301vel de IDTE.<\/span> <span style=\"font-weight: 400;\">Ale\u0301m disso, apenas um conjunto pequeno de munic\u00edpios que s\u00e3o fornecedores de bens e servi\u00e7os para o estado, ou seja, existem mercados que ainda podem ser explorados pelas necessidades da Administrac\u0327a\u0303o Pu\u0301blica. Algumas solu\u00e7\u00f5es propostas foram:<\/span><\/p><h6 style=\"padding-left: 80px;\"><span style=\"font-weight: 400;\">\u201ca ampliac\u0327a\u0303o da participac\u0327a\u0303o de microempreendedores individuais (MEIs) nas compras pu\u0301blicas, em consona\u0302ncia com o conceito de compras sustenta\u0301veis, principalmente na oferta de cursos livres, alimentac\u0327a\u0303o e obras como pavimentac\u0327a\u0303o; um programa de devoluc\u0327a\u0303o de ICMS para fami\u0301lias de baixa renda, cadastradas no CadU\u0301nico; e uma reforma tributa\u0301ria aliada a uma poli\u0301tica de gerac\u0327a\u0303o de emprego, o que depende de um arranjo poli\u0301tico nacional.\u201d (Leal Filho et al., 2022)<\/span><\/h6><p><span style=\"font-weight: 400;\">Importante ressaltar que este foi apenas um primeiro esfor\u00e7o, compreendendo a import\u00e2ncia e a complexidade desta tem\u00e1tica, que requer maiores aprofundamentos para constru\u00e7\u00e3o de propostas que sejam vi\u00e1veis, tratando tamb\u00e9m das desigualdades regionais no estado de Minas Gerais, bem como, dos mecanismos que existem na Lei n\u00ba 14.133, em especial no que tange \u00e0s possibilidades de debate sobre as desigualdades de g\u00eanero e possibilidades para sua aplica\u00e7\u00e3o.\u00a0<\/span><\/p><p><strong>Autores: Lorena Auarek, sob a orienta\u00e7\u00e3o do professor Matheus Arcelo.<\/strong><\/p><p>*O Observat\u00f3rio das Desigualdades \u00e9 um projeto de extens\u00e3o. O conte\u00fado e as opini\u00f5es expressas n\u00e3o refletem necessariamente o posicionamento da Funda\u00e7\u00e3o Jo\u00e3o Pinheiro ou do CORECON \u2013 MG.<\/p><p><span style=\"font-weight: 400;\">Refer\u00eancia<\/span><\/p><p><span style=\"font-weight: 400;\">LEAL FILHO, Raimundo; SILVA, Matheus; DUQUE, Maria Eduarda; ANDRADE, Rodolfo; GUIMAR\u00c3ES, Thiago. TRIBUTA\u00c7\u00c3O E COMPRAS P\u00daBLICAS EM MINAS GERAIS: COMO MITIGAR AS DESIGUALDADES?. <\/span><i><span style=\"font-weight: 400;\">In<\/span><\/i><span style=\"font-weight: 400;\">: <\/span><b>MINAS pela Igualdade<\/b><span style=\"font-weight: 400;\">. 2022. cap. 3, p. 116-158. <\/span><i><span style=\"font-weight: 400;\">E-book<\/span><\/i><span style=\"font-weight: 400;\">.<\/span><\/p>\t\t\t\t\t\t\t\t<\/div>\n\t\t\t\t<\/div>\n\t\t\t\t\t<\/div>\n\t\t<\/div>\n\t\t\t\t\t<\/div>\n\t\t<\/section>\n\t\t\t\t<\/div>\n\t\t","protected":false},"excerpt":{"rendered":"<p>Durante o ano de 2022, o Observat\u00f3rio das Desigualdades desenvolveu o projeto Minas pela Igualdade, que foi financiado por meio de uma emenda impositiva proposta pelo deputado estadual Andr\u00e9 Quint\u00e3o. Em sua constru\u00e7\u00e3o, um dos eixos do trabalho foi o de finan\u00e7as p\u00fablicas, com a produ\u00e7\u00e3o do artigo \u201cTRIBUTAC\u0327A\u0303O E COMPRAS PU\u0301BLICAS EM MINAS GERAIS: [&hellip;]<\/p>\n","protected":false},"author":2,"featured_media":2807,"comment_status":"open","ping_status":"open","sticky":false,"template":"","format":"standard","meta":{"ocean_post_layout":"","ocean_both_sidebars_style":"","ocean_both_sidebars_content_width":0,"ocean_both_sidebars_sidebars_width":0,"ocean_sidebar":"","ocean_second_sidebar":"","ocean_disable_margins":"enable","ocean_add_body_class":"","ocean_shortcode_before_top_bar":"","ocean_shortcode_after_top_bar":"","ocean_shortcode_before_header":"","ocean_shortcode_after_header":"","ocean_has_shortcode":"","ocean_shortcode_after_title":"","ocean_shortcode_before_footer_widgets":"","ocean_shortcode_after_footer_widgets":"","ocean_shortcode_before_footer_bottom":"","ocean_shortcode_after_footer_bottom":"","ocean_display_top_bar":"default","ocean_display_header":"default","ocean_header_style":"","ocean_center_header_left_menu":"","ocean_custom_header_template":"","ocean_custom_logo":0,"ocean_custom_retina_logo":0,"ocean_custom_logo_max_width":0,"ocean_custom_logo_tablet_max_width":0,"ocean_custom_logo_mobile_max_width":0,"ocean_custom_logo_max_height":0,"ocean_custom_logo_tablet_max_height":0,"ocean_custom_logo_mobile_max_height":0,"ocean_header_custom_menu":"","ocean_menu_typo_font_family":"","ocean_menu_typo_font_subset":"","ocean_menu_typo_font_size":0,"ocean_menu_typo_font_size_tablet":0,"ocean_menu_typo_font_size_mobile":0,"ocean_menu_typo_font_size_unit":"px","ocean_menu_typo_font_weight":"","ocean_menu_typo_font_weight_tablet":"","ocean_menu_typo_font_weight_mobile":"","ocean_menu_typo_transform":"","ocean_menu_typo_transform_tablet":"","ocean_menu_typo_transform_mobile":"","ocean_menu_typo_line_height":0,"ocean_menu_typo_line_height_tablet":0,"ocean_menu_typo_line_height_mobile":0,"ocean_menu_typo_line_height_unit":"","ocean_menu_typo_spacing":0,"ocean_menu_typo_spacing_tablet":0,"ocean_menu_typo_spacing_mobile":0,"ocean_menu_typo_spacing_unit":"","ocean_menu_link_color":"","ocean_menu_link_color_hover":"","ocean_menu_link_color_active":"","ocean_menu_link_background":"","ocean_menu_link_hover_background":"","ocean_menu_link_active_background":"","ocean_menu_social_links_bg":"","ocean_menu_social_hover_links_bg":"","ocean_menu_social_links_color":"","ocean_menu_social_hover_links_color":"","ocean_disable_title":"default","ocean_disable_heading":"default","ocean_post_title":"","ocean_post_subheading":"","ocean_post_title_style":"","ocean_post_title_background_color":"","ocean_post_title_background":0,"ocean_post_title_bg_image_position":"","ocean_post_title_bg_image_attachment":"","ocean_post_title_bg_image_repeat":"","ocean_post_title_bg_image_size":"","ocean_post_title_height":0,"ocean_post_title_bg_overlay":0.5,"ocean_post_title_bg_overlay_color":"","ocean_disable_breadcrumbs":"default","ocean_breadcrumbs_color":"","ocean_breadcrumbs_separator_color":"","ocean_breadcrumbs_links_color":"","ocean_breadcrumbs_links_hover_color":"","ocean_display_footer_widgets":"default","ocean_display_footer_bottom":"default","ocean_custom_footer_template":"","ocean_post_oembed":"","ocean_post_self_hosted_media":"","ocean_post_video_embed":"","ocean_link_format":"","ocean_link_format_target":"self","ocean_quote_format":"","ocean_quote_format_link":"post","ocean_gallery_link_images":"on","ocean_gallery_id":[],"footnotes":""},"categories":[1],"tags":[],"class_list":["post-2804","post","type-post","status-publish","format-standard","has-post-thumbnail","hentry","category-analise","entry","has-media"],"_links":{"self":[{"href":"https:\/\/observatoriodesigualdades.fjp.mg.gov.br\/index.php?rest_route=\/wp\/v2\/posts\/2804","targetHints":{"allow":["GET"]}}],"collection":[{"href":"https:\/\/observatoriodesigualdades.fjp.mg.gov.br\/index.php?rest_route=\/wp\/v2\/posts"}],"about":[{"href":"https:\/\/observatoriodesigualdades.fjp.mg.gov.br\/index.php?rest_route=\/wp\/v2\/types\/post"}],"author":[{"embeddable":true,"href":"https:\/\/observatoriodesigualdades.fjp.mg.gov.br\/index.php?rest_route=\/wp\/v2\/users\/2"}],"replies":[{"embeddable":true,"href":"https:\/\/observatoriodesigualdades.fjp.mg.gov.br\/index.php?rest_route=%2Fwp%2Fv2%2Fcomments&post=2804"}],"version-history":[{"count":12,"href":"https:\/\/observatoriodesigualdades.fjp.mg.gov.br\/index.php?rest_route=\/wp\/v2\/posts\/2804\/revisions"}],"predecessor-version":[{"id":2875,"href":"https:\/\/observatoriodesigualdades.fjp.mg.gov.br\/index.php?rest_route=\/wp\/v2\/posts\/2804\/revisions\/2875"}],"wp:featuredmedia":[{"embeddable":true,"href":"https:\/\/observatoriodesigualdades.fjp.mg.gov.br\/index.php?rest_route=\/wp\/v2\/media\/2807"}],"wp:attachment":[{"href":"https:\/\/observatoriodesigualdades.fjp.mg.gov.br\/index.php?rest_route=%2Fwp%2Fv2%2Fmedia&parent=2804"}],"wp:term":[{"taxonomy":"category","embeddable":true,"href":"https:\/\/observatoriodesigualdades.fjp.mg.gov.br\/index.php?rest_route=%2Fwp%2Fv2%2Fcategories&post=2804"},{"taxonomy":"post_tag","embeddable":true,"href":"https:\/\/observatoriodesigualdades.fjp.mg.gov.br\/index.php?rest_route=%2Fwp%2Fv2%2Ftags&post=2804"}],"curies":[{"name":"wp","href":"https:\/\/api.w.org\/{rel}","templated":true}]}}