{"id":2825,"date":"2023-02-06T12:12:48","date_gmt":"2023-02-06T12:12:48","guid":{"rendered":"https:\/\/observatoriodesigualdades.fjp.mg.gov.br\/?p=2825"},"modified":"2023-02-28T18:53:38","modified_gmt":"2023-02-28T18:53:38","slug":"minas-pela-igualdade-caminhos-desafios-e-proposicoes-para-as-politicas-de-transferencia-de-renda","status":"publish","type":"post","link":"https:\/\/observatoriodesigualdades.fjp.mg.gov.br\/?p=2825","title":{"rendered":"Minas pela igualdade: caminhos, desafios e proposi\u00e7\u00f5es para as pol\u00edticas de transfer\u00eancia de renda"},"content":{"rendered":"\t\t<div data-elementor-type=\"wp-post\" data-elementor-id=\"2825\" class=\"elementor elementor-2825\">\n\t\t\t\t\t\t<section class=\"elementor-section elementor-top-section elementor-element elementor-element-2aa2b5d elementor-section-boxed elementor-section-height-default elementor-section-height-default\" data-id=\"2aa2b5d\" data-element_type=\"section\" data-e-type=\"section\">\n\t\t\t\t\t\t<div class=\"elementor-container elementor-column-gap-default\">\n\t\t\t\t\t<div class=\"elementor-column elementor-col-100 elementor-top-column elementor-element elementor-element-dafc70a\" data-id=\"dafc70a\" data-element_type=\"column\" data-e-type=\"column\">\n\t\t\t<div class=\"elementor-widget-wrap elementor-element-populated\">\n\t\t\t\t\t\t<div class=\"elementor-element elementor-element-ab1b9d3 elementor-widget elementor-widget-text-editor\" data-id=\"ab1b9d3\" data-element_type=\"widget\" data-e-type=\"widget\" data-widget_type=\"text-editor.default\">\n\t\t\t\t<div class=\"elementor-widget-container\">\n\t\t\t\t\t\t\t\t\t<p><span style=\"font-weight: 400;\">Em continuidade \u00e0 s\u00e9rie de posts sobre a pesquisa \u201cMinas pela Igualdade\u201d, realizada pelo Observat\u00f3rio das Desigualdades em 2022, este texto aborda os desafios e proposi\u00e7\u00f5es para uma pol\u00edtica de assist\u00eancia social para combater efetivamente a pobreza em Minas Gerais, explorados no cap\u00edtulo \u201cAssist\u00eancia social: diagn\u00f3stico e proposi\u00e7\u00f5es para Minas Gerais\u201d. As proposi\u00e7\u00f5es incorporam a proposta desenvolvida na nota t\u00e9cnica n\u00b0 04 [1], que apresenta simula\u00e7\u00f5es de pol\u00edticas de combate \u00e0 extrema pobreza no estado.\u00a0<\/span><\/p><p><span style=\"font-weight: 400;\">A pobreza \u00e9 um fen\u00f4meno multidimensional, que, para al\u00e9m da esfera econ\u00f4mica, envolve quest\u00f5es de natureza relacional e subjetiva, por exemplo. Aqui, adotamos uma perspectiva mais restrita da pobreza como priva\u00e7\u00e3o de renda. Desse modo, para analisar a pobreza e a extrema pobreza em Minas Gerais, foram utilizados indicadores de renda ao longo do per\u00edodo de 2012 a 2021. A renda domiciliar per capita do per\u00edodo mostra como a pandemia, acompanhada da falta de respostas efetivas do governo, afetou negativamente a renda, de modo que a renda domiciliar per capita m\u00e9dia caiu de R$ 1440,06, em 2019, para R$ 1305,27, em 2021.\u00a0<\/span><\/p><p><span style=\"font-weight: 400;\">O \u00edndice de Gini para a renda apresentou queda entre 2012 e 2015, evidenciando o esfor\u00e7o redistributivo na \u00e9poca. Durante a pandemia, o Gini apresentou uma redu\u00e7\u00e3o significativa em 2020, mas retornou ao patamar anterior em 2021 (gr\u00e1fico 1), o que reflete a import\u00e2ncia do aux\u00edlio emergencial para a redu\u00e7\u00e3o da desigualdade, como uma pol\u00edtica de transfer\u00eancia de renda.\u00a0<\/span><\/p><p style=\"text-align: center;\"><span style=\"font-weight: 400;\">Gr\u00e1fico 1 &#8211; Evolu\u00e7\u00e3o do coeficiente de Gini da renda domiciliar per capita (Minas Gerais, 2012- 2021)<\/span><\/p>\t\t\t\t\t\t\t\t<\/div>\n\t\t\t\t<\/div>\n\t\t\t\t<div class=\"elementor-element elementor-element-5c31979 elementor-widget elementor-widget-image\" data-id=\"5c31979\" data-element_type=\"widget\" data-e-type=\"widget\" data-widget_type=\"image.default\">\n\t\t\t\t<div class=\"elementor-widget-container\">\n\t\t\t\t\t\t\t\t\t\t\t\t\t\t\t<img fetchpriority=\"high\" decoding=\"async\" width=\"512\" height=\"301\" src=\"https:\/\/observatoriodesigualdades.fjp.mg.gov.br\/wp-content\/uploads\/2023\/02\/Grafico-1.png\" class=\"attachment-large size-large wp-image-2826\" alt=\"\" srcset=\"https:\/\/observatoriodesigualdades.fjp.mg.gov.br\/wp-content\/uploads\/2023\/02\/Grafico-1.png 512w, https:\/\/observatoriodesigualdades.fjp.mg.gov.br\/wp-content\/uploads\/2023\/02\/Grafico-1-300x176.png 300w\" sizes=\"(max-width: 512px) 100vw, 512px\" \/>\t\t\t\t\t\t\t\t\t\t\t\t\t\t\t<\/div>\n\t\t\t\t<\/div>\n\t\t\t\t<div class=\"elementor-element elementor-element-e88de86 elementor-widget elementor-widget-text-editor\" data-id=\"e88de86\" data-element_type=\"widget\" data-e-type=\"widget\" data-widget_type=\"text-editor.default\">\n\t\t\t\t<div class=\"elementor-widget-container\">\n\t\t\t\t\t\t\t\t\t<p style=\"text-align: center;\"><span style=\"font-weight: 400;\">Fonte: <\/span><span style=\"font-weight: 400;\">\u00a0IBGE. PNAD Cont\u00ednua e Pnad Covid. Elabora\u00e7\u00e3o Pr\u00f3pria.<\/span><\/p><p><span style=\"font-weight: 400;\">Em rela\u00e7\u00e3o \u00e0 taxa de extrema pobreza, Minas Gerais seguiu a tend\u00eancia do restante do pa\u00eds durante a pandemia: houve uma redu\u00e7\u00e3o decorrente do aux\u00edlio emergencial entre 2019 e 2020, mas a taxa voltou a crescer no ano seguinte, com o maior valor de todo o per\u00edodo analisado em 2021 (gr\u00e1fico 2). Percebe-se por meio do gr\u00e1fico que, sem os benef\u00edcios do governo, a taxa de extrema pobreza teria alcan\u00e7ado um n\u00edvel ainda maior. Em 2020, sem benef\u00edcios, a taxa chegaria a 11,72%, enquanto com os benef\u00edcios foi de 6,06%. A partir de recortes de g\u00eanero e de cor, as mulheres negras s\u00e3o o grupo mais atingido pela pobreza extrema, seguidas pelos homens negros, enquanto homens e mulheres brancos s\u00e3o os menos atingidos.\u00a0<\/span><\/p><p style=\"text-align: center;\"><span style=\"font-weight: 400;\">Gr\u00e1fico 2 &#8211;\u00a0 Taxa de extrema pobreza por tipo de renda (Minas Gerais, 2019-2020)<\/span><\/p>\t\t\t\t\t\t\t\t<\/div>\n\t\t\t\t<\/div>\n\t\t\t\t<div class=\"elementor-element elementor-element-1c61fe5 elementor-widget elementor-widget-image\" data-id=\"1c61fe5\" data-element_type=\"widget\" data-e-type=\"widget\" data-widget_type=\"image.default\">\n\t\t\t\t<div class=\"elementor-widget-container\">\n\t\t\t\t\t\t\t\t\t\t\t\t\t\t\t<img decoding=\"async\" width=\"512\" height=\"320\" src=\"https:\/\/observatoriodesigualdades.fjp.mg.gov.br\/wp-content\/uploads\/2023\/02\/Grafico-2.png\" class=\"attachment-large size-large wp-image-2827\" alt=\"\" srcset=\"https:\/\/observatoriodesigualdades.fjp.mg.gov.br\/wp-content\/uploads\/2023\/02\/Grafico-2.png 512w, https:\/\/observatoriodesigualdades.fjp.mg.gov.br\/wp-content\/uploads\/2023\/02\/Grafico-2-300x188.png 300w\" sizes=\"(max-width: 512px) 100vw, 512px\" \/>\t\t\t\t\t\t\t\t\t\t\t\t\t\t\t<\/div>\n\t\t\t\t<\/div>\n\t\t\t\t<div class=\"elementor-element elementor-element-a4b82b5 elementor-widget elementor-widget-text-editor\" data-id=\"a4b82b5\" data-element_type=\"widget\" data-e-type=\"widget\" data-widget_type=\"text-editor.default\">\n\t\t\t\t<div class=\"elementor-widget-container\">\n\t\t\t\t\t\t\t\t\t<p style=\"text-align: center;\"><span style=\"font-weight: 400;\">Fonte: IBGE. PNAD Cont\u00ednua e Pnad Covid. Elabora\u00e7\u00e3o Pr\u00f3pria.<\/span><\/p><p><span style=\"font-weight: 400;\">A partir do cen\u00e1rio apresentado, foram explorados cen\u00e1rios poss\u00edveis [1] que combinam propostas de pol\u00edticas de transfer\u00eancia de renda federais e estaduais, de acordo com o quadro abaixo.\u00a0<\/span><\/p><p style=\"text-align: center;\"><span style=\"font-weight: 400;\">Quadro 1: Poss\u00edveis cen\u00e1rios de programas de transfer\u00eancia de renda<\/span><\/p>\t\t\t\t\t\t\t\t<\/div>\n\t\t\t\t<\/div>\n\t\t\t\t<div class=\"elementor-element elementor-element-0e75ffb elementor-widget elementor-widget-image\" data-id=\"0e75ffb\" data-element_type=\"widget\" data-e-type=\"widget\" data-widget_type=\"image.default\">\n\t\t\t\t<div class=\"elementor-widget-container\">\n\t\t\t\t\t\t\t\t\t\t\t\t\t\t\t<img decoding=\"async\" width=\"768\" height=\"706\" src=\"https:\/\/observatoriodesigualdades.fjp.mg.gov.br\/wp-content\/uploads\/2023\/02\/Quadro-1-768x706.jpeg\" class=\"attachment-medium_large size-medium_large wp-image-2829\" alt=\"\" srcset=\"https:\/\/observatoriodesigualdades.fjp.mg.gov.br\/wp-content\/uploads\/2023\/02\/Quadro-1-768x706.jpeg 768w, https:\/\/observatoriodesigualdades.fjp.mg.gov.br\/wp-content\/uploads\/2023\/02\/Quadro-1-300x276.jpeg 300w, https:\/\/observatoriodesigualdades.fjp.mg.gov.br\/wp-content\/uploads\/2023\/02\/Quadro-1.jpeg 1024w\" sizes=\"(max-width: 768px) 100vw, 768px\" \/>\t\t\t\t\t\t\t\t\t\t\t\t\t\t\t<\/div>\n\t\t\t\t<\/div>\n\t\t\t\t<div class=\"elementor-element elementor-element-ed3e7de elementor-widget elementor-widget-text-editor\" data-id=\"ed3e7de\" data-element_type=\"widget\" data-e-type=\"widget\" data-widget_type=\"text-editor.default\">\n\t\t\t\t<div class=\"elementor-widget-container\">\n\t\t\t\t\t\t\t\t\t<p style=\"text-align: center;\"><span style=\"font-weight: 400;\">Fonte: Elabora\u00e7\u00e3o Pr\u00f3pria<\/span><\/p><p><span style=\"font-weight: 400;\">O gr\u00e1fico 3 apresenta os impactos de cada combina\u00e7\u00e3o sobre a extrema pobreza em Minas Gerais. Sem qualquer benef\u00edcio, a taxa atingiria 14,2%, o que corresponde a 3,031 milh\u00f5es de pessoas, enquanto o \u00faltimo cen\u00e1rio seria o mais efetivo, com a sa\u00edda de 2,618 milh\u00f5es de pessoas da situa\u00e7\u00e3o de extrema pobreza, atingindo uma taxa de 1,9%.\u00a0<\/span><\/p><p style=\"text-align: center;\"><span style=\"font-weight: 400;\">Gr\u00e1fico 3 &#8211; Simula\u00e7\u00e3o da taxa de extrema pobreza para diferentes propostas de transfer\u00eancia de renda (Minas Gerais, 2021)<\/span><\/p>\t\t\t\t\t\t\t\t<\/div>\n\t\t\t\t<\/div>\n\t\t\t\t<div class=\"elementor-element elementor-element-cf7a725 elementor-widget elementor-widget-image\" data-id=\"cf7a725\" data-element_type=\"widget\" data-e-type=\"widget\" data-widget_type=\"image.default\">\n\t\t\t\t<div class=\"elementor-widget-container\">\n\t\t\t\t\t\t\t\t\t\t\t\t\t\t\t<img loading=\"lazy\" decoding=\"async\" width=\"512\" height=\"209\" src=\"https:\/\/observatoriodesigualdades.fjp.mg.gov.br\/wp-content\/uploads\/2023\/02\/Grafico-3.png\" class=\"attachment-large size-large wp-image-2828\" alt=\"\" srcset=\"https:\/\/observatoriodesigualdades.fjp.mg.gov.br\/wp-content\/uploads\/2023\/02\/Grafico-3.png 512w, https:\/\/observatoriodesigualdades.fjp.mg.gov.br\/wp-content\/uploads\/2023\/02\/Grafico-3-300x122.png 300w\" sizes=\"(max-width: 512px) 100vw, 512px\" \/>\t\t\t\t\t\t\t\t\t\t\t\t\t\t\t<\/div>\n\t\t\t\t<\/div>\n\t\t\t\t<div class=\"elementor-element elementor-element-e8fa4d4 elementor-widget elementor-widget-text-editor\" data-id=\"e8fa4d4\" data-element_type=\"widget\" data-e-type=\"widget\" data-widget_type=\"text-editor.default\">\n\t\t\t\t<div class=\"elementor-widget-container\">\n\t\t\t\t\t\t\t\t\t<p style=\"text-align: center;\"><span style=\"font-weight: 400;\">Fonte: Elabora\u00e7\u00e3o Pr\u00f3pria<\/span><\/p><p><span style=\"font-weight: 400;\">Outro impacto positivo das pol\u00edticas de transfer\u00eancia de renda \u00e9 o maior impacto proporcional grupos mais vulner\u00e1veis: o \u00faltimo cen\u00e1rio apresenta uma redu\u00e7\u00e3o de 87,9% do n\u00famero de mulheres e homens negros em situa\u00e7\u00e3o de extrema pobreza, 83,2% para mulheres brancas e 80,3% para homens brancos. O \u00cdndice de Gini, no cen\u00e1rio mais igualit\u00e1rio, apresentaria uma redu\u00e7\u00e3o de 0,513 (sem benef\u00edcios) para 0,431.\u00a0<\/span><\/p><p><span style=\"font-weight: 400;\">Os custos das interven\u00e7\u00f5es estaduais propostas &#8211; exclu\u00edda a proposta 6, que possui valor mais elevado &#8211; variam entre 6,8 a 9,3 bilh\u00f5es de reais, o que representa entre 5,6 e 7,6% das despesas realizadas pelo Estado de Minas Gerais em 2021. Para al\u00e9m dos custos objetivos, deve-se considerar que os acr\u00e9scimos na renda da popula\u00e7\u00e3o mais pobre se direcionam majoritariamente ao consumo, se transformando em arrecada\u00e7\u00e3o, al\u00e9m de que as pol\u00edticas de transfer\u00eancia de renda possuem efeito multiplicador sobre a economia, o que tamb\u00e9m impactaria positivamente a arrecada\u00e7\u00e3o.\u00a0<\/span><\/p><p><span style=\"font-weight: 400;\">A necessidade da ado\u00e7\u00e3o de pol\u00edticas de transfer\u00eancia de renda transparece na situa\u00e7\u00e3o alarmante da pobreza e da extrema pobreza em Minas Gerais, exigindo pol\u00edticas p\u00fablicas urgentes e efetivas que associem os esfor\u00e7os federais aos estaduais. A viabilidade dessas pol\u00edticas fica expl\u00edcita na an\u00e1lise dos custos dos programas propostos, al\u00e9m do retorno que eles ofereceriam \u00e0 economia e em forma de arrecada\u00e7\u00e3o para o Estado. Desse modo, o enfrentamento \u00e0 extrema pobreza deve ser uma prioridade para o governo estadual, para que Minas Gerais se torne menos desigual.\u00a0<\/span><\/p><p>\u00a0<\/p><p><strong>Autora: Anna Clara Mattos, sob a orienta\u00e7\u00e3o de Matheus Arcelo<\/strong><\/p><p>*O Observat\u00f3rio das Desigualdades \u00e9 um projeto de extens\u00e3o. O conte\u00fado e as opini\u00f5es expressas n\u00e3o refletem necessariamente o posicionamento da Funda\u00e7\u00e3o Jo\u00e3o Pinheiro ou do CORECON \u2013 MG.<\/p><p>\u00a0<\/p><p><b>Nota<\/b><\/p><p><span style=\"font-weight: 400;\">[1] Para saber mais: Nota t\u00e9cnica n\u00b0 04 &#8211; Pobreza em Minas Gerais: caminhos poss\u00edveis para um futuro pr\u00f3ximo. Dispon\u00edvel em: &lt;<\/span><a href=\"http:\/\/observatoriodesigualdades.fjp.mg.gov.br\/wp-content\/uploads\/2022\/12\/NOTA-TECNICA-4-1.pdf\"><span style=\"font-weight: 400;\">http:\/\/observatoriodesigualdades.fjp.mg.gov.br\/wp-content\/uploads\/2022\/12\/NOTA-TECNICA-4-1.pdf<\/span><\/a><span style=\"font-weight: 400;\">&gt;\u00a0<\/span><\/p>\t\t\t\t\t\t\t\t<\/div>\n\t\t\t\t<\/div>\n\t\t\t\t\t<\/div>\n\t\t<\/div>\n\t\t\t\t\t<\/div>\n\t\t<\/section>\n\t\t\t\t<\/div>\n\t\t","protected":false},"excerpt":{"rendered":"<p>Em continuidade \u00e0 s\u00e9rie de posts sobre a pesquisa \u201cMinas pela Igualdade\u201d, realizada pelo Observat\u00f3rio das Desigualdades em 2022, este texto aborda os desafios e proposi\u00e7\u00f5es para uma pol\u00edtica de assist\u00eancia social para combater efetivamente a pobreza em Minas Gerais, explorados no cap\u00edtulo \u201cAssist\u00eancia social: diagn\u00f3stico e proposi\u00e7\u00f5es para Minas Gerais\u201d. As proposi\u00e7\u00f5es incorporam a [&hellip;]<\/p>\n","protected":false},"author":2,"featured_media":2827,"comment_status":"open","ping_status":"open","sticky":false,"template":"","format":"standard","meta":{"ocean_post_layout":"","ocean_both_sidebars_style":"","ocean_both_sidebars_content_width":0,"ocean_both_sidebars_sidebars_width":0,"ocean_sidebar":"","ocean_second_sidebar":"","ocean_disable_margins":"enable","ocean_add_body_class":"","ocean_shortcode_before_top_bar":"","ocean_shortcode_after_top_bar":"","ocean_shortcode_before_header":"","ocean_shortcode_after_header":"","ocean_has_shortcode":"","ocean_shortcode_after_title":"","ocean_shortcode_before_footer_widgets":"","ocean_shortcode_after_footer_widgets":"","ocean_shortcode_before_footer_bottom":"","ocean_shortcode_after_footer_bottom":"","ocean_display_top_bar":"default","ocean_display_header":"default","ocean_header_style":"","ocean_center_header_left_menu":"","ocean_custom_header_template":"","ocean_custom_logo":0,"ocean_custom_retina_logo":0,"ocean_custom_logo_max_width":0,"ocean_custom_logo_tablet_max_width":0,"ocean_custom_logo_mobile_max_width":0,"ocean_custom_logo_max_height":0,"ocean_custom_logo_tablet_max_height":0,"ocean_custom_logo_mobile_max_height":0,"ocean_header_custom_menu":"","ocean_menu_typo_font_family":"","ocean_menu_typo_font_subset":"","ocean_menu_typo_font_size":0,"ocean_menu_typo_font_size_tablet":0,"ocean_menu_typo_font_size_mobile":0,"ocean_menu_typo_font_size_unit":"px","ocean_menu_typo_font_weight":"","ocean_menu_typo_font_weight_tablet":"","ocean_menu_typo_font_weight_mobile":"","ocean_menu_typo_transform":"","ocean_menu_typo_transform_tablet":"","ocean_menu_typo_transform_mobile":"","ocean_menu_typo_line_height":0,"ocean_menu_typo_line_height_tablet":0,"ocean_menu_typo_line_height_mobile":0,"ocean_menu_typo_line_height_unit":"","ocean_menu_typo_spacing":0,"ocean_menu_typo_spacing_tablet":0,"ocean_menu_typo_spacing_mobile":0,"ocean_menu_typo_spacing_unit":"","ocean_menu_link_color":"","ocean_menu_link_color_hover":"","ocean_menu_link_color_active":"","ocean_menu_link_background":"","ocean_menu_link_hover_background":"","ocean_menu_link_active_background":"","ocean_menu_social_links_bg":"","ocean_menu_social_hover_links_bg":"","ocean_menu_social_links_color":"","ocean_menu_social_hover_links_color":"","ocean_disable_title":"default","ocean_disable_heading":"default","ocean_post_title":"","ocean_post_subheading":"","ocean_post_title_style":"","ocean_post_title_background_color":"","ocean_post_title_background":0,"ocean_post_title_bg_image_position":"","ocean_post_title_bg_image_attachment":"","ocean_post_title_bg_image_repeat":"","ocean_post_title_bg_image_size":"","ocean_post_title_height":0,"ocean_post_title_bg_overlay":0.5,"ocean_post_title_bg_overlay_color":"","ocean_disable_breadcrumbs":"default","ocean_breadcrumbs_color":"","ocean_breadcrumbs_separator_color":"","ocean_breadcrumbs_links_color":"","ocean_breadcrumbs_links_hover_color":"","ocean_display_footer_widgets":"default","ocean_display_footer_bottom":"default","ocean_custom_footer_template":"","ocean_post_oembed":"","ocean_post_self_hosted_media":"","ocean_post_video_embed":"","ocean_link_format":"","ocean_link_format_target":"self","ocean_quote_format":"","ocean_quote_format_link":"post","ocean_gallery_link_images":"on","ocean_gallery_id":[],"footnotes":""},"categories":[1],"tags":[],"class_list":["post-2825","post","type-post","status-publish","format-standard","has-post-thumbnail","hentry","category-analise","entry","has-media"],"_links":{"self":[{"href":"https:\/\/observatoriodesigualdades.fjp.mg.gov.br\/index.php?rest_route=\/wp\/v2\/posts\/2825","targetHints":{"allow":["GET"]}}],"collection":[{"href":"https:\/\/observatoriodesigualdades.fjp.mg.gov.br\/index.php?rest_route=\/wp\/v2\/posts"}],"about":[{"href":"https:\/\/observatoriodesigualdades.fjp.mg.gov.br\/index.php?rest_route=\/wp\/v2\/types\/post"}],"author":[{"embeddable":true,"href":"https:\/\/observatoriodesigualdades.fjp.mg.gov.br\/index.php?rest_route=\/wp\/v2\/users\/2"}],"replies":[{"embeddable":true,"href":"https:\/\/observatoriodesigualdades.fjp.mg.gov.br\/index.php?rest_route=%2Fwp%2Fv2%2Fcomments&post=2825"}],"version-history":[{"count":6,"href":"https:\/\/observatoriodesigualdades.fjp.mg.gov.br\/index.php?rest_route=\/wp\/v2\/posts\/2825\/revisions"}],"predecessor-version":[{"id":2866,"href":"https:\/\/observatoriodesigualdades.fjp.mg.gov.br\/index.php?rest_route=\/wp\/v2\/posts\/2825\/revisions\/2866"}],"wp:featuredmedia":[{"embeddable":true,"href":"https:\/\/observatoriodesigualdades.fjp.mg.gov.br\/index.php?rest_route=\/wp\/v2\/media\/2827"}],"wp:attachment":[{"href":"https:\/\/observatoriodesigualdades.fjp.mg.gov.br\/index.php?rest_route=%2Fwp%2Fv2%2Fmedia&parent=2825"}],"wp:term":[{"taxonomy":"category","embeddable":true,"href":"https:\/\/observatoriodesigualdades.fjp.mg.gov.br\/index.php?rest_route=%2Fwp%2Fv2%2Fcategories&post=2825"},{"taxonomy":"post_tag","embeddable":true,"href":"https:\/\/observatoriodesigualdades.fjp.mg.gov.br\/index.php?rest_route=%2Fwp%2Fv2%2Ftags&post=2825"}],"curies":[{"name":"wp","href":"https:\/\/api.w.org\/{rel}","templated":true}]}}