{"id":2978,"date":"2023-05-04T11:57:01","date_gmt":"2023-05-04T11:57:01","guid":{"rendered":"https:\/\/observatoriodesigualdades.fjp.mg.gov.br\/?p=2978"},"modified":"2024-05-27T20:16:53","modified_gmt":"2024-05-27T20:16:53","slug":"aumento-do-salario-minimo-uma-esperanca-de-reconstrucao-no-dia-do-trabalhador","status":"publish","type":"post","link":"https:\/\/observatoriodesigualdades.fjp.mg.gov.br\/?p=2978","title":{"rendered":"Aumento do Sal\u00e1rio M\u00ednimo: uma esperan\u00e7a de reconstru\u00e7\u00e3o no Dia do Trabalhador"},"content":{"rendered":"\t\t<div data-elementor-type=\"wp-post\" data-elementor-id=\"2978\" class=\"elementor elementor-2978\">\n\t\t\t\t\t\t<section class=\"elementor-section elementor-top-section elementor-element elementor-element-50b2c3a elementor-section-boxed elementor-section-height-default elementor-section-height-default\" data-id=\"50b2c3a\" data-element_type=\"section\" data-e-type=\"section\">\n\t\t\t\t\t\t<div class=\"elementor-container elementor-column-gap-default\">\n\t\t\t\t\t<div class=\"elementor-column elementor-col-100 elementor-top-column elementor-element elementor-element-aebf5af\" data-id=\"aebf5af\" data-element_type=\"column\" data-e-type=\"column\">\n\t\t\t<div class=\"elementor-widget-wrap elementor-element-populated\">\n\t\t\t\t\t\t<div class=\"elementor-element elementor-element-2e4047a elementor-widget elementor-widget-text-editor\" data-id=\"2e4047a\" data-element_type=\"widget\" data-e-type=\"widget\" data-widget_type=\"text-editor.default\">\n\t\t\t\t<div class=\"elementor-widget-container\">\n\t\t\t\t\t\t\t\t\t<p>Passou a vigorar no dia 01 de maio, Dia do Trabalhador, o novo valor do sal\u00e1rio m\u00ednimo anunciado pelo presidente Lula, de R$ 1320,00, representando um aumento de 1,4% ou R$ 18,00. Enquanto nos \u00faltimos sete anos a tend\u00eancia foi de redu\u00e7\u00e3o de direitos dos trabalhadores e desmonte das pol\u00edticas sociais, o primeiro de maio deste ano chegou em um clima de perspectiva de di\u00e1logo e reconstru\u00e7\u00e3o. O sal\u00e1rio m\u00ednimo \u00e9 um elemento muito relevante para a economia do pa\u00eds, que pode ter grandes impactos sobre o consumo, as desigualdades e outros fatores que ser\u00e3o explorados abaixo. Neste momento simb\u00f3lico, o aumento significa um ganho real para os trabalhadores, o que n\u00e3o ocorria desde o segundo governo Dilma, como mostra o gr\u00e1fico 1. Ao contr\u00e1rio, houve perdas reais no sal\u00e1rio m\u00ednimo nos governos Temer e Bolsonaro, de 0,2% e 1,2%, respectivamente.<\/p><p style=\"text-align: center;\">Tabela 1 &#8211; Valoriza\u00e7\u00e3o real do sal\u00e1rio m\u00ednimo por governo (m\u00e9dia m\u00f3vel de 12 meses, deflacionada pelo IPCA)<\/p>\t\t\t\t\t\t\t\t<\/div>\n\t\t\t\t<\/div>\n\t\t\t\t<div class=\"elementor-element elementor-element-899c72e elementor-widget elementor-widget-image\" data-id=\"899c72e\" data-element_type=\"widget\" data-e-type=\"widget\" data-widget_type=\"image.default\">\n\t\t\t\t<div class=\"elementor-widget-container\">\n\t\t\t\t\t\t\t\t\t\t\t\t\t\t\t<img fetchpriority=\"high\" decoding=\"async\" width=\"300\" height=\"253\" src=\"https:\/\/observatoriodesigualdades.fjp.mg.gov.br\/wp-content\/uploads\/2023\/05\/Tabela-1-300x253.png\" class=\"attachment-medium size-medium wp-image-2979\" alt=\"\" srcset=\"https:\/\/observatoriodesigualdades.fjp.mg.gov.br\/wp-content\/uploads\/2023\/05\/Tabela-1-300x253.png 300w, https:\/\/observatoriodesigualdades.fjp.mg.gov.br\/wp-content\/uploads\/2023\/05\/Tabela-1.png 512w\" sizes=\"(max-width: 300px) 100vw, 300px\" \/>\t\t\t\t\t\t\t\t\t\t\t\t\t\t\t<\/div>\n\t\t\t\t<\/div>\n\t\t\t\t<div class=\"elementor-element elementor-element-d0afa41 elementor-widget elementor-widget-text-editor\" data-id=\"d0afa41\" data-element_type=\"widget\" data-e-type=\"widget\" data-widget_type=\"text-editor.default\">\n\t\t\t\t<div class=\"elementor-widget-container\">\n\t\t\t\t\t\t\t\t\t<p style=\"text-align: center;\"><span style=\"font-weight: 400;\">Fonte: Carran\u00e7a (2023); dados do IBGE e do Dieese.\u00a0<\/span><\/p><p><span style=\"font-weight: 400;\">Apesar da suposi\u00e7\u00e3o comum de que o aumento do sal\u00e1rio m\u00ednimo \u00e9 acompanhado por perdas de postos de trabalho, a realidade brasileira mostra que isso depende do contexto econ\u00f4mico em que a medida ocorre, de acordo com as compensa\u00e7\u00f5es do Estado e do setor privado (SANCHES et al, 2023). Nesse sentido, o governo deve adotar pol\u00edticas compensat\u00f3rias que n\u00e3o anulem o efeito de redu\u00e7\u00e3o das desigualdades, como ocorreria no caso de redu\u00e7\u00e3o de gastos p\u00fablicos, podendo realizar mudan\u00e7as na tributa\u00e7\u00e3o.\u00a0<\/span><\/p><p><span style=\"font-weight: 400;\">Por outro lado, os impactos positivos do aumento s\u00e3o v\u00e1rios, incidindo sobre a desigualdade, o poder de compra, o bem-estar social e o desenvolvimento econ\u00f4mico. Como instrumento de distribui\u00e7\u00e3o, o estudo realizado por Sanches <\/span><i><span style=\"font-weight: 400;\">et al<\/span><\/i><span style=\"font-weight: 400;\"> (2023) mostra que a pol\u00edtica de valoriza\u00e7\u00e3o do sal\u00e1rio m\u00ednimo afeta, principalmente, a metade mais baixa da distribui\u00e7\u00e3o de renda. Refor\u00e7ando essa linha, o Dieese reconhece o combate \u00e0 pobreza entre os trabalhadores mais vulner\u00e1veis como uma das principais fun\u00e7\u00f5es do sal\u00e1rio m\u00ednimo no Brasil.\u00a0 Ainda deste ponto de vista, Gomes <\/span><i><span style=\"font-weight: 400;\">et alli<\/span><\/i><span style=\"font-weight: 400;\"> (2023) enfatizam que uma estrat\u00e9gia consistente para potencializar os efeitos progressivos de aumentos do sal\u00e1rio m\u00ednimo sobre a desigualdade, coordenando os 3 canais de transmiss\u00e3o destes efeitos &#8211; mercado de trabalho, benef\u00edcios previdenci\u00e1rios e benef\u00edcios assistenciais &#8211;\u00a0 \u00e9 a combina\u00e7\u00e3o dos aumentos reais do sal\u00e1rio m\u00ednimo com a consistente expans\u00e3o de postos de melhor qualidade.\u00a0<\/span><\/p><p><span style=\"font-weight: 400;\">Mas n\u00e3o apenas sobre a desigualdade de renda incide a pol\u00edtica de valoriza\u00e7\u00e3o do sal\u00e1rio m\u00ednimo: a Nota Especial 3 do Dieese (2023) apresenta a popula\u00e7\u00e3o impactada pelo sal\u00e1rio m\u00ednimo no Brasil, revelando um impacto maior sobre grupos mais vulner\u00e1veis. Em rela\u00e7\u00e3o \u00e0 faixa et\u00e1ria, o destaque est\u00e1 na popula\u00e7\u00e3o de 70 anos ou mais, que tem 55,3% das pessoas afetadas. As mulheres tamb\u00e9m s\u00e3o mais afetadas em rela\u00e7\u00e3o aos homens, como mostra a tabela 2, e as pessoas negras em rela\u00e7\u00e3o \u00e0s brancas, de forma ainda mais significativa (tabela 3). A partir desses dados, percebe-se que a valoriza\u00e7\u00e3o do sal\u00e1rio m\u00ednimo possui potencial de atuar para al\u00e9m da desigualdade de renda, impactando desigualdades de faixa et\u00e1ria, de ra\u00e7a\/cor e de g\u00eanero.\u00a0<\/span><\/p><p style=\"text-align: center;\"><span style=\"font-weight: 400;\">Tabela 2 &#8211; N\u00famero (em 1000 pessoas) e percentual de pessoas impactadas pelo sal\u00e1rio m\u00ednimo, por sexo (Brasil, 2021)<\/span>Fonte: Carran\u00e7a (2023); dados do IBGE e do Dieese.<\/p>\t\t\t\t\t\t\t\t<\/div>\n\t\t\t\t<\/div>\n\t\t\t\t<div class=\"elementor-element elementor-element-f965a8a elementor-widget elementor-widget-image\" data-id=\"f965a8a\" data-element_type=\"widget\" data-e-type=\"widget\" data-widget_type=\"image.default\">\n\t\t\t\t<div class=\"elementor-widget-container\">\n\t\t\t\t\t\t\t\t\t\t\t\t\t\t\t<img decoding=\"async\" width=\"512\" height=\"147\" src=\"https:\/\/observatoriodesigualdades.fjp.mg.gov.br\/wp-content\/uploads\/2023\/05\/Tabela-2.png\" class=\"attachment-large size-large wp-image-2980\" alt=\"\" srcset=\"https:\/\/observatoriodesigualdades.fjp.mg.gov.br\/wp-content\/uploads\/2023\/05\/Tabela-2.png 512w, https:\/\/observatoriodesigualdades.fjp.mg.gov.br\/wp-content\/uploads\/2023\/05\/Tabela-2-300x86.png 300w\" sizes=\"(max-width: 512px) 100vw, 512px\" \/>\t\t\t\t\t\t\t\t\t\t\t\t\t\t\t<\/div>\n\t\t\t\t<\/div>\n\t\t\t\t<div class=\"elementor-element elementor-element-e74c917 elementor-widget elementor-widget-text-editor\" data-id=\"e74c917\" data-element_type=\"widget\" data-e-type=\"widget\" data-widget_type=\"text-editor.default\">\n\t\t\t\t<div class=\"elementor-widget-container\">\n\t\t\t\t\t\t\t\t\t<p style=\"text-align: center;\">Fonte: Dieese (2023).<\/p><p style=\"text-align: center;\">Tabela 3 &#8211; N\u00famero (em 1000 pessoas) e percentual de pessoas impactadas pelo sal\u00e1rio m\u00ednimo, por cor da pele (Brasil, 2021)<\/p>\t\t\t\t\t\t\t\t<\/div>\n\t\t\t\t<\/div>\n\t\t\t\t<div class=\"elementor-element elementor-element-227113a elementor-widget elementor-widget-image\" data-id=\"227113a\" data-element_type=\"widget\" data-e-type=\"widget\" data-widget_type=\"image.default\">\n\t\t\t\t<div class=\"elementor-widget-container\">\n\t\t\t\t\t\t\t\t\t\t\t\t\t\t\t<img decoding=\"async\" width=\"512\" height=\"158\" src=\"https:\/\/observatoriodesigualdades.fjp.mg.gov.br\/wp-content\/uploads\/2023\/05\/Tabela-3.png\" class=\"attachment-large size-large wp-image-2981\" alt=\"\" srcset=\"https:\/\/observatoriodesigualdades.fjp.mg.gov.br\/wp-content\/uploads\/2023\/05\/Tabela-3.png 512w, https:\/\/observatoriodesigualdades.fjp.mg.gov.br\/wp-content\/uploads\/2023\/05\/Tabela-3-300x93.png 300w\" sizes=\"(max-width: 512px) 100vw, 512px\" \/>\t\t\t\t\t\t\t\t\t\t\t\t\t\t\t<\/div>\n\t\t\t\t<\/div>\n\t\t\t\t<div class=\"elementor-element elementor-element-c543343 elementor-widget elementor-widget-text-editor\" data-id=\"c543343\" data-element_type=\"widget\" data-e-type=\"widget\" data-widget_type=\"text-editor.default\">\n\t\t\t\t<div class=\"elementor-widget-container\">\n\t\t\t\t\t\t\t\t\t<p style=\"text-align: center;\">Fonte: Dieese (2023)<\/p><p>Ademais, o Dieese (2015) apresenta dez fun\u00e7\u00f5es fundamentais do sal\u00e1rio m\u00ednimo, que envolvem: proteger o sal\u00e1rio de setores com baixo poder de negocia\u00e7\u00e3o; evitar o rebaixamento dos sal\u00e1rios de grupos discriminados no mercado, como mulheres e negros; estabelecer um piso para o ingresso no mercado de trabalho, com foco nos jovens; organizar a escala de remunera\u00e7\u00f5es no mercado; reduzir a rotatividade de trabalhadores com sal\u00e1rios mais baixos; dinamizar a economia e o mercado consumidor interno; e instituir o piso dos benef\u00edcios da seguridade social. Nessa lista, destacam-se tamb\u00e9m os efeitos farol, arrasto e numer\u00e1rio do sal\u00e1rio m\u00ednimo, sendo o primeiro a orienta\u00e7\u00e3o da remunera\u00e7\u00e3o de trabalhadores com menor qualifica\u00e7\u00e3o, incluindo o setor informal, enquanto o arrasto corresponde ao reajuste de sal\u00e1rios superiores ao antigo e inferiores ao novo m\u00ednimo, e o numer\u00e1rio respons\u00e1vel pela vincula\u00e7\u00e3o de sal\u00e1rios superiores ao m\u00ednimo.<\/p><p>Observa-se, portanto, que o sal\u00e1rio m\u00ednimo \u00e9 um elemento fundamental para a redu\u00e7\u00e3o de desigualdades, a prote\u00e7\u00e3o dos trabalhadores e dos grupos vulner\u00e1veis no Brasil. A valoriza\u00e7\u00e3o anunciada no Dia do Trabalhador \u00e9 uma conquista, ap\u00f3s a s\u00e9rie de retrocessos dos \u00faltimos anos, que deve ser fortalecida e continuada para a reconstru\u00e7\u00e3o dos direitos dos trabalhadores brasileiros.<\/p><p><strong>Autora:<\/strong> Anna Clara Mattos, sob a orienta\u00e7\u00e3o de Bruno Lazzarotti<\/p><p>*O Observat\u00f3rio das Desigualdades \u00e9 um projeto de extens\u00e3o. O conte\u00fado e as opini\u00f5es expressas n\u00e3o refletem necessariamente o posicionamento da Funda\u00e7\u00e3o Jo\u00e3o Pinheiro ou do CORECON \u2013 MG.<\/p><p><strong>Refer\u00eancias<\/strong> <br \/>CARRAN\u00c7A, Thais. Sal\u00e1rio m\u00ednimo de R$ 1.320: quanto piso aumentou em cada governo? S\u00e3o Paulo, BBC News Brasil, 01 maio 2023. Dispon\u00edvel em: &lt;https:\/\/www.bbc.com\/portuguese\/articles\/c3gn96zyy6qo&gt;.<\/p><p>SANCHES, Marina et al. NPE 29: Crescimento com maior poder de compra: os efeitos macroecon\u00f4micos da valoriza\u00e7\u00e3o do sal\u00e1rio m\u00ednimo. MADE\/USP, 2023. Dispon\u00edvel em &lt;https:\/\/madeusp.com.br\/publicacoes\/artigos\/crescimento-com-maior-poder-de-compra-os-efeitos-macroeconomicos-da-valorizacao-do-salario-minimo\/&gt;.<\/p><p>GOMES, Riquelme et al. NPE 30: Impactos distributivos do sal\u00e1rio m\u00ednimo: uma estimativa para o per\u00edodo 2014-2021. Dispon\u00edvel em: &lt;https:\/\/madeusp.com.br\/wp-content\/uploads\/2023\/01\/npe_30_vf.pdf&gt;.<\/p><p>DIEESE. Sal\u00e1rio M\u00ednimo: Instrumento de valoriza\u00e7\u00e3o do trabalho, combate \u00e0 pobreza e \u00e0 desigualdade. Dieese, 2015. Dispon\u00edvel em: &lt;https:\/\/www.dieese.org.br\/outraspublicacoes\/2023\/notaEspecialSM042023.pdf&gt;.<\/p><p>DIEESE. A popula\u00e7\u00e3o impactada pelo sal\u00e1rio m\u00ednimo no Brasil. Dieese, 2023. Dispon\u00edvel em: &lt;https:\/\/www.dieese.org.br\/outraspublicacoes\/2023\/notaEspecialSM_3.pdf&gt;.<\/p>\t\t\t\t\t\t\t\t<\/div>\n\t\t\t\t<\/div>\n\t\t\t\t\t<\/div>\n\t\t<\/div>\n\t\t\t\t\t<\/div>\n\t\t<\/section>\n\t\t\t\t<\/div>\n\t\t","protected":false},"excerpt":{"rendered":"<p>Passou a vigorar no dia 01 de maio, Dia do Trabalhador, o novo valor do sal\u00e1rio m\u00ednimo anunciado pelo presidente Lula, de R$ 1320,00, representando um aumento de 1,4% ou R$ 18,00. Enquanto nos \u00faltimos sete anos a tend\u00eancia foi de redu\u00e7\u00e3o de direitos dos trabalhadores e desmonte das pol\u00edticas sociais, o primeiro de maio [&hellip;]<\/p>\n","protected":false},"author":2,"featured_media":2980,"comment_status":"open","ping_status":"open","sticky":false,"template":"","format":"standard","meta":{"ocean_post_layout":"","ocean_both_sidebars_style":"","ocean_both_sidebars_content_width":0,"ocean_both_sidebars_sidebars_width":0,"ocean_sidebar":"0","ocean_second_sidebar":"0","ocean_disable_margins":"enable","ocean_add_body_class":"","ocean_shortcode_before_top_bar":"","ocean_shortcode_after_top_bar":"","ocean_shortcode_before_header":"","ocean_shortcode_after_header":"","ocean_has_shortcode":"","ocean_shortcode_after_title":"","ocean_shortcode_before_footer_widgets":"","ocean_shortcode_after_footer_widgets":"","ocean_shortcode_before_footer_bottom":"","ocean_shortcode_after_footer_bottom":"","ocean_display_top_bar":"default","ocean_display_header":"default","ocean_header_style":"","ocean_center_header_left_menu":"0","ocean_custom_header_template":"0","ocean_custom_logo":0,"ocean_custom_retina_logo":0,"ocean_custom_logo_max_width":0,"ocean_custom_logo_tablet_max_width":0,"ocean_custom_logo_mobile_max_width":0,"ocean_custom_logo_max_height":0,"ocean_custom_logo_tablet_max_height":0,"ocean_custom_logo_mobile_max_height":0,"ocean_header_custom_menu":"0","ocean_menu_typo_font_family":"0","ocean_menu_typo_font_subset":"","ocean_menu_typo_font_size":0,"ocean_menu_typo_font_size_tablet":0,"ocean_menu_typo_font_size_mobile":0,"ocean_menu_typo_font_size_unit":"px","ocean_menu_typo_font_weight":"","ocean_menu_typo_font_weight_tablet":"","ocean_menu_typo_font_weight_mobile":"","ocean_menu_typo_transform":"","ocean_menu_typo_transform_tablet":"","ocean_menu_typo_transform_mobile":"","ocean_menu_typo_line_height":0,"ocean_menu_typo_line_height_tablet":0,"ocean_menu_typo_line_height_mobile":0,"ocean_menu_typo_line_height_unit":"","ocean_menu_typo_spacing":0,"ocean_menu_typo_spacing_tablet":0,"ocean_menu_typo_spacing_mobile":0,"ocean_menu_typo_spacing_unit":"","ocean_menu_link_color":"","ocean_menu_link_color_hover":"","ocean_menu_link_color_active":"","ocean_menu_link_background":"","ocean_menu_link_hover_background":"","ocean_menu_link_active_background":"","ocean_menu_social_links_bg":"","ocean_menu_social_hover_links_bg":"","ocean_menu_social_links_color":"","ocean_menu_social_hover_links_color":"","ocean_disable_title":"default","ocean_disable_heading":"default","ocean_post_title":"","ocean_post_subheading":"","ocean_post_title_style":"","ocean_post_title_background_color":"","ocean_post_title_background":0,"ocean_post_title_bg_image_position":"","ocean_post_title_bg_image_attachment":"","ocean_post_title_bg_image_repeat":"","ocean_post_title_bg_image_size":"","ocean_post_title_height":0,"ocean_post_title_bg_overlay":0.5,"ocean_post_title_bg_overlay_color":"","ocean_disable_breadcrumbs":"default","ocean_breadcrumbs_color":"","ocean_breadcrumbs_separator_color":"","ocean_breadcrumbs_links_color":"","ocean_breadcrumbs_links_hover_color":"","ocean_display_footer_widgets":"default","ocean_display_footer_bottom":"default","ocean_custom_footer_template":"0","ocean_post_oembed":"","ocean_post_self_hosted_media":"","ocean_post_video_embed":"","ocean_link_format":"","ocean_link_format_target":"self","ocean_quote_format":"","ocean_quote_format_link":"post","ocean_gallery_link_images":"on","ocean_gallery_id":[],"footnotes":""},"categories":[1,69,74],"tags":[],"class_list":["post-2978","post","type-post","status-publish","format-standard","has-post-thumbnail","hentry","category-analise","category-renda","category-trabalho","entry","has-media"],"_links":{"self":[{"href":"https:\/\/observatoriodesigualdades.fjp.mg.gov.br\/index.php?rest_route=\/wp\/v2\/posts\/2978","targetHints":{"allow":["GET"]}}],"collection":[{"href":"https:\/\/observatoriodesigualdades.fjp.mg.gov.br\/index.php?rest_route=\/wp\/v2\/posts"}],"about":[{"href":"https:\/\/observatoriodesigualdades.fjp.mg.gov.br\/index.php?rest_route=\/wp\/v2\/types\/post"}],"author":[{"embeddable":true,"href":"https:\/\/observatoriodesigualdades.fjp.mg.gov.br\/index.php?rest_route=\/wp\/v2\/users\/2"}],"replies":[{"embeddable":true,"href":"https:\/\/observatoriodesigualdades.fjp.mg.gov.br\/index.php?rest_route=%2Fwp%2Fv2%2Fcomments&post=2978"}],"version-history":[{"count":7,"href":"https:\/\/observatoriodesigualdades.fjp.mg.gov.br\/index.php?rest_route=\/wp\/v2\/posts\/2978\/revisions"}],"predecessor-version":[{"id":3762,"href":"https:\/\/observatoriodesigualdades.fjp.mg.gov.br\/index.php?rest_route=\/wp\/v2\/posts\/2978\/revisions\/3762"}],"wp:featuredmedia":[{"embeddable":true,"href":"https:\/\/observatoriodesigualdades.fjp.mg.gov.br\/index.php?rest_route=\/wp\/v2\/media\/2980"}],"wp:attachment":[{"href":"https:\/\/observatoriodesigualdades.fjp.mg.gov.br\/index.php?rest_route=%2Fwp%2Fv2%2Fmedia&parent=2978"}],"wp:term":[{"taxonomy":"category","embeddable":true,"href":"https:\/\/observatoriodesigualdades.fjp.mg.gov.br\/index.php?rest_route=%2Fwp%2Fv2%2Fcategories&post=2978"},{"taxonomy":"post_tag","embeddable":true,"href":"https:\/\/observatoriodesigualdades.fjp.mg.gov.br\/index.php?rest_route=%2Fwp%2Fv2%2Ftags&post=2978"}],"curies":[{"name":"wp","href":"https:\/\/api.w.org\/{rel}","templated":true}]}}