{"id":2989,"date":"2023-05-09T18:06:35","date_gmt":"2023-05-09T18:06:35","guid":{"rendered":"https:\/\/observatoriodesigualdades.fjp.mg.gov.br\/?p=2989"},"modified":"2024-05-27T20:06:15","modified_gmt":"2024-05-27T20:06:15","slug":"sobre-o-primeiro-de-maio-a-persistencia-das-desigualdades-sobre-o-mercado-de-trabalho-no-brasil-influencia-do-genero-e-da-raca","status":"publish","type":"post","link":"https:\/\/observatoriodesigualdades.fjp.mg.gov.br\/?p=2989","title":{"rendered":"Sobre o primeiro de maio &#8211; A persist\u00eancia das desigualdades sobre o mercado de trabalho no Brasil: influ\u00eancia do g\u00eanero e da ra\u00e7a"},"content":{"rendered":"\t\t<div data-elementor-type=\"wp-post\" data-elementor-id=\"2989\" class=\"elementor elementor-2989\">\n\t\t\t\t\t\t<section class=\"elementor-section elementor-top-section elementor-element elementor-element-be04af0 elementor-section-boxed elementor-section-height-default elementor-section-height-default\" data-id=\"be04af0\" data-element_type=\"section\" data-e-type=\"section\">\n\t\t\t\t\t\t<div class=\"elementor-container elementor-column-gap-default\">\n\t\t\t\t\t<div class=\"elementor-column elementor-col-100 elementor-top-column elementor-element elementor-element-3d36451\" data-id=\"3d36451\" data-element_type=\"column\" data-e-type=\"column\">\n\t\t\t<div class=\"elementor-widget-wrap elementor-element-populated\">\n\t\t\t\t\t\t<div class=\"elementor-element elementor-element-89777c7 elementor-widget elementor-widget-text-editor\" data-id=\"89777c7\" data-element_type=\"widget\" data-e-type=\"widget\" data-widget_type=\"text-editor.default\">\n\t\t\t\t<div class=\"elementor-widget-container\">\n\t\t\t\t\t\t\t\t\t<p>&nbsp;<span class=\"WdYUQQ\">O Observat\u00f3rio das Desigualdades, a partir do relat\u00f3rio de S\u00edntese de Indicadores Sociais de 2022 do IBGE, apresenta um panorama do mercado de trabalho brasileiro. O objetivo \u00e9 explicitar as desigualdades ainda existentes dentro desse mercado, principalmente, dependendo do g\u00eanero ou da ra\u00e7a do trabalhador.<\/span><\/p>\t\t\t\t\t\t\t\t<\/div>\n\t\t\t\t<\/div>\n\t\t\t\t\t<\/div>\n\t\t<\/div>\n\t\t\t\t\t<\/div>\n\t\t<\/section>\n\t\t\t\t<section class=\"elementor-section elementor-top-section elementor-element elementor-element-e3adb5a elementor-section-boxed elementor-section-height-default elementor-section-height-default\" data-id=\"e3adb5a\" data-element_type=\"section\" data-e-type=\"section\">\n\t\t\t\t\t\t<div class=\"elementor-container elementor-column-gap-default\">\n\t\t\t\t\t<div class=\"elementor-column elementor-col-100 elementor-top-column elementor-element elementor-element-62ff836\" data-id=\"62ff836\" data-element_type=\"column\" data-e-type=\"column\">\n\t\t\t<div class=\"elementor-widget-wrap elementor-element-populated\">\n\t\t\t\t\t\t<div class=\"elementor-element elementor-element-f8a7735 elementor-widget elementor-widget-image\" data-id=\"f8a7735\" data-element_type=\"widget\" data-e-type=\"widget\" data-widget_type=\"image.default\">\n\t\t\t\t<div class=\"elementor-widget-container\">\n\t\t\t\t\t\t\t\t\t\t\t\t\t\t\t<img fetchpriority=\"high\" decoding=\"async\" width=\"410\" height=\"1024\" src=\"https:\/\/observatoriodesigualdades.fjp.mg.gov.br\/wp-content\/uploads\/2023\/05\/14-410x1024.jpg\" class=\"attachment-large size-large wp-image-2990\" alt=\"\" srcset=\"https:\/\/observatoriodesigualdades.fjp.mg.gov.br\/wp-content\/uploads\/2023\/05\/14-410x1024.jpg 410w, https:\/\/observatoriodesigualdades.fjp.mg.gov.br\/wp-content\/uploads\/2023\/05\/14-120x300.jpg 120w, https:\/\/observatoriodesigualdades.fjp.mg.gov.br\/wp-content\/uploads\/2023\/05\/14-768x1920.jpg 768w, https:\/\/observatoriodesigualdades.fjp.mg.gov.br\/wp-content\/uploads\/2023\/05\/14.jpg 800w\" sizes=\"(max-width: 410px) 100vw, 410px\" \/>\t\t\t\t\t\t\t\t\t\t\t\t\t\t\t<\/div>\n\t\t\t\t<\/div>\n\t\t\t\t\t<\/div>\n\t\t<\/div>\n\t\t\t\t\t<\/div>\n\t\t<\/section>\n\t\t\t\t<section class=\"elementor-section elementor-top-section elementor-element elementor-element-e385395 elementor-section-boxed elementor-section-height-default elementor-section-height-default\" data-id=\"e385395\" data-element_type=\"section\" data-e-type=\"section\">\n\t\t\t\t\t\t<div class=\"elementor-container elementor-column-gap-default\">\n\t\t\t\t\t<div class=\"elementor-column elementor-col-100 elementor-top-column elementor-element elementor-element-e0103c3\" data-id=\"e0103c3\" data-element_type=\"column\" data-e-type=\"column\">\n\t\t\t<div class=\"elementor-widget-wrap elementor-element-populated\">\n\t\t\t\t\t\t<div class=\"elementor-element elementor-element-dc6394a elementor-widget elementor-widget-image\" data-id=\"dc6394a\" data-element_type=\"widget\" data-e-type=\"widget\" data-widget_type=\"image.default\">\n\t\t\t\t<div class=\"elementor-widget-container\">\n\t\t\t\t\t\t\t\t\t\t\t\t\t\t\t<img decoding=\"async\" width=\"410\" height=\"1024\" src=\"https:\/\/observatoriodesigualdades.fjp.mg.gov.br\/wp-content\/uploads\/2023\/05\/15-410x1024.jpg\" class=\"attachment-large size-large wp-image-2991\" alt=\"\" srcset=\"https:\/\/observatoriodesigualdades.fjp.mg.gov.br\/wp-content\/uploads\/2023\/05\/15-410x1024.jpg 410w, https:\/\/observatoriodesigualdades.fjp.mg.gov.br\/wp-content\/uploads\/2023\/05\/15-120x300.jpg 120w, https:\/\/observatoriodesigualdades.fjp.mg.gov.br\/wp-content\/uploads\/2023\/05\/15-768x1920.jpg 768w, https:\/\/observatoriodesigualdades.fjp.mg.gov.br\/wp-content\/uploads\/2023\/05\/15.jpg 800w\" sizes=\"(max-width: 410px) 100vw, 410px\" \/>\t\t\t\t\t\t\t\t\t\t\t\t\t\t\t<\/div>\n\t\t\t\t<\/div>\n\t\t\t\t\t<\/div>\n\t\t<\/div>\n\t\t\t\t\t<\/div>\n\t\t<\/section>\n\t\t\t\t<section class=\"elementor-section elementor-top-section elementor-element elementor-element-ba37198 elementor-section-boxed elementor-section-height-default elementor-section-height-default\" data-id=\"ba37198\" data-element_type=\"section\" data-e-type=\"section\">\n\t\t\t\t\t\t<div class=\"elementor-container elementor-column-gap-default\">\n\t\t\t\t\t<div class=\"elementor-column elementor-col-100 elementor-top-column elementor-element elementor-element-f1faab0\" data-id=\"f1faab0\" data-element_type=\"column\" data-e-type=\"column\">\n\t\t\t<div class=\"elementor-widget-wrap elementor-element-populated\">\n\t\t\t\t\t\t<div class=\"elementor-element elementor-element-c756be2 elementor-widget elementor-widget-image\" data-id=\"c756be2\" data-element_type=\"widget\" data-e-type=\"widget\" data-widget_type=\"image.default\">\n\t\t\t\t<div class=\"elementor-widget-container\">\n\t\t\t\t\t\t\t\t\t\t\t\t\t\t\t<img decoding=\"async\" width=\"410\" height=\"1024\" src=\"https:\/\/observatoriodesigualdades.fjp.mg.gov.br\/wp-content\/uploads\/2023\/05\/16-410x1024.jpg\" class=\"attachment-large size-large wp-image-2992\" alt=\"\" srcset=\"https:\/\/observatoriodesigualdades.fjp.mg.gov.br\/wp-content\/uploads\/2023\/05\/16-410x1024.jpg 410w, https:\/\/observatoriodesigualdades.fjp.mg.gov.br\/wp-content\/uploads\/2023\/05\/16-120x300.jpg 120w, https:\/\/observatoriodesigualdades.fjp.mg.gov.br\/wp-content\/uploads\/2023\/05\/16-768x1920.jpg 768w, https:\/\/observatoriodesigualdades.fjp.mg.gov.br\/wp-content\/uploads\/2023\/05\/16.jpg 800w\" sizes=\"(max-width: 410px) 100vw, 410px\" \/>\t\t\t\t\t\t\t\t\t\t\t\t\t\t\t<\/div>\n\t\t\t\t<\/div>\n\t\t\t\t\t<\/div>\n\t\t<\/div>\n\t\t\t\t\t<\/div>\n\t\t<\/section>\n\t\t\t\t<section class=\"elementor-section elementor-top-section elementor-element elementor-element-11b1595 elementor-section-boxed elementor-section-height-default elementor-section-height-default\" data-id=\"11b1595\" data-element_type=\"section\" data-e-type=\"section\">\n\t\t\t\t\t\t<div class=\"elementor-container elementor-column-gap-default\">\n\t\t\t\t\t<div class=\"elementor-column elementor-col-100 elementor-top-column elementor-element elementor-element-4cf361a\" data-id=\"4cf361a\" data-element_type=\"column\" data-e-type=\"column\">\n\t\t\t<div class=\"elementor-widget-wrap elementor-element-populated\">\n\t\t\t\t\t\t<div class=\"elementor-element elementor-element-f3dbb07 elementor-widget elementor-widget-image\" data-id=\"f3dbb07\" data-element_type=\"widget\" data-e-type=\"widget\" data-widget_type=\"image.default\">\n\t\t\t\t<div class=\"elementor-widget-container\">\n\t\t\t\t\t\t\t\t\t\t\t\t\t\t\t<img loading=\"lazy\" decoding=\"async\" width=\"410\" height=\"1024\" src=\"https:\/\/observatoriodesigualdades.fjp.mg.gov.br\/wp-content\/uploads\/2023\/05\/17-410x1024.jpg\" class=\"attachment-large size-large wp-image-2993\" alt=\"\" srcset=\"https:\/\/observatoriodesigualdades.fjp.mg.gov.br\/wp-content\/uploads\/2023\/05\/17-410x1024.jpg 410w, https:\/\/observatoriodesigualdades.fjp.mg.gov.br\/wp-content\/uploads\/2023\/05\/17-120x300.jpg 120w, https:\/\/observatoriodesigualdades.fjp.mg.gov.br\/wp-content\/uploads\/2023\/05\/17-768x1920.jpg 768w, https:\/\/observatoriodesigualdades.fjp.mg.gov.br\/wp-content\/uploads\/2023\/05\/17.jpg 800w\" sizes=\"(max-width: 410px) 100vw, 410px\" \/>\t\t\t\t\t\t\t\t\t\t\t\t\t\t\t<\/div>\n\t\t\t\t<\/div>\n\t\t\t\t\t<\/div>\n\t\t<\/div>\n\t\t\t\t\t<\/div>\n\t\t<\/section>\n\t\t\t\t<section class=\"elementor-section elementor-top-section elementor-element elementor-element-f0d4cdc elementor-section-boxed elementor-section-height-default elementor-section-height-default\" data-id=\"f0d4cdc\" data-element_type=\"section\" data-e-type=\"section\">\n\t\t\t\t\t\t<div class=\"elementor-container elementor-column-gap-default\">\n\t\t\t\t\t<div class=\"elementor-column elementor-col-100 elementor-top-column elementor-element elementor-element-1c11f5e\" data-id=\"1c11f5e\" data-element_type=\"column\" data-e-type=\"column\">\n\t\t\t<div class=\"elementor-widget-wrap elementor-element-populated\">\n\t\t\t\t\t\t<div class=\"elementor-element elementor-element-8b31f18 elementor-widget elementor-widget-image\" data-id=\"8b31f18\" data-element_type=\"widget\" data-e-type=\"widget\" data-widget_type=\"image.default\">\n\t\t\t\t<div class=\"elementor-widget-container\">\n\t\t\t\t\t\t\t\t\t\t\t\t\t\t\t<img loading=\"lazy\" decoding=\"async\" width=\"410\" height=\"1024\" src=\"https:\/\/observatoriodesigualdades.fjp.mg.gov.br\/wp-content\/uploads\/2023\/05\/18-1-410x1024.jpg\" class=\"attachment-large size-large wp-image-2995\" alt=\"\" srcset=\"https:\/\/observatoriodesigualdades.fjp.mg.gov.br\/wp-content\/uploads\/2023\/05\/18-1-410x1024.jpg 410w, https:\/\/observatoriodesigualdades.fjp.mg.gov.br\/wp-content\/uploads\/2023\/05\/18-1-120x300.jpg 120w, https:\/\/observatoriodesigualdades.fjp.mg.gov.br\/wp-content\/uploads\/2023\/05\/18-1-768x1920.jpg 768w, https:\/\/observatoriodesigualdades.fjp.mg.gov.br\/wp-content\/uploads\/2023\/05\/18-1.jpg 800w\" sizes=\"(max-width: 410px) 100vw, 410px\" \/>\t\t\t\t\t\t\t\t\t\t\t\t\t\t\t<\/div>\n\t\t\t\t<\/div>\n\t\t\t\t\t<\/div>\n\t\t<\/div>\n\t\t\t\t\t<\/div>\n\t\t<\/section>\n\t\t\t\t<section class=\"elementor-section elementor-top-section elementor-element elementor-element-3211a87 elementor-section-boxed elementor-section-height-default elementor-section-height-default\" data-id=\"3211a87\" data-element_type=\"section\" data-e-type=\"section\">\n\t\t\t\t\t\t<div class=\"elementor-container elementor-column-gap-default\">\n\t\t\t\t\t<div class=\"elementor-column elementor-col-100 elementor-top-column elementor-element elementor-element-f6a3d32\" data-id=\"f6a3d32\" data-element_type=\"column\" data-e-type=\"column\">\n\t\t\t<div class=\"elementor-widget-wrap elementor-element-populated\">\n\t\t\t\t\t\t<div class=\"elementor-element elementor-element-95e9e98 elementor-widget elementor-widget-image\" data-id=\"95e9e98\" data-element_type=\"widget\" data-e-type=\"widget\" data-widget_type=\"image.default\">\n\t\t\t\t<div class=\"elementor-widget-container\">\n\t\t\t\t\t\t\t\t\t\t\t\t\t\t\t<img loading=\"lazy\" decoding=\"async\" width=\"410\" height=\"1024\" src=\"https:\/\/observatoriodesigualdades.fjp.mg.gov.br\/wp-content\/uploads\/2023\/05\/19-410x1024.jpg\" class=\"attachment-large size-large wp-image-2996\" alt=\"\" srcset=\"https:\/\/observatoriodesigualdades.fjp.mg.gov.br\/wp-content\/uploads\/2023\/05\/19-410x1024.jpg 410w, https:\/\/observatoriodesigualdades.fjp.mg.gov.br\/wp-content\/uploads\/2023\/05\/19-120x300.jpg 120w, https:\/\/observatoriodesigualdades.fjp.mg.gov.br\/wp-content\/uploads\/2023\/05\/19-768x1920.jpg 768w, https:\/\/observatoriodesigualdades.fjp.mg.gov.br\/wp-content\/uploads\/2023\/05\/19.jpg 800w\" sizes=\"(max-width: 410px) 100vw, 410px\" \/>\t\t\t\t\t\t\t\t\t\t\t\t\t\t\t<\/div>\n\t\t\t\t<\/div>\n\t\t\t\t\t<\/div>\n\t\t<\/div>\n\t\t\t\t\t<\/div>\n\t\t<\/section>\n\t\t\t\t<section class=\"elementor-section elementor-top-section elementor-element elementor-element-e4c1334 elementor-section-boxed elementor-section-height-default elementor-section-height-default\" data-id=\"e4c1334\" data-element_type=\"section\" data-e-type=\"section\">\n\t\t\t\t\t\t<div class=\"elementor-container elementor-column-gap-default\">\n\t\t\t\t\t<div class=\"elementor-column elementor-col-100 elementor-top-column elementor-element elementor-element-ad796e4\" data-id=\"ad796e4\" data-element_type=\"column\" data-e-type=\"column\">\n\t\t\t<div class=\"elementor-widget-wrap elementor-element-populated\">\n\t\t\t\t\t\t<div class=\"elementor-element elementor-element-801f6bf elementor-widget elementor-widget-image\" data-id=\"801f6bf\" data-element_type=\"widget\" data-e-type=\"widget\" data-widget_type=\"image.default\">\n\t\t\t\t<div class=\"elementor-widget-container\">\n\t\t\t\t\t\t\t\t\t\t\t\t\t\t\t<img loading=\"lazy\" decoding=\"async\" width=\"410\" height=\"1024\" src=\"https:\/\/observatoriodesigualdades.fjp.mg.gov.br\/wp-content\/uploads\/2023\/05\/20-410x1024.jpg\" class=\"attachment-large size-large wp-image-2997\" alt=\"\" srcset=\"https:\/\/observatoriodesigualdades.fjp.mg.gov.br\/wp-content\/uploads\/2023\/05\/20-410x1024.jpg 410w, https:\/\/observatoriodesigualdades.fjp.mg.gov.br\/wp-content\/uploads\/2023\/05\/20-120x300.jpg 120w, https:\/\/observatoriodesigualdades.fjp.mg.gov.br\/wp-content\/uploads\/2023\/05\/20-768x1920.jpg 768w, https:\/\/observatoriodesigualdades.fjp.mg.gov.br\/wp-content\/uploads\/2023\/05\/20.jpg 800w\" sizes=\"(max-width: 410px) 100vw, 410px\" \/>\t\t\t\t\t\t\t\t\t\t\t\t\t\t\t<\/div>\n\t\t\t\t<\/div>\n\t\t\t\t\t<\/div>\n\t\t<\/div>\n\t\t\t\t\t<\/div>\n\t\t<\/section>\n\t\t\t\t<section class=\"elementor-section elementor-top-section elementor-element elementor-element-66b0ac7 elementor-section-boxed elementor-section-height-default elementor-section-height-default\" data-id=\"66b0ac7\" data-element_type=\"section\" data-e-type=\"section\">\n\t\t\t\t\t\t<div class=\"elementor-container elementor-column-gap-default\">\n\t\t\t\t\t<div class=\"elementor-column elementor-col-100 elementor-top-column elementor-element elementor-element-b155cae\" data-id=\"b155cae\" data-element_type=\"column\" data-e-type=\"column\">\n\t\t\t<div class=\"elementor-widget-wrap elementor-element-populated\">\n\t\t\t\t\t\t<div class=\"elementor-element elementor-element-8f45257 elementor-widget elementor-widget-text-editor\" data-id=\"8f45257\" data-element_type=\"widget\" data-e-type=\"widget\" data-widget_type=\"text-editor.default\">\n\t\t\t\t<div class=\"elementor-widget-container\">\n\t\t\t\t\t\t\t\t\t<p><strong>Autores: Lorena Auarek, sob a orienta\u00e7\u00e3o do professor Bruno Lazzarotti.<\/strong><\/p><p>*O Observat\u00f3rio das Desigualdades \u00e9 um projeto de extens\u00e3o. O conte\u00fado e as opini\u00f5es expressas n\u00e3o refletem necessariamente o posicionamento da Funda\u00e7\u00e3o Jo\u00e3o Pinheiro ou do CORECON \u2013 MG.<\/p>\t\t\t\t\t\t\t\t<\/div>\n\t\t\t\t<\/div>\n\t\t\t\t\t<\/div>\n\t\t<\/div>\n\t\t\t\t\t<\/div>\n\t\t<\/section>\n\t\t\t\t<\/div>\n\t\t","protected":false},"excerpt":{"rendered":"<p>O Observat\u00f3rio das Desigualdades, a partir do relat\u00f3rio de S\u00edntese de Indicadores Sociais de 2022 do IBGE, apresenta um panorama do mercado de trabalho brasileiro. O objetivo \u00e9 explicitar as desigualdades ainda existentes dentro desse mercado, principalmente, dependendo do g\u00eanero ou da ra\u00e7a do trabalhador. Autores: Lorena Auarek, sob a orienta\u00e7\u00e3o do professor Bruno Lazzarotti. [&hellip;]<\/p>\n","protected":false},"author":2,"featured_media":2997,"comment_status":"open","ping_status":"open","sticky":false,"template":"","format":"standard","meta":{"ocean_post_layout":"","ocean_both_sidebars_style":"","ocean_both_sidebars_content_width":0,"ocean_both_sidebars_sidebars_width":0,"ocean_sidebar":"0","ocean_second_sidebar":"0","ocean_disable_margins":"enable","ocean_add_body_class":"","ocean_shortcode_before_top_bar":"","ocean_shortcode_after_top_bar":"","ocean_shortcode_before_header":"","ocean_shortcode_after_header":"","ocean_has_shortcode":"","ocean_shortcode_after_title":"","ocean_shortcode_before_footer_widgets":"","ocean_shortcode_after_footer_widgets":"","ocean_shortcode_before_footer_bottom":"","ocean_shortcode_after_footer_bottom":"","ocean_display_top_bar":"default","ocean_display_header":"default","ocean_header_style":"","ocean_center_header_left_menu":"0","ocean_custom_header_template":"0","ocean_custom_logo":0,"ocean_custom_retina_logo":0,"ocean_custom_logo_max_width":0,"ocean_custom_logo_tablet_max_width":0,"ocean_custom_logo_mobile_max_width":0,"ocean_custom_logo_max_height":0,"ocean_custom_logo_tablet_max_height":0,"ocean_custom_logo_mobile_max_height":0,"ocean_header_custom_menu":"0","ocean_menu_typo_font_family":"0","ocean_menu_typo_font_subset":"","ocean_menu_typo_font_size":0,"ocean_menu_typo_font_size_tablet":0,"ocean_menu_typo_font_size_mobile":0,"ocean_menu_typo_font_size_unit":"px","ocean_menu_typo_font_weight":"","ocean_menu_typo_font_weight_tablet":"","ocean_menu_typo_font_weight_mobile":"","ocean_menu_typo_transform":"","ocean_menu_typo_transform_tablet":"","ocean_menu_typo_transform_mobile":"","ocean_menu_typo_line_height":0,"ocean_menu_typo_line_height_tablet":0,"ocean_menu_typo_line_height_mobile":0,"ocean_menu_typo_line_height_unit":"","ocean_menu_typo_spacing":0,"ocean_menu_typo_spacing_tablet":0,"ocean_menu_typo_spacing_mobile":0,"ocean_menu_typo_spacing_unit":"","ocean_menu_link_color":"","ocean_menu_link_color_hover":"","ocean_menu_link_color_active":"","ocean_menu_link_background":"","ocean_menu_link_hover_background":"","ocean_menu_link_active_background":"","ocean_menu_social_links_bg":"","ocean_menu_social_hover_links_bg":"","ocean_menu_social_links_color":"","ocean_menu_social_hover_links_color":"","ocean_disable_title":"default","ocean_disable_heading":"default","ocean_post_title":"","ocean_post_subheading":"","ocean_post_title_style":"","ocean_post_title_background_color":"","ocean_post_title_background":0,"ocean_post_title_bg_image_position":"","ocean_post_title_bg_image_attachment":"","ocean_post_title_bg_image_repeat":"","ocean_post_title_bg_image_size":"","ocean_post_title_height":0,"ocean_post_title_bg_overlay":0.5,"ocean_post_title_bg_overlay_color":"","ocean_disable_breadcrumbs":"default","ocean_breadcrumbs_color":"","ocean_breadcrumbs_separator_color":"","ocean_breadcrumbs_links_color":"","ocean_breadcrumbs_links_hover_color":"","ocean_display_footer_widgets":"default","ocean_display_footer_bottom":"default","ocean_custom_footer_template":"0","ocean_post_oembed":"","ocean_post_self_hosted_media":"","ocean_post_video_embed":"","ocean_link_format":"","ocean_link_format_target":"self","ocean_quote_format":"","ocean_quote_format_link":"post","ocean_gallery_link_images":"on","ocean_gallery_id":[],"footnotes":""},"categories":[1,57,56,74],"tags":[],"class_list":["post-2989","post","type-post","status-publish","format-standard","has-post-thumbnail","hentry","category-analise","category-desigualdade-racial","category-desigualde-de-genero","category-trabalho","entry","has-media"],"_links":{"self":[{"href":"https:\/\/observatoriodesigualdades.fjp.mg.gov.br\/index.php?rest_route=\/wp\/v2\/posts\/2989","targetHints":{"allow":["GET"]}}],"collection":[{"href":"https:\/\/observatoriodesigualdades.fjp.mg.gov.br\/index.php?rest_route=\/wp\/v2\/posts"}],"about":[{"href":"https:\/\/observatoriodesigualdades.fjp.mg.gov.br\/index.php?rest_route=\/wp\/v2\/types\/post"}],"author":[{"embeddable":true,"href":"https:\/\/observatoriodesigualdades.fjp.mg.gov.br\/index.php?rest_route=\/wp\/v2\/users\/2"}],"replies":[{"embeddable":true,"href":"https:\/\/observatoriodesigualdades.fjp.mg.gov.br\/index.php?rest_route=%2Fwp%2Fv2%2Fcomments&post=2989"}],"version-history":[{"count":13,"href":"https:\/\/observatoriodesigualdades.fjp.mg.gov.br\/index.php?rest_route=\/wp\/v2\/posts\/2989\/revisions"}],"predecessor-version":[{"id":3761,"href":"https:\/\/observatoriodesigualdades.fjp.mg.gov.br\/index.php?rest_route=\/wp\/v2\/posts\/2989\/revisions\/3761"}],"wp:featuredmedia":[{"embeddable":true,"href":"https:\/\/observatoriodesigualdades.fjp.mg.gov.br\/index.php?rest_route=\/wp\/v2\/media\/2997"}],"wp:attachment":[{"href":"https:\/\/observatoriodesigualdades.fjp.mg.gov.br\/index.php?rest_route=%2Fwp%2Fv2%2Fmedia&parent=2989"}],"wp:term":[{"taxonomy":"category","embeddable":true,"href":"https:\/\/observatoriodesigualdades.fjp.mg.gov.br\/index.php?rest_route=%2Fwp%2Fv2%2Fcategories&post=2989"},{"taxonomy":"post_tag","embeddable":true,"href":"https:\/\/observatoriodesigualdades.fjp.mg.gov.br\/index.php?rest_route=%2Fwp%2Fv2%2Ftags&post=2989"}],"curies":[{"name":"wp","href":"https:\/\/api.w.org\/{rel}","templated":true}]}}