{"id":3279,"date":"2023-09-22T21:40:49","date_gmt":"2023-09-22T21:40:49","guid":{"rendered":"https:\/\/observatoriodesigualdades.fjp.mg.gov.br\/?p=3279"},"modified":"2024-05-30T22:04:19","modified_gmt":"2024-05-30T22:04:19","slug":"um-sinal-a-dignidade-das-mulheres-o-voto-de-rosa-weber-e-as-consequencias-perversas-da-criminalizacao-do-aborto-no-brasil","status":"publish","type":"post","link":"https:\/\/observatoriodesigualdades.fjp.mg.gov.br\/?p=3279","title":{"rendered":"Um sinal \u00e0 dignidade das mulheres: o voto de Rosa Weber e as consequ\u00eancias perversas da criminaliza\u00e7\u00e3o do aborto no Brasil"},"content":{"rendered":"\t\t<div data-elementor-type=\"wp-post\" data-elementor-id=\"3279\" class=\"elementor elementor-3279\">\n\t\t\t\t\t\t<section class=\"elementor-section elementor-top-section elementor-element elementor-element-5793be1 elementor-section-boxed elementor-section-height-default elementor-section-height-default\" data-id=\"5793be1\" data-element_type=\"section\" data-e-type=\"section\">\n\t\t\t\t\t\t<div class=\"elementor-container elementor-column-gap-default\">\n\t\t\t\t\t<div class=\"elementor-column elementor-col-100 elementor-top-column elementor-element elementor-element-93b0e12\" data-id=\"93b0e12\" data-element_type=\"column\" data-e-type=\"column\">\n\t\t\t<div class=\"elementor-widget-wrap elementor-element-populated\">\n\t\t\t\t\t\t<div class=\"elementor-element elementor-element-f22dfa4 elementor-widget elementor-widget-text-editor\" data-id=\"f22dfa4\" data-element_type=\"widget\" data-e-type=\"widget\" data-widget_type=\"text-editor.default\">\n\t\t\t\t<div class=\"elementor-widget-container\">\n\t\t\t\t\t\t\t\t\t<p><span style=\"font-weight: 400;\">O dia 22 de setembro j\u00e1 amanheceu sob o signo da pol\u00eamica que est\u00e1 longe de se encerrar: a Ministra do STF Rosa Weber votou a favor da descriminaliza\u00e7\u00e3o do aborto at\u00e9 a 12\u00ba semana de gesta\u00e7\u00e3o, como relatora de uma a\u00e7\u00e3o apresentada pelo PSOL em 2017 para que o STF se manifestasse sobre a quest\u00e3o. A partir de destaque do Ministro Barroso, a vota\u00e7\u00e3o foi interrompida e ser\u00e1 transferida para o plen\u00e1rio presencial. No Brasil, o aborto \u00e9 proibido pelos artigos 124 e 126 do C\u00f3digo Penal, que criminalizam \u201cprovocar aborto em si mesma ou consentir que outrem lho provoque\u201d e \u201cprovocar aborto com o consentimento da gestante\u201d, respectivamente. A pr\u00e1tica \u00e9 permitida apenas em casos de risco de vida da m\u00e3e e de gravidez causada por estupro, al\u00e9m do caso de anencefalia do feto, de acordo com a decis\u00e3o do STF em 2012. No contexto atual, a perspectiva vai al\u00e9m da permiss\u00e3o em casos espec\u00edficos, como os permitidos atualmente: a decis\u00e3o que ser\u00e1 tomada pelo STF diz sobre o direito de todas as mulheres brasileiras sobre seus corpos, sobre a autonomia feminina, um passo em dire\u00e7\u00e3o \u00e0 equidade de g\u00eanero e ao fim do controle estatal patriarcal sobre corpos femininos.\u00a0<\/span><\/p><p><span style=\"font-weight: 400;\">O voto da relatora aponta a incoer\u00eancia da proibi\u00e7\u00e3o de 1940 ao aborto &#8211; pautada em uma moralidade que \u201cexclu\u00eda as mulheres da condi\u00e7\u00e3o de sujeito de direito\u201d, quando \u201ca maternidade e os cuidados dom\u00e9sticos compunham o projeto de vida da mulher, qualquer escolha fora desse padr\u00e3o era inaceit\u00e1vel e o estigma social, certeiro\u201d &#8211; e a compreens\u00e3o, no contexto atual, da \u201cmulher como sujeito e titular de direito\u201d. Rosa Weber vota favor\u00e1vel \u00e0 descriminaliza\u00e7\u00e3o considerando que \u201ca dignidade da pessoa humana, a autodetermina\u00e7\u00e3o pessoal, a liberdade, a intimidade, os direitos reprodutivos e a igualdade como reconhecimento, transcorridas as sete d\u00e9cadas, imp\u00f5em-se como par\u00e2metros normativos de controle da validade constitucional da resposta estatal penal\u201d, considerando que a criminaliza\u00e7\u00e3o refor\u00e7a a discrimina\u00e7\u00e3o de g\u00eanero. O posicionamento favor\u00e1vel \u00e9 sustentado nas evid\u00eancias de que o enfrentamento a esta quest\u00e3o deve se basear nas pol\u00edticas p\u00fablicas de sa\u00fade preventivas \u00e0 gravidez e na prote\u00e7\u00e3o da vida da mulher.\u00a0<\/span><\/p><p><span style=\"font-weight: 400;\">A decis\u00e3o, portanto, vai muito al\u00e9m de uma discuss\u00e3o moral, \u00e9tica ou religiosa: envolve a vida e a sa\u00fade de mulheres e meninas. Dessa forma, este texto n\u00e3o pretende abordar a quest\u00e3o do aborto do ponto de vista de suas implica\u00e7\u00f5es morais ou religiosas, ou mesmo do ponto de vista do direito reprodutivo. Nosso objetivo aqui \u00e9 contribuir para o debate em torno das seguintes quest\u00f5es: \u00e9 verdade que o aborto \u00e9 uma quest\u00e3o de sa\u00fade p\u00fablica? Independente de uma posi\u00e7\u00e3o favor\u00e1vel ou contr\u00e1ria \u00e0 moralidade da interrup\u00e7\u00e3o volunt\u00e1ria da gravidez &#8211; ou at\u00e9 mesmo a respeito da sua descriminaliza\u00e7\u00e3o &#8211;\u00a0 como a criminaliza\u00e7\u00e3o da pr\u00e1tica do aborto afeta a sa\u00fade reprodutiva das mulheres e, especificamente, como ela se relaciona com as desigualdades sociais em sa\u00fade?\u00a0<\/span><\/p><p><span style=\"font-weight: 400;\">A inser\u00e7\u00e3o da legaliza\u00e7\u00e3o do aborto na agenda p\u00fablica n\u00e3o \u00e9 exclusividade do Brasil: v\u00e1rios pa\u00edses modificaram recentemente sua legisla\u00e7\u00e3o, a partir de mobiliza\u00e7\u00e3o intensa de movimentos de mulheres que reivindicam que a interrup\u00e7\u00e3o da gravidez seja uma escolha individual e segura, entre os quais se destacam pa\u00edses latinoamericanos. Os recentes avan\u00e7os na Argentina, no M\u00e9xico e no Chile sobre a legaliza\u00e7\u00e3o do aborto, al\u00e9m dos movimentos e da articula\u00e7\u00e3o internacional feminista em todo o continente, representam um movimento chamado de \u201cmar\u00e9 verde\u201d. Apesar dessas mudan\u00e7as recentes, a hist\u00f3ria do direito ao aborto na Am\u00e9rica Latina\u00b2 se iniciou na d\u00e9cada de 1960, com a legaliza\u00e7\u00e3o em Cuba, em decorr\u00eancia da participa\u00e7\u00e3o das mulheres na luta por direitos sociais. O Uruguai tamb\u00e9m se destacou com a aprova\u00e7\u00e3o, em 2013, da possibilidade de interrup\u00e7\u00e3o da gravidez at\u00e9 a 12\u00ba semana de gesta\u00e7\u00e3o. <\/span><span style=\"font-weight: 400;\">Nos Estados Unidos, em que o direito ao aborto foi estabelecidos na mesma linha que pretende-se no Brasil, por meio do Poder Judici\u00e1rio, na decis\u00e3o conhecida como \u201cRoe vs. Wade\u201d, que desde 1973 garantia o direito ao aborto no pa\u00eds. Contudo, em 2022, mesmo com uma ampla mobiliza\u00e7\u00e3o dos movimento de mulheres estadunidenses pelo direito ao aborto legal, a Suprema Corte derrubou a decis\u00e3o, e a proibi\u00e7\u00e3o voltou a ser responsabilidade de cada estado.\u00a0<\/span><\/p><p><span style=\"font-weight: 400;\">O Brasil n\u00e3o acompanhou a tend\u00eancia de seus vizinhos, permanecendo com fortes restri\u00e7\u00f5es \u00e0 realiza\u00e7\u00e3o do aborto, al\u00e9m de que, apesar da lei estabelecer o direito ao aborto em determinadas situa\u00e7\u00f5es, a pr\u00e1tica \u00e9 muito diferente: muitas vezes mulheres e meninas t\u00eam atendimento negado. O relat\u00f3rio \u201cAborto: por que precisamos descriminalizar\u201d, da Anis\u00b3, explica essa dificuldade pelo medo da puni\u00e7\u00e3o e pelo estigma sentido tanto pelos profissionais da sa\u00fade quanto pelas mulheres que buscam o procedimento e que faz com que outras sequer o busquem.\u00a0<\/span><\/p><p><span style=\"font-weight: 400;\">Tais barreiras se concretizam na vida daquelas que precisam do atendimento, como no caso recente de uma crian\u00e7a de 10 anos que buscou o procedimento ap\u00f3s ser estuprada pelo tio<\/span><span style=\"font-weight: 400;\">4<\/span><span style=\"font-weight: 400;\">. A not\u00edcia ganhou espa\u00e7o na m\u00eddia em 2020, quando a menina e sua fam\u00edlia enfrentaram a press\u00e3o e a viola\u00e7\u00e3o de sua privacidade por parte de grupos conservadores e extremistas religiosos. <\/span><span style=\"font-weight: 400;\">Em 2022, tamb\u00e9m recebeu destaque na m\u00eddia o caso da Ju\u00edza Joana Ribeiro Zimmer, que tentou constranger uma menina de 11 anos gr\u00e1vida em seu acesso ao direito legal ao aborto. Este ano, uma menina de 12 anos, v\u00edtima de estupro e que j\u00e1 havia sido m\u00e3e aos 10 anos, ganhou seu segundo filho, ap\u00f3s ter o direito ao aborto legal negado no Piau\u00ed.\u00a0<\/span><\/p><p><span style=\"font-weight: 400;\">No governo passado,<\/span><span style=\"font-weight: 400;\"> a cria\u00e7\u00e3o do Minist\u00e9rio da Mulher, Fam\u00edlia e Direitos Humanos, sob a lideran\u00e7a de Damares Alves, uma das fundadoras do movimento Brasil sem Aborto\u00b2, foi mais um degrau numa escalada conservadora que busca interditar qualquer discuss\u00e3o informada acerca do aborto enquanto quest\u00e3o de sa\u00fade p\u00fablica, insistindo em um enquadramento exclusivamente moral, quando n\u00e3o religioso, parte de uma cruzada instrumentalizada politicamente. <\/span><span style=\"font-weight: 400;\">Ainda em governos progressistas, a pauta n\u00e3o parece ganhar a relev\u00e2ncia observada nos pa\u00edses vizinhos, na medida em que o debate ainda \u00e9 orientado por quest\u00f5es morais e religiosas muito presentes na sociedade brasileira, agravada pelo crescimento de grupos conservadores de extrema direita nos \u00faltimos anos.<\/span><\/p><p><span style=\"font-weight: 400;\">Para se realizar uma discuss\u00e3o s\u00e9ria sobre pol\u00edticas de sa\u00fade da mulher e sobre a realidade do aborto, \u00e9 necess\u00e1rio tamb\u00e9m usar a raz\u00e3o eter conhecimento das evid\u00eancias, a fim de que o ju\u00edzo \u2013 inclusive \u00e9tico \u2013 possa se formar a partir do conhecimento de todas as implica\u00e7\u00f5es de cada alternativa de pol\u00edtica. Em primeiro lugar, n\u00e3o h\u00e1 evid\u00eancias de que a criminaliza\u00e7\u00e3o reduza o n\u00famero de procedimentos abortivos. Segundo SEDGH (2012), em estudo publicado na The Lancet, que avaliou a incid\u00eancia de aborto induzido em diversos pa\u00edses, entre 1995 e 2008, a chance de uma mulher interromper uma gravidez indesejada \u00e9 praticamente a mesma independente da legalidade ou n\u00e3o do procedimento. Ademais, ao contr\u00e1rio do senso comum, a descriminaliza\u00e7\u00e3o ou legaliza\u00e7\u00e3o foi seguida de\u00a0 queda nas taxas de aborto em pa\u00edses como Fran\u00e7a, Portugal e Rom\u00eania, conforme os dados ilustrados na imagem 2. Isso ocorre justamente porque sistemas de sa\u00fade que realizam legalmente os procedimentos abortivos, oferecem acompanhamento psicossocial \u00e0s mulheres que buscam o servi\u00e7o e, na maior parte deles, a mulher \u00e9 orientada e tem a possibilidade de passar a utilizar algum m\u00e9todo contraceptivo ap\u00f3s o procedimento, o que faz com que o recurso \u00e0 interrup\u00e7\u00e3o da gravidez tenda a n\u00e3o se repetir.<\/span><\/p><p style=\"text-align: center;\"><span style=\"font-weight: 400;\">Imagem 1 &#8211; N\u00famero de abortos a cada 100 mil mulheres por continente<\/span><\/p>\t\t\t\t\t\t\t\t<\/div>\n\t\t\t\t<\/div>\n\t\t\t\t<div class=\"elementor-element elementor-element-7ba152d elementor-widget elementor-widget-image\" data-id=\"7ba152d\" data-element_type=\"widget\" data-e-type=\"widget\" data-widget_type=\"image.default\">\n\t\t\t\t<div class=\"elementor-widget-container\">\n\t\t\t\t\t\t\t\t\t\t\t\t\t\t\t<img fetchpriority=\"high\" decoding=\"async\" width=\"512\" height=\"267\" src=\"https:\/\/observatoriodesigualdades.fjp.mg.gov.br\/wp-content\/uploads\/2023\/09\/Imagem-1.jpg\" class=\"attachment-large size-large wp-image-3280\" alt=\"\" srcset=\"https:\/\/observatoriodesigualdades.fjp.mg.gov.br\/wp-content\/uploads\/2023\/09\/Imagem-1.jpg 512w, https:\/\/observatoriodesigualdades.fjp.mg.gov.br\/wp-content\/uploads\/2023\/09\/Imagem-1-300x156.jpg 300w\" sizes=\"(max-width: 512px) 100vw, 512px\" \/>\t\t\t\t\t\t\t\t\t\t\t\t\t\t\t<\/div>\n\t\t\t\t<\/div>\n\t\t\t\t<div class=\"elementor-element elementor-element-2018978 elementor-widget elementor-widget-text-editor\" data-id=\"2018978\" data-element_type=\"widget\" data-e-type=\"widget\" data-widget_type=\"text-editor.default\">\n\t\t\t\t<div class=\"elementor-widget-container\">\n\t\t\t\t\t\t\t\t\t<p style=\"text-align: center;\"><span style=\"font-weight: 400;\">Fonte: Anis, 2018. Dispon\u00edvel em: &lt;https:\/\/anis.org.br\/wp-content\/uploads\/2020\/07\/RELATORIO-ABORTO-PT.pdf&gt;<\/span><\/p><p><span style=\"font-weight: 400;\">Outra desmistifica\u00e7\u00e3o necess\u00e1ria \u00e9 acerca do perfil das mulheres que realizam aborto, geralmente estigmatizadas ou vilanizadas, como se fossem \u201cafastadas de Deus\u201d ou que n\u00e3o dessem valor \u00e0 fam\u00edlia. O perfil das mulheres que abortam, por\u00e9m, est\u00e1 muito distante dos estere\u00f3tipos conservadores: 88% delas t\u00eam religi\u00e3o e 67% j\u00e1 t\u00eam filhos, como mostram os dados representados no infogr\u00e1fico (imagem 3). Na realidade, o que mostra o relat\u00f3rio da Anis\u00b3 \u00e9 que, se todas as mulheres que j\u00e1 abortaram fossem punidas, 3 milh\u00f5es de fam\u00edlias ficariam sem m\u00e3es.\u00a0<\/span><\/p><p style=\"text-align: center;\"><span style=\"font-weight: 400;\">Imagem 2 &#8211; Perfil das mulheres que abortam no Brasil<\/span><\/p>\t\t\t\t\t\t\t\t<\/div>\n\t\t\t\t<\/div>\n\t\t\t\t<div class=\"elementor-element elementor-element-5fe2c90 elementor-widget elementor-widget-image\" data-id=\"5fe2c90\" data-element_type=\"widget\" data-e-type=\"widget\" data-widget_type=\"image.default\">\n\t\t\t\t<div class=\"elementor-widget-container\">\n\t\t\t\t\t\t\t\t\t\t\t\t\t\t\t<img decoding=\"async\" width=\"512\" height=\"321\" src=\"https:\/\/observatoriodesigualdades.fjp.mg.gov.br\/wp-content\/uploads\/2023\/09\/Imagem-2.jpg\" class=\"attachment-large size-large wp-image-3281\" alt=\"\" srcset=\"https:\/\/observatoriodesigualdades.fjp.mg.gov.br\/wp-content\/uploads\/2023\/09\/Imagem-2.jpg 512w, https:\/\/observatoriodesigualdades.fjp.mg.gov.br\/wp-content\/uploads\/2023\/09\/Imagem-2-300x188.jpg 300w\" sizes=\"(max-width: 512px) 100vw, 512px\" \/>\t\t\t\t\t\t\t\t\t\t\t\t\t\t\t<\/div>\n\t\t\t\t<\/div>\n\t\t\t\t<div class=\"elementor-element elementor-element-286ade8 elementor-widget elementor-widget-text-editor\" data-id=\"286ade8\" data-element_type=\"widget\" data-e-type=\"widget\" data-widget_type=\"text-editor.default\">\n\t\t\t\t<div class=\"elementor-widget-container\">\n\t\t\t\t\t\t\t\t\t<p style=\"text-align: center;\"><span style=\"font-weight: 400;\">Fonte: Anis, 2018. Dispon\u00edvel em: &lt;https:\/\/anis.org.br\/wp-content\/uploads\/2020\/07\/RELATORIO-ABORTO-PT.pdf&gt;<\/span><\/p><p><span style=\"font-weight: 400;\">Em rela\u00e7\u00e3o \u00e0 sa\u00fade das mulheres cabem outras considera\u00e7\u00f5es. Em primeiro lugar, o aborto inseguro \u00e9 uma das 4 principais causas de mortalidade materna no mundo, sendo respons\u00e1vel pela morte de, aproximadamente, 47 mil mulheres por ano e representando 13% do total de mortes maternas (ONU, 2013). Na Am\u00e9rica Latina, o aborto realizado de forma insegura tem 25 vezes mais chance de causar morte, do que o aborto realizado em cl\u00ednica legal. Em rela\u00e7\u00e3o aos abortos seguros realizados at\u00e9 a 15\u00b0 semana (que representam a maioria dos abortos legais), o procedimento inseguro chega a ser 50 vezes mais arriscado, como mostram as figuras abaixo.<\/span><\/p><p style=\"text-align: center;\"><span style=\"font-weight: 400;\">Imagem 3 &#8211; Taxa de mortalidade de mulheres que realizam procedimentos legalmente<\/span><\/p>\t\t\t\t\t\t\t\t<\/div>\n\t\t\t\t<\/div>\n\t\t\t\t<div class=\"elementor-element elementor-element-11bc2da elementor-widget elementor-widget-image\" data-id=\"11bc2da\" data-element_type=\"widget\" data-e-type=\"widget\" data-widget_type=\"image.default\">\n\t\t\t\t<div class=\"elementor-widget-container\">\n\t\t\t\t\t\t\t\t\t\t\t\t\t\t\t<img decoding=\"async\" width=\"481\" height=\"249\" src=\"https:\/\/observatoriodesigualdades.fjp.mg.gov.br\/wp-content\/uploads\/2023\/09\/Imagem-3.png\" class=\"attachment-large size-large wp-image-3282\" alt=\"\" srcset=\"https:\/\/observatoriodesigualdades.fjp.mg.gov.br\/wp-content\/uploads\/2023\/09\/Imagem-3.png 481w, https:\/\/observatoriodesigualdades.fjp.mg.gov.br\/wp-content\/uploads\/2023\/09\/Imagem-3-300x155.png 300w\" sizes=\"(max-width: 481px) 100vw, 481px\" \/>\t\t\t\t\t\t\t\t\t\t\t\t\t\t\t<\/div>\n\t\t\t\t<\/div>\n\t\t\t\t<div class=\"elementor-element elementor-element-b0c5c22 elementor-widget elementor-widget-text-editor\" data-id=\"b0c5c22\" data-element_type=\"widget\" data-e-type=\"widget\" data-widget_type=\"text-editor.default\">\n\t\t\t\t<div class=\"elementor-widget-container\">\n\t\t\t\t\t\t\t\t\t<p style=\"text-align: center;\"><span style=\"font-weight: 400;\">Imagem 4 &#8211; Taxa de mortalidade de mulheres que realizam abortos inseguros por regi\u00e3o<\/span><\/p>\t\t\t\t\t\t\t\t<\/div>\n\t\t\t\t<\/div>\n\t\t\t\t<div class=\"elementor-element elementor-element-d52e40c elementor-widget elementor-widget-image\" data-id=\"d52e40c\" data-element_type=\"widget\" data-e-type=\"widget\" data-widget_type=\"image.default\">\n\t\t\t\t<div class=\"elementor-widget-container\">\n\t\t\t\t\t\t\t\t\t\t\t\t\t\t\t<img loading=\"lazy\" decoding=\"async\" width=\"435\" height=\"276\" src=\"https:\/\/observatoriodesigualdades.fjp.mg.gov.br\/wp-content\/uploads\/2023\/09\/Imagem-4.png\" class=\"attachment-large size-large wp-image-3283\" alt=\"\" srcset=\"https:\/\/observatoriodesigualdades.fjp.mg.gov.br\/wp-content\/uploads\/2023\/09\/Imagem-4.png 435w, https:\/\/observatoriodesigualdades.fjp.mg.gov.br\/wp-content\/uploads\/2023\/09\/Imagem-4-300x190.png 300w\" sizes=\"(max-width: 435px) 100vw, 435px\" \/>\t\t\t\t\t\t\t\t\t\t\t\t\t\t\t<\/div>\n\t\t\t\t<\/div>\n\t\t\t\t<div class=\"elementor-element elementor-element-f96c689 elementor-widget elementor-widget-text-editor\" data-id=\"f96c689\" data-element_type=\"widget\" data-e-type=\"widget\" data-widget_type=\"text-editor.default\">\n\t\t\t\t<div class=\"elementor-widget-container\">\n\t\t\t\t\t\t\t\t\t<p style=\"text-align: center;\"><span style=\"font-weight: 400;\">Fonte: Unsafe abortion: global and regional estimates of the incidence of unsafe abortion and associated mortality in 2008, 6th ed. Geneva, World Health Organization, 2011<\/span><\/p><p><span style=\"font-weight: 400;\">Al\u00e9m do risco de morte, em si, a realiza\u00e7\u00e3o de abortos inseguros provoca sequelas, tempor\u00e1rias ou permanentes, em cerca de 5 milh\u00f5es de mulheres. Entre 20 e 30% dos abortos inseguros geram infec\u00e7\u00f5es do trato reprodutivo e, dessas, de 20 a 40% evoluem para uma infec\u00e7\u00e3o do trato genital superior. Embora j\u00e1 sejam muito preocupantes, esses dados s\u00e3o provavelmente uma estimativa menor que a realidade, uma vez que as informa\u00e7\u00f5es acerca dos procedimentos inseguros tendem a ser subnotificadas, justamente pela ilegalidade do aborto em alguns pa\u00edses. Diversos estudos (ONU, 2013; JEWKS et al. 2002; JEWKS &amp; REES, 2005; DAVID, 1992) apontam que a elimina\u00e7\u00e3o das restri\u00e7\u00f5es para a realiza\u00e7\u00e3o do aborto, at\u00e9 o per\u00edodo seguro (24 semanas), reduz a mortalidade materna global em todos os pa\u00edses em que as pesquisas foram realizadas.<\/span><\/p><p><span style=\"font-weight: 400;\">Se os procedimentos de aborto inseguro v\u00e3o desde a curetagem (que pode provocar hemorragia e esterilidade) at\u00e9 a utiliza\u00e7\u00e3o de objetos pontiagudos, ervas e medicamentos n\u00e3o recomendados, o procedimento realizado de forma legal \u00e9 relativamente simples e de baixo risco, especialmente at\u00e9 a 15\u00b0semana. O aborto realizado de forma segura, recomendado pela ONU e pela OMS, \u00e9 realizado ou atrav\u00e9s da ingest\u00e3o de um comprimido, misoprostol ou mifepristone, que provoca um sangramento similar a uma menstrua\u00e7\u00e3o mais acentuada; ou atrav\u00e9s de um procedimento cir\u00fargico simples, chamado de aspira\u00e7\u00e3o manual a v\u00e1cuo, com baix\u00edssimo risco para a m\u00e3e. Isso quer dizer que, clinicamente, a taxa de mortalidade ap\u00f3s um aborto realizado at\u00e9 a 15\u00b0semana \u00e9 de 1 para cada 600.000.<\/span><\/p><p><span style=\"font-weight: 400;\">As consequ\u00eancias para a sa\u00fade da mulher sobrecarregam tamb\u00e9m o sistema de sa\u00fade, na medida em que 250 mil mulheres ocupam leitos do SUS a cada ano devido a complica\u00e7\u00f5es causadas por aborto inseguro, de acordo com a Pesquisa Nacional de Aborto (2016), gerando um gasto de R$ 486 milh\u00f5es entre 2008 e 2017\u00b3. O aborto inseguro tamb\u00e9m causa a morte de mulheres: em 2016, pelo menos 203 mulheres morreram em decorr\u00eancia do procedimento, de acordo com os registros do SUS.\u00a0<\/span><\/p><p><span style=\"font-weight: 400;\">O relat\u00f3rio da Anis retrata tamb\u00e9m a discrimina\u00e7\u00e3o causada pela criminaliza\u00e7\u00e3o do aborto. Al\u00e9m do procedimento ser mais comum entre mulheres ind\u00edgenas e negras em rela\u00e7\u00e3o \u00e0s brancas, a desigualdade de classes influencia a inseguran\u00e7a dos procedimentos ilegais. Entre as regi\u00f5es brasileiras, tamb\u00e9m h\u00e1 desigualdades na realiza\u00e7\u00e3o de abortos, sendo o Nordeste a regi\u00e3o com maior \u00edndice, como apresenta o gr\u00e1fico abaixo. Tais dados podem estar relacionados \u00e0 precariedade do acesso aos m\u00e9todos contraceptivos e \u00e0 educa\u00e7\u00e3o sexual. Al\u00e9m disso, as mulheres mais vulner\u00e1veis s\u00e3o v\u00edtimas de amea\u00e7as de den\u00fancia mais frequentemente, geralmente denunciadas por profissionais da sa\u00fade.\u00a0\u00a0<\/span><\/p><p style=\"text-align: center;\"><span style=\"font-weight: 400;\">Imagem 5 &#8211; Taxa de abortos por regi\u00e3o do Brasil<\/span><\/p>\t\t\t\t\t\t\t\t<\/div>\n\t\t\t\t<\/div>\n\t\t\t\t<div class=\"elementor-element elementor-element-d77ce82 elementor-widget elementor-widget-image\" data-id=\"d77ce82\" data-element_type=\"widget\" data-e-type=\"widget\" data-widget_type=\"image.default\">\n\t\t\t\t<div class=\"elementor-widget-container\">\n\t\t\t\t\t\t\t\t\t\t\t\t\t\t\t<img loading=\"lazy\" decoding=\"async\" width=\"512\" height=\"346\" src=\"https:\/\/observatoriodesigualdades.fjp.mg.gov.br\/wp-content\/uploads\/2023\/09\/Imagem-5.jpg\" class=\"attachment-large size-large wp-image-3284\" alt=\"\" srcset=\"https:\/\/observatoriodesigualdades.fjp.mg.gov.br\/wp-content\/uploads\/2023\/09\/Imagem-5.jpg 512w, https:\/\/observatoriodesigualdades.fjp.mg.gov.br\/wp-content\/uploads\/2023\/09\/Imagem-5-300x203.jpg 300w\" sizes=\"(max-width: 512px) 100vw, 512px\" \/>\t\t\t\t\t\t\t\t\t\t\t\t\t\t\t<\/div>\n\t\t\t\t<\/div>\n\t\t\t\t<div class=\"elementor-element elementor-element-5939be2 elementor-widget elementor-widget-text-editor\" data-id=\"5939be2\" data-element_type=\"widget\" data-e-type=\"widget\" data-widget_type=\"text-editor.default\">\n\t\t\t\t<div class=\"elementor-widget-container\">\n\t\t\t\t\t\t\t\t\t<p style=\"text-align: center;\"><span style=\"font-weight: 400;\">Fonte: Anis, 2018. Dispon\u00edvel em: &lt;https:\/\/anis.org.br\/wp-content\/uploads\/2020\/07\/RELATORIO-ABORTO-PT.pdf&gt;<\/span><\/p><p><span style=\"font-weight: 400;\">Para al\u00e9m das pol\u00eamicas e dilemas morais ou religiosos seguramente envolvidos na discuss\u00e3o, a descriminaliza\u00e7\u00e3o do aborto para garantir o direito a sa\u00fade das mulheres e a melhoria das pol\u00edticas de planejamento familiar, preven\u00e7\u00e3o \u00e0 gravidez e combate \u00e0 mortalidade e morbidade materna, tem sido uma alternativa de pol\u00edtica bastante considerada. Somente entre 1999 e 2008, pelo menos 3 tratados internacionais foram assinados por diversos pa\u00edses acerca da legaliza\u00e7\u00e3o do aborto e do planejamento familiar adequado:\u00a0<\/span><\/p><ul><li style=\"font-weight: 400;\" aria-level=\"1\"><span style=\"font-weight: 400;\">Par\u00e1grafos 7.24 e 7.6 do Plano de a\u00e7\u00e3o da confer\u00eancia internacional de popula\u00e7\u00e3o e desenvolvimento de 1999, na XXI reuni\u00e3o especial da assembleia geral da ONU: afirmam que os pa\u00edses deveriam garantir, at\u00e9 2015, aborto seguro \u00e0s mulheres em seus servi\u00e7os de aten\u00e7\u00e3o prim\u00e1ria. Embora enfatizasse que o aborto n\u00e3o deveria ser recomendado como m\u00e9todo de planejamento familiar, j\u00e1 destacava que em todos os casos o governo deveria garantir apoio, seguran\u00e7a e conforto \u00e0quelas mulheres que recorressem ao procedimento.<\/span><\/li><li style=\"font-weight: 400;\" aria-level=\"1\"><span style=\"font-weight: 400;\">Plano de a\u00e7\u00e3o para os direitos reprodutivos e sexuais da Uni\u00e3o Africana (2006), que j\u00e1 discute a elimina\u00e7\u00e3o dos abortos inseguros e a descriminaliza\u00e7\u00e3o do aborto.<\/span><\/li><li style=\"font-weight: 400;\" aria-level=\"1\"><span style=\"font-weight: 400;\">Resolu\u00e7\u00e3o 1607 do parlamento europeu de 2008, que discorre acerca do Acesso ao Aborto Legal e Seguro na Europa.<\/span><\/li><\/ul><p><span style=\"font-weight: 400;\">Al\u00e9m dessas resolu\u00e7\u00f5es, a pr\u00f3pria Organiza\u00e7\u00e3o Mundial de Sa\u00fade definiu como uma de suas metas do mil\u00eanio, no que diz respeito \u00e0 sa\u00fade reprodutiva, a elimina\u00e7\u00e3o do aborto inseguro no mundo at\u00e9 2030. Tamb\u00e9m cabe destacar que 80% dos pa\u00edses considerados desenvolvidos, ou com maior IDH, j\u00e1 realizam abortos legais, enquanto apenas 16% dos pa\u00edses em desenvolvimento legalizaram a pr\u00e1tica. Como consequ\u00eancia, 75% dos abortos inseguros s\u00e3o realizados em pa\u00edses em desenvolvimento, com todos os riscos e custos envolvidos. (ONU, 2013).<\/span><\/p><p><span style=\"font-weight: 400;\">Se olharmos para o Brasil, que registrou 39 mil \u00f3bitos maternos entre 1996 e 2018, segundo dados do Sistema de Informa\u00e7\u00f5es sobre Mortalidade, a legaliza\u00e7\u00e3o do aborto e a elimina\u00e7\u00e3o dos abortos inseguros poderia ter salvo a vida de, aproximadamente 6.240 mulheres (16% das mortes maternas est\u00e3o relacionadas ao aborto inseguro).\u00a0<\/span><\/p><p><span style=\"font-weight: 400;\">Os dados emp\u00edricos mostram que pa\u00edses que legalizaram o aborto, no m\u00e9dio prazo, reduzem a taxa global de abortos realizados. Ademais, a probabilidade de uma mulher interromper uma gravidez n\u00e3o-desejada quase n\u00e3o se altera com a proibi\u00e7\u00e3o ou a legaliza\u00e7\u00e3o do aborto, como j\u00e1 apontamos. O que se altera, de fato, \u00e9 a chance de sobreviv\u00eancia dessa mulher, que \u00e9 25 vezes maior quando o procedimento \u00e9 realizado de forma segura, nas condi\u00e7\u00f5es adequadas. As mulheres que realizam um aborto n\u00e3o s\u00e3o loucas, m\u00e1s, \u201cdepravadas\u201d, ou irrespons\u00e1veis; na maioria das vezes s\u00e3o m\u00e3es, religiosas, mulheres que entendem que, no momento, n\u00e3o t\u00eam condi\u00e7\u00f5es emocionais, sociais ou financeiras de prosseguir com uma gravidez.\u00a0<\/span><\/p><p><span style=\"font-weight: 400;\">No caso brasileiro, por exemplo, segundo dados do SIM publicados no caderno de sa\u00fade p\u00fablica da FIOCRUZ, quem mais morre s\u00e3o as mulheres negras de baixa escolaridade. Analisar os dados do SUS \u00e9 interessante, porque s\u00f3 costumam chegar aos hospitais p\u00fablicos os casos de aborto em que h\u00e1 complica\u00e7\u00f5es, em geral, abortos realizados fora dos procedimentos recomendados pela ONU. Isso significa que, n\u00e3o necessariamente, mulheres negras de baixa escolaridade s\u00e3o as que mais realizam abortos, mas provavelmente que os abortos realizados por essas mulheres t\u00eam condi\u00e7\u00f5es piores e por consequ\u00eancia geram mais complica\u00e7\u00f5es<\/span><\/p><p><span style=\"font-weight: 400;\">A decis\u00e3o de interromper uma gravidez \u00e9 uma escolha dif\u00edcil e, ressalte-se, o Observat\u00f3rio n\u00e3o tem a pretens\u00e3o de adentrar, quanto mais esgotar, as complexas implica\u00e7\u00f5es morais da interrup\u00e7\u00e3o volunt\u00e1ria da gravidez. O que se discute aqui \u00e9 tornar criminosas as mulheres que recorrem ao aborto \u00e9 ineficaz quanto aos seus objetivos, j\u00e1 que n\u00e3o reduz significativamente a incid\u00eancia de aborto; \u00e9 delet\u00e9ria, em termos de sa\u00fade p\u00fablica, pois acarreta a morte evit\u00e1vel e sequelas para muitas mulheres, majoritariamente de pa\u00edses em desenvolvimento e, mais ainda de pa\u00edses latino americanos; \u00e9 in\u00edqua, pois estas mortes e sequelas acometem mais as mulheres dos grupos mais vulner\u00e1veis da sociedade, que n\u00e3o t\u00eam condi\u00e7\u00f5es de arcar com os custos de uma interrup\u00e7\u00e3o volunt\u00e1ria clandestina, mas segura. <\/span><span style=\"font-weight: 400;\">Indo ainda al\u00e9m dessas implica\u00e7\u00f5es, o voto da Ministra Rosa Weber explicita o car\u00e1ter discriminat\u00f3rio da criminaliza\u00e7\u00e3o do aborto, refor\u00e7ando que o direito de escolha sobre o pr\u00f3prio corpo \u00e9 fundamental para o reconhecimento da mulher como sujeito e que a autonomia feminina passa, necessariamente, por essa quest\u00e3o. Muito mais do que a descriminaliza\u00e7\u00e3o, a realidade brasileira mostra a necessidade de tratar o aborto como pol\u00edtica p\u00fablica de sa\u00fade, oferecendo os recursos para que cada mulher possa tomar as decis\u00f5es sobre seu corpo de forma segura e igualit\u00e1ria.\u00a0<\/span><\/p><p><strong>Autoras: Anna Clara Mattos e Clara de Oliveira Lazzarotti Diniz, sob a orienta\u00e7\u00e3o de Bruno Lazzarotti.\u00a0<\/strong><br \/>*O Observat\u00f3rio das Desigualdades \u00e9 um projeto de extens\u00e3o. O conte\u00fado e as opini\u00f5es expressas n\u00e3o refletem necessariamente o posicionamento da Funda\u00e7\u00e3o Jo\u00e3o Pinheiro ou do CORECON \u2013 MG.<\/p><p><strong>Nota:<\/strong> <span style=\"font-weight: 400;\">Este post \u00e9 uma atualiza\u00e7\u00e3o da publica\u00e7\u00e3o do dia 25 de maio de 2022 no blog do Observat\u00f3rio das Desigualdades. Dispon\u00edvel em: <\/span><a href=\"https:\/\/observatoriodesigualdades.fjp.mg.gov.br\/?p=2525\"><span style=\"font-weight: 400;\">https:\/\/observatoriodesigualdades.fjp.mg.gov.br\/?p=2525<\/span><\/a><span style=\"font-weight: 400;\">. <\/span><\/p><p><b>Refer\u00eancias<\/b><\/p><p><span style=\"font-weight: 400;\">Why Roe v. Wade must be defended. The Lancet, vol. 399, p. 1845, 14 de maio de 2022. Dispon\u00edvel em: &lt;https:\/\/www.thelancet.com\/journals\/lancet\/article\/PIIS0140-6736(22)00870-4\/fulltext&gt;. Acesso em: 23 de maio de 2022.<\/span><\/p><p><span style=\"font-weight: 400;\">GON\u00c7ALVES, Davi; N\u00d3BREGA, J\u00falia; GOUV\u00caA, Luiza; WATANABE, Tatiane. A \u201cmar\u00e9 verde\u201d da descriminaliza\u00e7\u00e3o de abortos na Am\u00e9rica Latina. Observat\u00f3rio de Pol\u00edtica Externa e da Inser\u00e7\u00e3o Internacional do Brasil, 19 de outubro de 2021. Dispon\u00edvel em: &lt;https:\/\/opeb.org\/2021\/10\/16\/a-mare-verde-da-descriminalizacao-de-abortos-na-america-latina\/&gt;. Acesso em: 23 de maio de 2022.<\/span><\/p><p><span style=\"font-weight: 400;\">Aborto: por que precisamos descriminalizar. Anis, agosto de 2018. Dispon\u00edvel em: &lt;https:\/\/anis.org.br\/wp-content\/uploads\/2020\/07\/RELATORIO-ABORTO-PT.pdf&gt;. Acesso em: 23 de maio de 2022.<\/span><\/p><p><span style=\"font-weight: 400;\">ROSSI, Marina. Menina estuprada sofreu acosso de ultraconservadores at\u00e9 dentro de hospital. El Pa\u00eds, S\u00e3o Paulo, 17 de agosto de 2020. Dispon\u00edvel em: &lt;https:\/\/brasil.elpais.com\/brasil\/2020-08-18\/menina-estuprada-sofreu-acosso-de-ultraconservadores-ate-dentro-de-hospital.html&gt;. Acesso em: 23 de maio de 2022.<\/span><\/p><p><span style=\"font-weight: 400;\">Resolution S-21.2. Key actions for the further implementation of the Programme of Action of the International Conference on Population and development. In: Twenty-first special session of the United Nations General Assembly New York, 30 June\u20132 July 1999. New York, United Nations, 1999.<\/span><\/p><p><span style=\"font-weight: 400;\">Plan of action on sexual and reproductive health and rights (Maputo Plan of Action). Addis Ababa, The African Union Commission, 2006<\/span><\/p><p><span style=\"font-weight: 400;\">Access to safe and legal abortion in Europe. Strasbourg, Council of Europe, 2008 (Resolution 1607 of the Parliamentary Assembly of the Council of Europe;<\/span><\/p><p><span style=\"font-weight: 400;\">Reproductive health strategy to accelerate progress towards the attainment of international development goals and targets. Geneva, World Health Organization, 2004.<\/span><\/p><p><span style=\"font-weight: 400;\">Sedgh G, et al. Induced abortion: incidence and trends worldwide from 1995 to 2008. Lancet, 2012, 379:625\u2013632.<\/span><\/p><p><span style=\"font-weight: 400;\">Unsafe abortion: global and regional estimates of incidence of unsafe abortion and associated mortality in 2000, 4th ed. Geneva, World Health Organization, 2004<\/span><\/p><p><span style=\"font-weight: 400;\">David HP. Abortion in Europe, 1920\u201391 \u2013 a publichealth perspective. Studies in Family Planning, 1992, 23:1\u201322.<\/span><\/p><p><span style=\"font-weight: 400;\">Jewkes R et al. Prevalence of morbidity associated with abortion before and after legalisation in South Africa. British Medical Journal, 2002, 324:1252\u20131253.45. Jewkes R and Rees H, Dramatic decline in abortion mortality due to the Choice on Termination of Pregnancy Act. South African Medical Journal, 2005, 95[4]:250<\/span><\/p><p><span style=\"font-weight: 400;\">OMS. Abortamento seguro: orienta\u00e7\u00e3o t\u00e9cnica e de pol\u00edticas para o sistema de sa\u00fade, PNUD, Montevideo, 2012, 2\u00b0edi\u00e7\u00e3o.<\/span><\/p>\t\t\t\t\t\t\t\t<\/div>\n\t\t\t\t<\/div>\n\t\t\t\t\t<\/div>\n\t\t<\/div>\n\t\t\t\t\t<\/div>\n\t\t<\/section>\n\t\t\t\t<\/div>\n\t\t","protected":false},"excerpt":{"rendered":"<p>O dia 22 de setembro j\u00e1 amanheceu sob o signo da pol\u00eamica que est\u00e1 longe de se encerrar: a Ministra do STF Rosa Weber votou a favor da descriminaliza\u00e7\u00e3o do aborto at\u00e9 a 12\u00ba semana de gesta\u00e7\u00e3o, como relatora de uma a\u00e7\u00e3o apresentada pelo PSOL em 2017 para que o STF se manifestasse sobre a [&hellip;]<\/p>\n","protected":false},"author":2,"featured_media":3281,"comment_status":"open","ping_status":"open","sticky":false,"template":"","format":"standard","meta":{"ocean_post_layout":"","ocean_both_sidebars_style":"","ocean_both_sidebars_content_width":0,"ocean_both_sidebars_sidebars_width":0,"ocean_sidebar":"0","ocean_second_sidebar":"0","ocean_disable_margins":"enable","ocean_add_body_class":"","ocean_shortcode_before_top_bar":"","ocean_shortcode_after_top_bar":"","ocean_shortcode_before_header":"","ocean_shortcode_after_header":"","ocean_has_shortcode":"","ocean_shortcode_after_title":"","ocean_shortcode_before_footer_widgets":"","ocean_shortcode_after_footer_widgets":"","ocean_shortcode_before_footer_bottom":"","ocean_shortcode_after_footer_bottom":"","ocean_display_top_bar":"default","ocean_display_header":"default","ocean_header_style":"","ocean_center_header_left_menu":"0","ocean_custom_header_template":"0","ocean_custom_logo":0,"ocean_custom_retina_logo":0,"ocean_custom_logo_max_width":0,"ocean_custom_logo_tablet_max_width":0,"ocean_custom_logo_mobile_max_width":0,"ocean_custom_logo_max_height":0,"ocean_custom_logo_tablet_max_height":0,"ocean_custom_logo_mobile_max_height":0,"ocean_header_custom_menu":"0","ocean_menu_typo_font_family":"0","ocean_menu_typo_font_subset":"","ocean_menu_typo_font_size":0,"ocean_menu_typo_font_size_tablet":0,"ocean_menu_typo_font_size_mobile":0,"ocean_menu_typo_font_size_unit":"px","ocean_menu_typo_font_weight":"","ocean_menu_typo_font_weight_tablet":"","ocean_menu_typo_font_weight_mobile":"","ocean_menu_typo_transform":"","ocean_menu_typo_transform_tablet":"","ocean_menu_typo_transform_mobile":"","ocean_menu_typo_line_height":0,"ocean_menu_typo_line_height_tablet":0,"ocean_menu_typo_line_height_mobile":0,"ocean_menu_typo_line_height_unit":"","ocean_menu_typo_spacing":0,"ocean_menu_typo_spacing_tablet":0,"ocean_menu_typo_spacing_mobile":0,"ocean_menu_typo_spacing_unit":"","ocean_menu_link_color":"","ocean_menu_link_color_hover":"","ocean_menu_link_color_active":"","ocean_menu_link_background":"","ocean_menu_link_hover_background":"","ocean_menu_link_active_background":"","ocean_menu_social_links_bg":"","ocean_menu_social_hover_links_bg":"","ocean_menu_social_links_color":"","ocean_menu_social_hover_links_color":"","ocean_disable_title":"default","ocean_disable_heading":"default","ocean_post_title":"","ocean_post_subheading":"","ocean_post_title_style":"","ocean_post_title_background_color":"","ocean_post_title_background":0,"ocean_post_title_bg_image_position":"","ocean_post_title_bg_image_attachment":"","ocean_post_title_bg_image_repeat":"","ocean_post_title_bg_image_size":"","ocean_post_title_height":0,"ocean_post_title_bg_overlay":0.5,"ocean_post_title_bg_overlay_color":"","ocean_disable_breadcrumbs":"default","ocean_breadcrumbs_color":"","ocean_breadcrumbs_separator_color":"","ocean_breadcrumbs_links_color":"","ocean_breadcrumbs_links_hover_color":"","ocean_display_footer_widgets":"default","ocean_display_footer_bottom":"default","ocean_custom_footer_template":"0","ocean_post_oembed":"","ocean_post_self_hosted_media":"","ocean_post_video_embed":"","ocean_link_format":"","ocean_link_format_target":"self","ocean_quote_format":"","ocean_quote_format_link":"post","ocean_gallery_link_images":"on","ocean_gallery_id":[],"footnotes":""},"categories":[77],"tags":[92,95,91],"class_list":["post-3279","post","type-post","status-publish","format-standard","has-post-thumbnail","hentry","category-democracia-e-direitos","tag-desigualdade-de-genero","tag-movimentos-sociais","tag-saude","entry","has-media"],"_links":{"self":[{"href":"https:\/\/observatoriodesigualdades.fjp.mg.gov.br\/index.php?rest_route=\/wp\/v2\/posts\/3279","targetHints":{"allow":["GET"]}}],"collection":[{"href":"https:\/\/observatoriodesigualdades.fjp.mg.gov.br\/index.php?rest_route=\/wp\/v2\/posts"}],"about":[{"href":"https:\/\/observatoriodesigualdades.fjp.mg.gov.br\/index.php?rest_route=\/wp\/v2\/types\/post"}],"author":[{"embeddable":true,"href":"https:\/\/observatoriodesigualdades.fjp.mg.gov.br\/index.php?rest_route=\/wp\/v2\/users\/2"}],"replies":[{"embeddable":true,"href":"https:\/\/observatoriodesigualdades.fjp.mg.gov.br\/index.php?rest_route=%2Fwp%2Fv2%2Fcomments&post=3279"}],"version-history":[{"count":7,"href":"https:\/\/observatoriodesigualdades.fjp.mg.gov.br\/index.php?rest_route=\/wp\/v2\/posts\/3279\/revisions"}],"predecessor-version":[{"id":3789,"href":"https:\/\/observatoriodesigualdades.fjp.mg.gov.br\/index.php?rest_route=\/wp\/v2\/posts\/3279\/revisions\/3789"}],"wp:featuredmedia":[{"embeddable":true,"href":"https:\/\/observatoriodesigualdades.fjp.mg.gov.br\/index.php?rest_route=\/wp\/v2\/media\/3281"}],"wp:attachment":[{"href":"https:\/\/observatoriodesigualdades.fjp.mg.gov.br\/index.php?rest_route=%2Fwp%2Fv2%2Fmedia&parent=3279"}],"wp:term":[{"taxonomy":"category","embeddable":true,"href":"https:\/\/observatoriodesigualdades.fjp.mg.gov.br\/index.php?rest_route=%2Fwp%2Fv2%2Fcategories&post=3279"},{"taxonomy":"post_tag","embeddable":true,"href":"https:\/\/observatoriodesigualdades.fjp.mg.gov.br\/index.php?rest_route=%2Fwp%2Fv2%2Ftags&post=3279"}],"curies":[{"name":"wp","href":"https:\/\/api.w.org\/{rel}","templated":true}]}}