{"id":3361,"date":"2023-11-18T00:58:23","date_gmt":"2023-11-18T00:58:23","guid":{"rendered":"https:\/\/observatoriodesigualdades.fjp.mg.gov.br\/?p=3361"},"modified":"2024-05-30T22:27:10","modified_gmt":"2024-05-30T22:27:10","slug":"dia-da-consciencia-negra-483-anos-do-inicio-da-diaspora-africana-no-brasil-e-sua-relevancia-na-construcao-do-pais","status":"publish","type":"post","link":"https:\/\/observatoriodesigualdades.fjp.mg.gov.br\/?p=3361","title":{"rendered":"Dia da Consci\u00eancia Negra: 483 anos do in\u00edcio da Di\u00e1spora Africana no Brasil e sua relev\u00e2ncia na Constru\u00e7\u00e3o do pa\u00eds"},"content":{"rendered":"\t\t<div data-elementor-type=\"wp-post\" data-elementor-id=\"3361\" class=\"elementor elementor-3361\">\n\t\t\t\t\t\t<section class=\"elementor-section elementor-top-section elementor-element elementor-element-2e46c19 elementor-section-boxed elementor-section-height-default elementor-section-height-default\" data-id=\"2e46c19\" data-element_type=\"section\" data-e-type=\"section\">\n\t\t\t\t\t\t<div class=\"elementor-container elementor-column-gap-default\">\n\t\t\t\t\t<div class=\"elementor-column elementor-col-100 elementor-top-column elementor-element elementor-element-5e1f2b0\" data-id=\"5e1f2b0\" data-element_type=\"column\" data-e-type=\"column\">\n\t\t\t<div class=\"elementor-widget-wrap elementor-element-populated\">\n\t\t\t\t\t\t<div class=\"elementor-element elementor-element-433b804 elementor-widget__width-initial elementor-widget elementor-widget-text-editor\" data-id=\"433b804\" data-element_type=\"widget\" data-e-type=\"widget\" data-widget_type=\"text-editor.default\">\n\t\t\t\t<div class=\"elementor-widget-container\">\n\t\t\t\t\t\t\t\t\t<p>No dia 20 de novembro \u00e9 celebrado o dia da consci\u00eancia negra, nesse sentido, exploramos um pouco da constru\u00e7\u00e3o da identidade cultural brasileira, fortemente constitu\u00edda de origens afrodescendentes. Apesar da vis\u00e3o marginalizada que a popula\u00e7\u00e3o negra teve no Brasil no decorrer de praticamente toda a hist\u00f3ria do pa\u00eds, a influ\u00eancia direta de culturas afrodescendentes na constru\u00e7\u00e3o de uma identidade nacional \u00e9 incontest\u00e1vel e deve ser exaltada.<\/p><p>Em 1551 se iniciava, em territ\u00f3rio brasileiro, um dos processos mais nefastos de toda a hist\u00f3ria da humanidade: o tr\u00e1fico de pessoas africanas que viriam a ser escravizadas pela coroa portuguesa em sua col\u00f4nia no Brasil. No total, cerca de 4 milh\u00f5es de pessoas foram sequestradas de suas terras natais e for\u00e7adas a trabalhar em territ\u00f3rio brasileiro por um per\u00edodo de 350 anos, tendo o fim do trabalho for\u00e7ado sido decretado somente em 1888, com a implementa\u00e7\u00e3o da Lei \u00c1urea. Entretanto, o preconceito racial permaneceu enraizado em nossa sociedade at\u00e9 o presente, mesmo que em um dimensionamento menor que no final do s\u00e9culo XIX e in\u00edcio do s\u00e9culo XX.<\/p><p style=\"text-align: center;\">Gr\u00e1fico 01: Entrada de Africanos no Brasil<\/p><div><img fetchpriority=\"high\" decoding=\"async\" class=\"size-full wp-image-3362 aligncenter\" src=\"https:\/\/observatoriodesigualdades.fjp.mg.gov.br\/wp-content\/uploads\/2023\/11\/imagem-post.png\" alt=\"\" width=\"512\" height=\"207\" srcset=\"https:\/\/observatoriodesigualdades.fjp.mg.gov.br\/wp-content\/uploads\/2023\/11\/imagem-post.png 512w, https:\/\/observatoriodesigualdades.fjp.mg.gov.br\/wp-content\/uploads\/2023\/11\/imagem-post-300x121.png 300w\" sizes=\"(max-width: 512px) 100vw, 512px\" \/>\u00a0<\/div><div style=\"text-align: center;\">\u00a0 Fonte: Luis Felipe Alencastro, O Trato dos Viventes &#8211; Forma\u00e7\u00e3o do Brasil no Atl\u00e2ntico Sul, Cia. das Letras, 200, p\u00e1g. 69<\/div><div>\u00a0<\/div><div>Apesar dessa vis\u00e3o marginalizada que a popula\u00e7\u00e3o negra teve e tem no Brasil no decorrer de praticamente toda a hist\u00f3ria do pa\u00eds, a influ\u00eancia direta de culturas afrodescendentes na constru\u00e7\u00e3o da identidade nacional \u00e9 incontest\u00e1vel e deve ser exaltada. Diversos s\u00edmbolos de \u201cbrasilidade\u201d tem origem africana, marcando nosso cotidiano com sua presen\u00e7a na cultura, l\u00edngua, m\u00fasica, culin\u00e1ria, religi\u00e3o e al\u00e9m. Por\u00e9m, todas essas contribui\u00e7\u00f5es no princ\u00edpio eram tidas como inferiores e eram marginalizadas. Em sua m\u00fasica \u201c<i>Bluesman\u201d<\/i>, o rapper Baco Exu do <em>Blues<\/em> diz \u201cTudo que quando era preto, era do dem\u00f4nio, E depois virou branco e foi aceito, Eu vou chamar de <em>Blues<\/em>\u201d. Assim sendo, \u00e9 poss\u00edvel afirmar que samba, capoeira, fub\u00e1, cacha\u00e7a, ax\u00e9, candombl\u00e9, pamonha, acaraj\u00e9, umbanda, rap s\u00e3o<i> blues<\/i>.\u00a0<\/div><div>\u00a0<\/div><div>A partir desse pressuposto, a populariza\u00e7\u00e3o do samba se enquadra perfeitamente na ideia de <i>blues<\/i>. At\u00e9 meados dos anos 20, o samba de roda tinha rela\u00e7\u00e3o com as pr\u00e1ticas dos rituais de culto aos orix\u00e1s, e junto dos outros movimentos de express\u00e3o da cultura afro-brasileira, era discriminado pela elite da sociedade. Somente com a cria\u00e7\u00e3o das escolas de samba, a explos\u00e3o do r\u00e1dio no final desta mesma d\u00e9cada e a populariza\u00e7\u00e3o do samba por todas as camadas da sociedade, que o movimento foi aceito e internalizado como patrim\u00f4nio cultural brasileiro. N\u00e3o obstante, diversas escolas de samba fazem quest\u00e3o de enaltecer suas origens e sua cultura m\u00e3e em seus enredos, como a Acad\u00eamicos do Salgueiro, no Rio de Janeiro, por exemplo.<\/div><div>\u00a0<\/div><div><p>Em ritmo de conclus\u00e3o, \u00e9 importante destacar que express\u00f5es di\u00e1rias como dengo, moleque, cafun\u00e9, comidas t\u00edpicas como acaraj\u00e9, cuscuz, broa de fub\u00e1 e esportes como a capoeira, entre outras caracter\u00edsticas da vida di\u00e1ria brasileira tem\u00a0 fortes, profundas, marcadas e sofridas ra\u00edzes nas culturas e tradi\u00e7\u00f5es trazidas do continente africano. No dia 20 de novembro \u00e9 comemorado o a da Consci\u00eancia Negra, mas, al\u00e9m de relembrar o triste passado do Brasil com a escravatura, deve-se tamb\u00e9m enaltecer a beleza e import\u00e2ncia da cultura dos povos trazidos pela di\u00e1spora ao territ\u00f3rio nacional, n\u00e3o somente nesta data mas tamb\u00e9m diariamente. \u00c9 importante, tamb\u00e9m, se relembrar que as pessoas traficadas para o territ\u00f3rio nacional n\u00e3o eram somente \u201cescravos\u201d, mas indiv\u00edduos com hist\u00f3rias que trouxeram essas hist\u00f3rias para o Brasil e tamb\u00e9m constru\u00edram novas hist\u00f3rias no Brasil com as novas culturas que aqui surgiram. N\u00e3o foram passivos no processo de forma\u00e7\u00e3o do Brasil, mas ativos. Tamb\u00e9m n\u00e3o eram sofredores d\u00f3ceis e passivos, mas pessoas que resistiram bravamente e, diversas vezes, venceram, apesar do enorme custo humano de tal processo. As resist\u00eancias e seus desdobramentos tamb\u00e9m s\u00e3o fulcrais constituintes da cultura nacional.\u00a0<\/p><p>Autor: Estev\u00e3o Matuck, sob a orienta\u00e7\u00e3o de Bruno Lazzarotti<\/p><p>*O Observat\u00f3rio das Desigualdades \u00e9 um projeto de extens\u00e3o. O conte\u00fado e as opini\u00f5es expressas n\u00e3o refletem necessariamente o posicionamento da Funda\u00e7\u00e3o Jo\u00e3o Pinheiro ou do CORECON \u2013 MG.<\/p><p><b>Refer\u00eancias:<\/b><\/p><p>Hist\u00f3ria Do Mundo. <b>Hist\u00f3ria do samba. <\/b>Dispon\u00edvel em &lt;<a href=\"https:\/\/www.historiadomundo.com.br\/curiosidades\/origem-samba.htm\">https:\/\/www.historiadomundo.com.br\/curiosidades\/origem-samba.htm<\/a>&gt;. Acesso em 12 de nov. de 2023<\/p><p>Fahs, Ana C. Salvatti. <b>Movimento negro: hist\u00f3ria, conquistas e pol\u00eamicas!. <\/b>Dispon\u00edvel em &lt;<a href=\"https:\/\/www.politize.com.br\/movimento-negro\/#:~:text=Hist%C3%B3ria%20do%20movimento%20negro,l%C3%ADder%20do%20Quilombo%20dos%20Palmares\">https:\/\/www.politize.com.br\/movimento-negro\/#:~:text=Hist\u00f3ria%20do%20movimento%20negro,l\u00edder%20do%20Quilombo%20dos%20Palmares<\/a>&gt;. Acesso em 12 de nov. de 2023.<\/p><p>Guia do Estudante. <b>Brasil col\u00f4nia: Escravid\u00e3o.<\/b> Dispon\u00edvel em &lt;<a href=\"https:\/\/guiadoestudante.abril.com.br\/curso-enem\/escravidao-no-brasil-crueldade-historica\/\">https:\/\/guiadoestudante.abril.com.br\/curso-enem\/escravidao-no-brasil-crueldade-historica\/<\/a>&gt;. Acesso em 13 de nov. de 2023<\/p><\/div><div style=\"text-align: center;\">\u00a0<\/div><div style=\"text-align: center;\">\u00a0<\/div>\t\t\t\t\t\t\t\t<\/div>\n\t\t\t\t<\/div>\n\t\t\t\t\t<\/div>\n\t\t<\/div>\n\t\t\t\t\t<\/div>\n\t\t<\/section>\n\t\t\t\t<section class=\"elementor-section elementor-top-section elementor-element elementor-element-45b15fb elementor-section-boxed elementor-section-height-default elementor-section-height-default\" data-id=\"45b15fb\" data-element_type=\"section\" data-e-type=\"section\">\n\t\t\t\t\t\t<div class=\"elementor-container elementor-column-gap-default\">\n\t\t\t\t\t<div class=\"elementor-column elementor-col-100 elementor-top-column elementor-element elementor-element-e8f5173\" data-id=\"e8f5173\" data-element_type=\"column\" data-e-type=\"column\">\n\t\t\t<div class=\"elementor-widget-wrap\">\n\t\t\t\t\t\t\t<\/div>\n\t\t<\/div>\n\t\t\t\t\t<\/div>\n\t\t<\/section>\n\t\t\t\t<\/div>\n\t\t","protected":false},"excerpt":{"rendered":"<p>No dia 20 de novembro \u00e9 celebrado o dia da consci\u00eancia negra, nesse sentido, exploramos um pouco da constru\u00e7\u00e3o da identidade cultural brasileira, fortemente constitu\u00edda de origens afrodescendentes. Apesar da vis\u00e3o marginalizada que a popula\u00e7\u00e3o negra teve no Brasil no decorrer de praticamente toda a hist\u00f3ria do pa\u00eds, a influ\u00eancia direta de culturas afrodescendentes na [&hellip;]<\/p>\n","protected":false},"author":2,"featured_media":3362,"comment_status":"open","ping_status":"open","sticky":false,"template":"","format":"standard","meta":{"ocean_post_layout":"","ocean_both_sidebars_style":"","ocean_both_sidebars_content_width":0,"ocean_both_sidebars_sidebars_width":0,"ocean_sidebar":"0","ocean_second_sidebar":"0","ocean_disable_margins":"enable","ocean_add_body_class":"","ocean_shortcode_before_top_bar":"","ocean_shortcode_after_top_bar":"","ocean_shortcode_before_header":"","ocean_shortcode_after_header":"","ocean_has_shortcode":"","ocean_shortcode_after_title":"","ocean_shortcode_before_footer_widgets":"","ocean_shortcode_after_footer_widgets":"","ocean_shortcode_before_footer_bottom":"","ocean_shortcode_after_footer_bottom":"","ocean_display_top_bar":"default","ocean_display_header":"default","ocean_header_style":"","ocean_center_header_left_menu":"0","ocean_custom_header_template":"0","ocean_custom_logo":0,"ocean_custom_retina_logo":0,"ocean_custom_logo_max_width":0,"ocean_custom_logo_tablet_max_width":0,"ocean_custom_logo_mobile_max_width":0,"ocean_custom_logo_max_height":0,"ocean_custom_logo_tablet_max_height":0,"ocean_custom_logo_mobile_max_height":0,"ocean_header_custom_menu":"0","ocean_menu_typo_font_family":"0","ocean_menu_typo_font_subset":"","ocean_menu_typo_font_size":0,"ocean_menu_typo_font_size_tablet":0,"ocean_menu_typo_font_size_mobile":0,"ocean_menu_typo_font_size_unit":"px","ocean_menu_typo_font_weight":"","ocean_menu_typo_font_weight_tablet":"","ocean_menu_typo_font_weight_mobile":"","ocean_menu_typo_transform":"","ocean_menu_typo_transform_tablet":"","ocean_menu_typo_transform_mobile":"","ocean_menu_typo_line_height":0,"ocean_menu_typo_line_height_tablet":0,"ocean_menu_typo_line_height_mobile":0,"ocean_menu_typo_line_height_unit":"","ocean_menu_typo_spacing":0,"ocean_menu_typo_spacing_tablet":0,"ocean_menu_typo_spacing_mobile":0,"ocean_menu_typo_spacing_unit":"","ocean_menu_link_color":"","ocean_menu_link_color_hover":"","ocean_menu_link_color_active":"","ocean_menu_link_background":"","ocean_menu_link_hover_background":"","ocean_menu_link_active_background":"","ocean_menu_social_links_bg":"","ocean_menu_social_hover_links_bg":"","ocean_menu_social_links_color":"","ocean_menu_social_hover_links_color":"","ocean_disable_title":"default","ocean_disable_heading":"default","ocean_post_title":"","ocean_post_subheading":"","ocean_post_title_style":"","ocean_post_title_background_color":"","ocean_post_title_background":0,"ocean_post_title_bg_image_position":"","ocean_post_title_bg_image_attachment":"","ocean_post_title_bg_image_repeat":"","ocean_post_title_bg_image_size":"","ocean_post_title_height":0,"ocean_post_title_bg_overlay":0.5,"ocean_post_title_bg_overlay_color":"","ocean_disable_breadcrumbs":"default","ocean_breadcrumbs_color":"","ocean_breadcrumbs_separator_color":"","ocean_breadcrumbs_links_color":"","ocean_breadcrumbs_links_hover_color":"","ocean_display_footer_widgets":"default","ocean_display_footer_bottom":"default","ocean_custom_footer_template":"0","ocean_post_oembed":"","ocean_post_self_hosted_media":"","ocean_post_video_embed":"","ocean_link_format":"","ocean_link_format_target":"self","ocean_quote_format":"","ocean_quote_format_link":"post","ocean_gallery_link_images":"on","ocean_gallery_id":[],"footnotes":""},"categories":[57],"tags":[84],"class_list":["post-3361","post","type-post","status-publish","format-standard","has-post-thumbnail","hentry","category-desigualdade-racial","tag-cultura","entry","has-media"],"_links":{"self":[{"href":"https:\/\/observatoriodesigualdades.fjp.mg.gov.br\/index.php?rest_route=\/wp\/v2\/posts\/3361","targetHints":{"allow":["GET"]}}],"collection":[{"href":"https:\/\/observatoriodesigualdades.fjp.mg.gov.br\/index.php?rest_route=\/wp\/v2\/posts"}],"about":[{"href":"https:\/\/observatoriodesigualdades.fjp.mg.gov.br\/index.php?rest_route=\/wp\/v2\/types\/post"}],"author":[{"embeddable":true,"href":"https:\/\/observatoriodesigualdades.fjp.mg.gov.br\/index.php?rest_route=\/wp\/v2\/users\/2"}],"replies":[{"embeddable":true,"href":"https:\/\/observatoriodesigualdades.fjp.mg.gov.br\/index.php?rest_route=%2Fwp%2Fv2%2Fcomments&post=3361"}],"version-history":[{"count":14,"href":"https:\/\/observatoriodesigualdades.fjp.mg.gov.br\/index.php?rest_route=\/wp\/v2\/posts\/3361\/revisions"}],"predecessor-version":[{"id":3791,"href":"https:\/\/observatoriodesigualdades.fjp.mg.gov.br\/index.php?rest_route=\/wp\/v2\/posts\/3361\/revisions\/3791"}],"wp:featuredmedia":[{"embeddable":true,"href":"https:\/\/observatoriodesigualdades.fjp.mg.gov.br\/index.php?rest_route=\/wp\/v2\/media\/3362"}],"wp:attachment":[{"href":"https:\/\/observatoriodesigualdades.fjp.mg.gov.br\/index.php?rest_route=%2Fwp%2Fv2%2Fmedia&parent=3361"}],"wp:term":[{"taxonomy":"category","embeddable":true,"href":"https:\/\/observatoriodesigualdades.fjp.mg.gov.br\/index.php?rest_route=%2Fwp%2Fv2%2Fcategories&post=3361"},{"taxonomy":"post_tag","embeddable":true,"href":"https:\/\/observatoriodesigualdades.fjp.mg.gov.br\/index.php?rest_route=%2Fwp%2Fv2%2Ftags&post=3361"}],"curies":[{"name":"wp","href":"https:\/\/api.w.org\/{rel}","templated":true}]}}