{"id":3401,"date":"2023-11-23T23:24:41","date_gmt":"2023-11-23T23:24:41","guid":{"rendered":"https:\/\/observatoriodesigualdades.fjp.mg.gov.br\/?p=3401"},"modified":"2024-05-30T23:42:28","modified_gmt":"2024-05-30T23:42:28","slug":"consciencia-negra-obras-para-refletir-sobre-o-racismo","status":"publish","type":"post","link":"https:\/\/observatoriodesigualdades.fjp.mg.gov.br\/?p=3401","title":{"rendered":"Consci\u00eancia Negra: Obras para Refletir sobre o Racismo"},"content":{"rendered":"\t\t<div data-elementor-type=\"wp-post\" data-elementor-id=\"3401\" class=\"elementor elementor-3401\">\n\t\t\t\t\t\t<section class=\"elementor-section elementor-top-section elementor-element elementor-element-acc5ff3 elementor-section-boxed elementor-section-height-default elementor-section-height-default\" data-id=\"acc5ff3\" data-element_type=\"section\" data-e-type=\"section\">\n\t\t\t\t\t\t<div class=\"elementor-container elementor-column-gap-default\">\n\t\t\t\t\t<div class=\"elementor-column elementor-col-100 elementor-top-column elementor-element elementor-element-027d936\" data-id=\"027d936\" data-element_type=\"column\" data-e-type=\"column\">\n\t\t\t<div class=\"elementor-widget-wrap elementor-element-populated\">\n\t\t\t\t\t\t<div class=\"elementor-element elementor-element-346dbcf elementor-widget elementor-widget-text-editor\" data-id=\"346dbcf\" data-element_type=\"widget\" data-e-type=\"widget\" data-widget_type=\"text-editor.default\">\n\t\t\t\t<div class=\"elementor-widget-container\">\n\t\t\t\t\t\t\t\t\t<p>Ao longo desta semana, publicamos uma s\u00e9rie de materiais relacionados \u00e0 desigualdade racial, denunciando diferentes dimens\u00f5es do racismo no Brasil, que reflete um passado perverso de explora\u00e7\u00e3o, desumaniza\u00e7\u00e3o e marginaliza\u00e7\u00e3o, ainda enraizado nas institui\u00e7\u00f5es p\u00fablicas. Mais que um encerramento das produ\u00e7\u00f5es do Observat\u00f3rio das Desigualdades sobre o Dia da Consci\u00eancia Negra, este post prop\u00f5e uma continuidade das reflex\u00f5es apresentadas, a partir de produ\u00e7\u00f5es que discutem o racismo e suas consequ\u00eancias em nossa sociedade. Para isso, convidamos pesquisadoras e pesquisadores da Funda\u00e7\u00e3o Jo\u00e3o Pinheiro a compartilharem obras que abordam a quest\u00e3o racial, indicando a relev\u00e2ncia do trabalho para a tem\u00e1tica em destaque.\u00a0<\/p><p>A professora e pesquisadora Ros\u00e2nia de Sousa indica dois livros que discutem desigualdade racial e identidade.\u00a0<\/p><p><b>Cida Bento. O Pacto da Branquitude. S\u00e3o Paulo: Companhia das Letras, 2022. 1\u00aa edi\u00e7\u00e3o.\u00a0<\/b><\/p><p>\u201cNeste livro, a autora explica o que \u00e9 o pacto, pacto este n\u00e3o verbalizado, mas que mant\u00e9m e fortalece homens brancos em lugares de poder, no pa\u00eds, em todas as institui\u00e7\u00f5es, sejam elas p\u00fablicas ou privadas. O pacto fortalece o grupo de iguais e exclui os demais, os diferentes, levando \u00e0 perpetua\u00e7\u00e3o das desigualdades. O livro nos faz refletir sobre as rela\u00e7\u00f5es entre brancos e negros no Brasil e as marcas da\u00ed geradas. Nos aponta tamb\u00e9m para a necessidade de uma repactua\u00e7\u00e3o dessas rela\u00e7\u00f5es em bases de maior justi\u00e7a e equidade racial.\u201d<\/p>\t\t\t\t\t\t\t\t<\/div>\n\t\t\t\t<\/div>\n\t\t\t\t<div class=\"elementor-element elementor-element-d4c7a20 elementor-widget elementor-widget-image\" data-id=\"d4c7a20\" data-element_type=\"widget\" data-e-type=\"widget\" data-widget_type=\"image.default\">\n\t\t\t\t<div class=\"elementor-widget-container\">\n\t\t\t\t\t\t\t\t\t\t\t\t\t\t\t<img fetchpriority=\"high\" decoding=\"async\" width=\"300\" height=\"200\" src=\"https:\/\/observatoriodesigualdades.fjp.mg.gov.br\/wp-content\/uploads\/2023\/11\/Imagem-1-300x200.jpg\" class=\"attachment-medium size-medium wp-image-3383\" alt=\"\" srcset=\"https:\/\/observatoriodesigualdades.fjp.mg.gov.br\/wp-content\/uploads\/2023\/11\/Imagem-1-300x200.jpg 300w, https:\/\/observatoriodesigualdades.fjp.mg.gov.br\/wp-content\/uploads\/2023\/11\/Imagem-1-768x512.jpg 768w, https:\/\/observatoriodesigualdades.fjp.mg.gov.br\/wp-content\/uploads\/2023\/11\/Imagem-1.jpg 1000w\" sizes=\"(max-width: 300px) 100vw, 300px\" \/>\t\t\t\t\t\t\t\t\t\t\t\t\t\t\t<\/div>\n\t\t\t\t<\/div>\n\t\t\t\t<div class=\"elementor-element elementor-element-c6959b3 elementor-widget elementor-widget-text-editor\" data-id=\"c6959b3\" data-element_type=\"widget\" data-e-type=\"widget\" data-widget_type=\"text-editor.default\">\n\t\t\t\t<div class=\"elementor-widget-container\">\n\t\t\t\t\t\t\t\t\t<p><b>Neusa Santos Souza. Tornar-se Negro ou As vicissitudes da identidade do negro brasileiro em ascens\u00e3o social. Rio de Janeiro: Zahar, 2021.1\u00aa edi\u00e7\u00e3o, 6\u00aa reimpress\u00e3o.<\/b><\/p><p>\u201cNeste livro, publicado, inicialmente, em 1983 e suas reimpress\u00f5es nos mostram a\u00a0import\u00e2ncia da discuss\u00e3o sobre o racismo e seus efeitos ps\u00edquicos e o custo emocional, muito alto, em negros e negras. A autora nos apresenta a experi\u00eancia de ser negro(a) em uma sociedade branca e as dificuldades de ascens\u00e3o social da\u00ed decorrentes, uma vez que o \u00fanico caminho de mobilidade social para o negro(a) \u00e9 a introje\u00e7\u00e3o do padr\u00e3o branco. De acordo com a autora, \u00b4saber-se negra \u00e9 viver a experi\u00eancia de ter sido massacrada em sua identidade(\u2026)\u00b4.\u201d<\/p>\t\t\t\t\t\t\t\t<\/div>\n\t\t\t\t<\/div>\n\t\t\t\t<div class=\"elementor-element elementor-element-31b20ec elementor-widget elementor-widget-image\" data-id=\"31b20ec\" data-element_type=\"widget\" data-e-type=\"widget\" data-widget_type=\"image.default\">\n\t\t\t\t<div class=\"elementor-widget-container\">\n\t\t\t\t\t\t\t\t\t\t\t\t\t\t\t<img decoding=\"async\" width=\"200\" height=\"300\" src=\"https:\/\/observatoriodesigualdades.fjp.mg.gov.br\/wp-content\/uploads\/2023\/11\/Imagem-2-200x300.jpg\" class=\"attachment-medium size-medium wp-image-3384\" alt=\"\" srcset=\"https:\/\/observatoriodesigualdades.fjp.mg.gov.br\/wp-content\/uploads\/2023\/11\/Imagem-2-200x300.jpg 200w, https:\/\/observatoriodesigualdades.fjp.mg.gov.br\/wp-content\/uploads\/2023\/11\/Imagem-2.jpg 334w\" sizes=\"(max-width: 200px) 100vw, 200px\" \/>\t\t\t\t\t\t\t\t\t\t\t\t\t\t\t<\/div>\n\t\t\t\t<\/div>\n\t\t\t\t<div class=\"elementor-element elementor-element-7330f1d elementor-widget elementor-widget-text-editor\" data-id=\"7330f1d\" data-element_type=\"widget\" data-e-type=\"widget\" data-widget_type=\"text-editor.default\">\n\t\t\t\t<div class=\"elementor-widget-container\">\n\t\t\t\t\t\t\t\t\t<p>A professora e pesquisadora N\u00edcia Raies indica a obra po\u00e9tica de Miriam Alves, em um livro que inclui produ\u00e7\u00f5es de resist\u00eancia ao racismo.<\/p><p><b>Miriam Alves. Poemas Reunidos. S\u00e3o Paulo: C\u00edrculo de Poemas, 2022.<\/b><\/p><p>\u201cIndico o livro \u2018Poemas Reunidos\u2019 de Miriam Alves (Editora C\u00edrculo de poemas), que re\u00fane quatro d\u00e9cadas de sua produ\u00e7\u00e3o po\u00e9tica. O livro inclui seus poemas publicados nos Cadernos Negros, produ\u00e7\u00e3o liter\u00e1ria independente de resist\u00eancia aos obst\u00e1culos encontrados pelos autores e autoras negras no mercado editorial brasileiro, al\u00e9m de seus dois livros e poemas publicados em antologias e revistas.\u201d<\/p>\t\t\t\t\t\t\t\t<\/div>\n\t\t\t\t<\/div>\n\t\t\t\t<div class=\"elementor-element elementor-element-55698ed elementor-widget elementor-widget-image\" data-id=\"55698ed\" data-element_type=\"widget\" data-e-type=\"widget\" data-widget_type=\"image.default\">\n\t\t\t\t<div class=\"elementor-widget-container\">\n\t\t\t\t\t\t\t\t\t\t\t\t\t\t\t<img decoding=\"async\" width=\"206\" height=\"300\" src=\"https:\/\/observatoriodesigualdades.fjp.mg.gov.br\/wp-content\/uploads\/2023\/11\/Imagem-3-206x300.jpg\" class=\"attachment-medium size-medium wp-image-3385\" alt=\"\" srcset=\"https:\/\/observatoriodesigualdades.fjp.mg.gov.br\/wp-content\/uploads\/2023\/11\/Imagem-3-206x300.jpg 206w, https:\/\/observatoriodesigualdades.fjp.mg.gov.br\/wp-content\/uploads\/2023\/11\/Imagem-3.jpg 685w\" sizes=\"(max-width: 206px) 100vw, 206px\" \/>\t\t\t\t\t\t\t\t\t\t\t\t\t\t\t<\/div>\n\t\t\t\t<\/div>\n\t\t\t\t<div class=\"elementor-element elementor-element-4a77d4b elementor-widget elementor-widget-text-editor\" data-id=\"4a77d4b\" data-element_type=\"widget\" data-e-type=\"widget\" data-widget_type=\"text-editor.default\">\n\t\t\t\t<div class=\"elementor-widget-container\">\n\t\t\t\t\t\t\t\t\t<p>Kelly de Souza indica uma colet\u00e2nea de contos de Concei\u00e7\u00e3o Evaristo, que carrega a experi\u00eancia e a perspectiva de pessoas negras.\u00a0<\/p><p><b>Concei\u00e7\u00e3o Evaristo. Olhos D\u2019\u00c1gua. Rio de Janeiro: Pallas, 2014.\u00a0<\/b><\/p><p>\u201cMinha indica\u00e7\u00e3o \u00e9 o livro \u2018Olhos d\u2019\u00e1gua\u2019, de Concei\u00e7\u00e3o Evaristo. O livro de contos publicado em 2014, traz consigo todo o poder da \u2018escreviv\u00eancia\u2019 da autora. Apresentando mulheres e homens negros como protagonistas com subjetividades frente aos percal\u00e7os da vida, o livro \u00e9 indispens\u00e1vel para quem busca uma boa leitura repleta de representatividade e sensibilidade, assim como toda a obra da autora.\u201d<\/p>\t\t\t\t\t\t\t\t<\/div>\n\t\t\t\t<\/div>\n\t\t\t\t<div class=\"elementor-element elementor-element-c68d0be elementor-widget elementor-widget-image\" data-id=\"c68d0be\" data-element_type=\"widget\" data-e-type=\"widget\" data-widget_type=\"image.default\">\n\t\t\t\t<div class=\"elementor-widget-container\">\n\t\t\t\t\t\t\t\t\t\t\t\t\t\t\t<img loading=\"lazy\" decoding=\"async\" width=\"200\" height=\"300\" src=\"https:\/\/observatoriodesigualdades.fjp.mg.gov.br\/wp-content\/uploads\/2023\/11\/imagem-4-200x300.jpg\" class=\"attachment-medium size-medium wp-image-3386\" alt=\"\" srcset=\"https:\/\/observatoriodesigualdades.fjp.mg.gov.br\/wp-content\/uploads\/2023\/11\/imagem-4-200x300.jpg 200w, https:\/\/observatoriodesigualdades.fjp.mg.gov.br\/wp-content\/uploads\/2023\/11\/imagem-4.jpg 333w\" sizes=\"(max-width: 200px) 100vw, 200px\" \/>\t\t\t\t\t\t\t\t\t\t\t\t\t\t\t<\/div>\n\t\t\t\t<\/div>\n\t\t\t\t<div class=\"elementor-element elementor-element-3e487c0 elementor-widget elementor-widget-text-editor\" data-id=\"3e487c0\" data-element_type=\"widget\" data-e-type=\"widget\" data-widget_type=\"text-editor.default\">\n\t\t\t\t<div class=\"elementor-widget-container\">\n\t\t\t\t\t\t\t\t\t<p>Ot\u00e1vio Balbino, estudante de Administra\u00e7\u00e3o P\u00fablica, sugere a leitura da antologia \u201cPra quem j\u00e1 mordeu um cachorro por comida, at\u00e9 que eu cheguei longe\u201d, inspirada na primeira mixtape do Emicida, em que o artista passa por temas como o racismo e a viol\u00eancia.\u00a0<\/p><p><b>Emicida. Pra quem j\u00e1 mordeu um cachorro por comida, at\u00e9 que eu cheguei longe\u2026: Antalogia inspirada no universo da mixtape. LiteraRUA, 2019.\u00a0<\/b><\/p><p style=\"text-align: center;\">\u201cPenso, talvez citar n\u00e3o seja necess\u00e1rio<\/p><p style=\"text-align: center;\">O fato de que j\u00e1 fui a mais vel\u00f3rios que anivers\u00e1rios<\/p><p style=\"text-align: center;\">De que os melhores realmente v\u00e3o<\/p><p style=\"text-align: center;\">De que a Terra n\u00e3o \u00e9 lugar pra quem tem bondade no cora\u00e7\u00e3o<\/p><p style=\"text-align: center;\">\u00c0s vezes \u00e9 dif\u00edcil acreditar<\/p><p style=\"text-align: center;\">N\u00e3o tem palavra que possa confortar<\/p><p style=\"text-align: center;\">N\u00e3o tem peito que possa comportar<\/p><p style=\"text-align: center;\">Vejo como se fosse um rol\u00ea e do nada \u2018c\u00ea fosse voltar<\/p><p style=\"text-align: center;\">Fico feliz, tio, de lembrar que n\u00f3is sorriu da \u00faltima vez<\/p><p style=\"text-align: center;\">Porra, hoje faz mais de um m\u00eas<\/p><p style=\"text-align: center;\">\u00c9 complicado e em cada vez que eu me lembro<\/p><p style=\"text-align: center;\">Minhas manh\u00e3s se tornam s\u00f3s num novo 11 de setembro<\/p><p style=\"text-align: center;\">Menino bom, sonhador, dedicado, de valor<\/p><p style=\"text-align: center;\">Inspira\u00e7\u00e3o pros que t\u00e3o na de riscar, de compor<\/p><p style=\"text-align: center;\">De dan\u00e7ar, de expor, se entregar pro que for<\/p><p style=\"text-align: center;\">Pra lutar sem temor, sem lucrar, por amor\u201d<\/p><p style=\"text-align: center;\">(Essa \u00e9 pra voc\u00ea primo \u2013 Emicida)<\/p><p>\u00a0<\/p><p>Por fim, deixamos nosso convite para conhecer as obras indicadas, estendendo a reflex\u00e3o do Dia da Consci\u00eancia Negra para al\u00e9m desta data, como parte de um esfor\u00e7o necess\u00e1rio para o combate ao racismo. Al\u00e9m disso, est\u00e3o listados abaixo materiais sugeridos para conhecer as tem\u00e1ticas trabalhadas pelo Observat\u00f3rio ao longo desta semana:<\/p><ul><li aria-level=\"1\">Post &#8211; Dia da Consci\u00eancia Negra: 483 anos do in\u00edcio da Di\u00e1spora Africana no Brasil e sua relev\u00e2ncia na constru\u00e7\u00e3o do pa\u00eds\u00a0<\/li><li aria-level=\"1\">Desassossego \u2013 Epis\u00f3dio 12: M\u00eas da Consci\u00eancia Negra: representatividade no servi\u00e7o p\u00fablico brasileiro e o efeito das pol\u00edticas afirmativas<\/li><li aria-level=\"1\">Infogr\u00e1fico: Consci\u00eancia Negra: Desigualdade Racial no Servi\u00e7o P\u00fablico<\/li><li aria-level=\"1\">Post &#8211; Contra o pacto da branquitude: Minas Gerais precisa enfrentar o racismo e o legado da escravid\u00e3o<\/li><\/ul><p>\u00a0<\/p><p>*O Observat\u00f3rio das Desigualdades \u00e9 um projeto de extens\u00e3o. O conte\u00fado e as opini\u00f5es expressas n\u00e3o refletem necessariamente o posicionamento da Funda\u00e7\u00e3o Jo\u00e3o Pinheiro ou do CORECON \u2013 MG<\/p>\t\t\t\t\t\t\t\t<\/div>\n\t\t\t\t<\/div>\n\t\t\t\t\t<\/div>\n\t\t<\/div>\n\t\t\t\t\t<\/div>\n\t\t<\/section>\n\t\t\t\t<\/div>\n\t\t","protected":false},"excerpt":{"rendered":"<p>Ao longo desta semana, publicamos uma s\u00e9rie de materiais relacionados \u00e0 desigualdade racial, denunciando diferentes dimens\u00f5es do racismo no Brasil, que reflete um passado perverso de explora\u00e7\u00e3o, desumaniza\u00e7\u00e3o e marginaliza\u00e7\u00e3o, ainda enraizado nas institui\u00e7\u00f5es p\u00fablicas. Mais que um encerramento das produ\u00e7\u00f5es do Observat\u00f3rio das Desigualdades sobre o Dia da Consci\u00eancia Negra, este post prop\u00f5e uma [&hellip;]<\/p>\n","protected":false},"author":2,"featured_media":3386,"comment_status":"open","ping_status":"open","sticky":false,"template":"","format":"standard","meta":{"ocean_post_layout":"","ocean_both_sidebars_style":"","ocean_both_sidebars_content_width":0,"ocean_both_sidebars_sidebars_width":0,"ocean_sidebar":"0","ocean_second_sidebar":"0","ocean_disable_margins":"enable","ocean_add_body_class":"","ocean_shortcode_before_top_bar":"","ocean_shortcode_after_top_bar":"","ocean_shortcode_before_header":"","ocean_shortcode_after_header":"","ocean_has_shortcode":"","ocean_shortcode_after_title":"","ocean_shortcode_before_footer_widgets":"","ocean_shortcode_after_footer_widgets":"","ocean_shortcode_before_footer_bottom":"","ocean_shortcode_after_footer_bottom":"","ocean_display_top_bar":"default","ocean_display_header":"default","ocean_header_style":"","ocean_center_header_left_menu":"0","ocean_custom_header_template":"0","ocean_custom_logo":0,"ocean_custom_retina_logo":0,"ocean_custom_logo_max_width":0,"ocean_custom_logo_tablet_max_width":0,"ocean_custom_logo_mobile_max_width":0,"ocean_custom_logo_max_height":0,"ocean_custom_logo_tablet_max_height":0,"ocean_custom_logo_mobile_max_height":0,"ocean_header_custom_menu":"0","ocean_menu_typo_font_family":"0","ocean_menu_typo_font_subset":"","ocean_menu_typo_font_size":0,"ocean_menu_typo_font_size_tablet":0,"ocean_menu_typo_font_size_mobile":0,"ocean_menu_typo_font_size_unit":"px","ocean_menu_typo_font_weight":"","ocean_menu_typo_font_weight_tablet":"","ocean_menu_typo_font_weight_mobile":"","ocean_menu_typo_transform":"","ocean_menu_typo_transform_tablet":"","ocean_menu_typo_transform_mobile":"","ocean_menu_typo_line_height":0,"ocean_menu_typo_line_height_tablet":0,"ocean_menu_typo_line_height_mobile":0,"ocean_menu_typo_line_height_unit":"","ocean_menu_typo_spacing":0,"ocean_menu_typo_spacing_tablet":0,"ocean_menu_typo_spacing_mobile":0,"ocean_menu_typo_spacing_unit":"","ocean_menu_link_color":"","ocean_menu_link_color_hover":"","ocean_menu_link_color_active":"","ocean_menu_link_background":"","ocean_menu_link_hover_background":"","ocean_menu_link_active_background":"","ocean_menu_social_links_bg":"","ocean_menu_social_hover_links_bg":"","ocean_menu_social_links_color":"","ocean_menu_social_hover_links_color":"","ocean_disable_title":"default","ocean_disable_heading":"default","ocean_post_title":"","ocean_post_subheading":"","ocean_post_title_style":"","ocean_post_title_background_color":"","ocean_post_title_background":0,"ocean_post_title_bg_image_position":"","ocean_post_title_bg_image_attachment":"","ocean_post_title_bg_image_repeat":"","ocean_post_title_bg_image_size":"","ocean_post_title_height":0,"ocean_post_title_bg_overlay":0.5,"ocean_post_title_bg_overlay_color":"","ocean_disable_breadcrumbs":"default","ocean_breadcrumbs_color":"","ocean_breadcrumbs_separator_color":"","ocean_breadcrumbs_links_color":"","ocean_breadcrumbs_links_hover_color":"","ocean_display_footer_widgets":"default","ocean_display_footer_bottom":"default","ocean_custom_footer_template":"0","ocean_post_oembed":"","ocean_post_self_hosted_media":"","ocean_post_video_embed":"","ocean_link_format":"","ocean_link_format_target":"self","ocean_quote_format":"","ocean_quote_format_link":"post","ocean_gallery_link_images":"on","ocean_gallery_id":[],"footnotes":""},"categories":[53],"tags":[98,41],"class_list":["post-3401","post","type-post","status-publish","format-standard","has-post-thumbnail","hentry","category-cultura","tag-arte","tag-desigualdade-racial","entry","has-media"],"_links":{"self":[{"href":"https:\/\/observatoriodesigualdades.fjp.mg.gov.br\/index.php?rest_route=\/wp\/v2\/posts\/3401","targetHints":{"allow":["GET"]}}],"collection":[{"href":"https:\/\/observatoriodesigualdades.fjp.mg.gov.br\/index.php?rest_route=\/wp\/v2\/posts"}],"about":[{"href":"https:\/\/observatoriodesigualdades.fjp.mg.gov.br\/index.php?rest_route=\/wp\/v2\/types\/post"}],"author":[{"embeddable":true,"href":"https:\/\/observatoriodesigualdades.fjp.mg.gov.br\/index.php?rest_route=\/wp\/v2\/users\/2"}],"replies":[{"embeddable":true,"href":"https:\/\/observatoriodesigualdades.fjp.mg.gov.br\/index.php?rest_route=%2Fwp%2Fv2%2Fcomments&post=3401"}],"version-history":[{"count":7,"href":"https:\/\/observatoriodesigualdades.fjp.mg.gov.br\/index.php?rest_route=\/wp\/v2\/posts\/3401\/revisions"}],"predecessor-version":[{"id":3782,"href":"https:\/\/observatoriodesigualdades.fjp.mg.gov.br\/index.php?rest_route=\/wp\/v2\/posts\/3401\/revisions\/3782"}],"wp:featuredmedia":[{"embeddable":true,"href":"https:\/\/observatoriodesigualdades.fjp.mg.gov.br\/index.php?rest_route=\/wp\/v2\/media\/3386"}],"wp:attachment":[{"href":"https:\/\/observatoriodesigualdades.fjp.mg.gov.br\/index.php?rest_route=%2Fwp%2Fv2%2Fmedia&parent=3401"}],"wp:term":[{"taxonomy":"category","embeddable":true,"href":"https:\/\/observatoriodesigualdades.fjp.mg.gov.br\/index.php?rest_route=%2Fwp%2Fv2%2Fcategories&post=3401"},{"taxonomy":"post_tag","embeddable":true,"href":"https:\/\/observatoriodesigualdades.fjp.mg.gov.br\/index.php?rest_route=%2Fwp%2Fv2%2Ftags&post=3401"}],"curies":[{"name":"wp","href":"https:\/\/api.w.org\/{rel}","templated":true}]}}