{"id":3444,"date":"2024-01-08T13:23:50","date_gmt":"2024-01-08T13:23:50","guid":{"rendered":"https:\/\/observatoriodesigualdades.fjp.mg.gov.br\/?p=3444"},"modified":"2024-05-30T23:43:48","modified_gmt":"2024-05-30T23:43:48","slug":"pra-comecar-2024-o-observatorio-das-desigualdades-por-meio-da-musica","status":"publish","type":"post","link":"https:\/\/observatoriodesigualdades.fjp.mg.gov.br\/?p=3444","title":{"rendered":"Pra come\u00e7ar 2024: o Observat\u00f3rio das Desigualdades por meio da m\u00fasica"},"content":{"rendered":"\t\t<div data-elementor-type=\"wp-post\" data-elementor-id=\"3444\" class=\"elementor elementor-3444\">\n\t\t\t\t\t\t<section class=\"elementor-section elementor-top-section elementor-element elementor-element-54db8f1 elementor-section-boxed elementor-section-height-default elementor-section-height-default\" data-id=\"54db8f1\" data-element_type=\"section\" data-e-type=\"section\">\n\t\t\t\t\t\t<div class=\"elementor-container elementor-column-gap-default\">\n\t\t\t\t\t<div class=\"elementor-column elementor-col-100 elementor-top-column elementor-element elementor-element-be78882\" data-id=\"be78882\" data-element_type=\"column\" data-e-type=\"column\">\n\t\t\t<div class=\"elementor-widget-wrap elementor-element-populated\">\n\t\t\t\t\t\t<div class=\"elementor-element elementor-element-0b9badb elementor-widget elementor-widget-text-editor\" data-id=\"0b9badb\" data-element_type=\"widget\" data-e-type=\"widget\" data-widget_type=\"text-editor.default\">\n\t\t\t\t<div class=\"elementor-widget-container\">\n\t\t\t\t\t\t\t\t\t<p><span style=\"font-weight: 400;\">Mais uma vez \u00e9 hora de relembrar as produ\u00e7\u00f5es do Observat\u00f3rio das Desigualdades atrav\u00e9s de m\u00fasicas que remetem aos diversos temas trabalhados no ano que passou.<\/span><\/p><p><span style=\"font-weight: 400;\">O ano de 2023 foi marcado por diversas mudan\u00e7as. Por um lado, a volta de um governo progressista ao poder foi o marco para a retomada de diversos programas sociais que t\u00eam como objetivo o enfrentamento \u00e0s desigualdades. Por outro, como resultado das pol\u00edticas anteriormente implementadas, ainda vemos nos indicadores o acirramento de muitas desigualdades.<\/span><\/p><p><span style=\"font-weight: 400;\">Voc\u00ea pode acessar a playlist no Spotify atrav\u00e9s do link: <\/span><a href=\"https:\/\/open.spotify.com\/playlist\/1JeelcFXhKmYHyPIaXyRxU?si=YejIieNqR0Odla7J4FPsiw\"><span style=\"font-weight: 400;\">https:\/\/open.spotify.com\/playlist\/1JeelcFXhKmYHyPIaXyRxU?si=YejIieNqR0Odla7J4FPsiw<\/span><\/a><span style=\"font-weight: 400;\">. A seguir trazemos algumas m\u00fasicas da playlist e um pouco dos materiais divulgados em 2023.<\/span><\/p><p>\u00a0<\/p><p><b>Ra\u00e7a<\/b><\/p><p><span style=\"font-weight: 400;\">As desigualdades raciais foram tratadas em diversos posts ao longo do \u00faltimo ano, falando sobre o enfrentamento do racismo em todas as suas formas. A m\u00fasica \u201cMama \u00c1frica\u201d de Chico C\u00e9sar faz refer\u00eancia ao papel da mulher negra no mercado de trabalho e sobre a sua for\u00e7a, apesar de tudo.<\/span><\/p><p style=\"text-align: right;\"><span style=\"font-weight: 400;\">Mama \u00c1frica<\/span><\/p><p style=\"text-align: right;\"><span style=\"font-weight: 400;\">A minha m\u00e3e<\/span><\/p><p style=\"text-align: right;\"><span style=\"font-weight: 400;\">\u00c9 m\u00e3e solteira<\/span><\/p><p style=\"text-align: right;\"><span style=\"font-weight: 400;\">E tem que fazer mamadeira<\/span><\/p><p style=\"text-align: right;\"><span style=\"font-weight: 400;\">Todo dia<\/span><\/p><p style=\"text-align: right;\"><span style=\"font-weight: 400;\">Al\u00e9m de trabalhar<\/span><\/p><p style=\"text-align: right;\"><span style=\"font-weight: 400;\">Como empacotadeira<\/span><\/p><p style=\"text-align: right;\"><span style=\"font-weight: 400;\">Nas Casas Bahia<\/span><\/p><p style=\"text-align: right;\"><span style=\"font-weight: 400;\">Mama \u00c1frica tem<\/span><\/p><p style=\"text-align: right;\"><span style=\"font-weight: 400;\">Tanto o que fazer<\/span><\/p><p style=\"text-align: right;\"><span style=\"font-weight: 400;\">Al\u00e9m de cuidar nen\u00e9m<\/span><\/p><p style=\"text-align: right;\"><span style=\"font-weight: 400;\">Al\u00e9m de fazer denguin&#8217;<\/span><\/p><p style=\"text-align: right;\"><span style=\"font-weight: 400;\">Filhinho tem que entender<\/span><\/p><p style=\"text-align: right;\"><span style=\"font-weight: 400;\">Mama \u00c1frica vai e vem<\/span><\/p><p style=\"text-align: right;\"><span style=\"font-weight: 400;\">Mas n\u00e3o se afasta de voc\u00ea<\/span><\/p><p style=\"text-align: right;\"><span style=\"font-weight: 400;\">(Mama \u00c1frica &#8211; Chico C\u00e9sar)<\/span><\/p><p><span style=\"font-weight: 400;\">Veja as produ\u00e7\u00f5es sobre o tema no link abaixo:<\/span><\/p><ul><li style=\"font-weight: 400;\" aria-level=\"1\"><span style=\"font-weight: 400;\">Consci\u00eancia Negra: Obras para Refletir sobre o Racismo: <\/span><a href=\"https:\/\/observatoriodesigualdades.fjp.mg.gov.br\/?p=3401\"><span style=\"font-weight: 400;\">https:\/\/observatoriodesigualdades.fjp.mg.gov.br\/?p=3401<\/span><\/a><\/li><li style=\"font-weight: 400;\" aria-level=\"1\"><span style=\"font-weight: 400;\">Contra o pacto da branquitude: Minas Gerais precisa enfrentar o racismo e o legado da escravid\u00e3o: <\/span><a href=\"https:\/\/observatoriodesigualdades.fjp.mg.gov.br\/?p=3390\"><span style=\"font-weight: 400;\">https:\/\/observatoriodesigualdades.fjp.mg.gov.br\/?p=3390<\/span><\/a><\/li><li style=\"font-weight: 400;\" aria-level=\"1\"><span style=\"font-weight: 400;\">Consci\u00eancia Negra: Desigualdade Racial no Servi\u00e7o P\u00fablico: <\/span><a href=\"https:\/\/observatoriodesigualdades.fjp.mg.gov.br\/?p=3376\"><span style=\"font-weight: 400;\">https:\/\/observatoriodesigualdades.fjp.mg.gov.br\/?p=3376<\/span><\/a><\/li><li style=\"font-weight: 400;\" aria-level=\"1\"><span style=\"font-weight: 400;\">Dia da Consci\u00eancia Negra: 483 anos do in\u00edcio da Di\u00e1spora Africana no Brasil e sua relev\u00e2ncia na Constru\u00e7\u00e3o do pa\u00eds: <\/span><a href=\"https:\/\/observatoriodesigualdades.fjp.mg.gov.br\/?p=3361\"><span style=\"font-weight: 400;\">https:\/\/observatoriodesigualdades.fjp.mg.gov.br\/?p=3361<\/span><\/a><\/li><li style=\"font-weight: 400;\" aria-level=\"1\"><span style=\"font-weight: 400;\">\u00c9 s\u00f3 uma brincadeira? O que os casos de Vini Jr., L\u00e9o Lins e do \u201cSimulador de Escravid\u00e3o\u201d t\u00eam em comum e como contribuem para a perpetua\u00e7\u00e3o do preconceito e da discrimina\u00e7\u00e3o racial: <\/span><a href=\"https:\/\/observatoriodesigualdades.fjp.mg.gov.br\/?p=3033\"><span style=\"font-weight: 400;\">https:\/\/observatoriodesigualdades.fjp.mg.gov.br\/?p=3033<\/span><\/a><\/li><\/ul><p>\u00a0<\/p><p><b>Renda<\/b><\/p><p><span style=\"font-weight: 400;\">A pobreza e a prote\u00e7\u00e3o social foram temas de diferentes posts, trazendo resultados do projeto Minas pela Igualdade e repercutindo recentes pesquisas. A m\u00fasica \u201cPobreza por pobreza\u201d de Luiz Gonzaga traz a realidade da pobreza no sert\u00e3o que leva muitas vezes as pessoas a pensarem a migrar daquela terra.<\/span><\/p><p style=\"text-align: right;\"><span style=\"font-weight: 400;\">Pra que me largar no mundo?<\/span><\/p><p style=\"text-align: right;\"><span style=\"font-weight: 400;\">Se nem sei se vou chegar<\/span><\/p><p style=\"text-align: right;\"><span style=\"font-weight: 400;\">A virar em cruz de estrada<\/span><\/p><p style=\"text-align: right;\"><span style=\"font-weight: 400;\">Prefiro ser cruz por c\u00e1<\/span><\/p><p style=\"text-align: right;\"><span style=\"font-weight: 400;\">Ao menos o ch\u00e3o que \u00e9 meu<\/span><\/p><p style=\"text-align: right;\"><span style=\"font-weight: 400;\">Meu corpo vai adubar<\/span><\/p><p style=\"text-align: right;\"><span style=\"font-weight: 400;\">Ao menos o ch\u00e3o que \u00e9 meu<\/span><\/p><p style=\"text-align: right;\"><span style=\"font-weight: 400;\">Meu corpo vai adubar<\/span><\/p><p style=\"text-align: right;\"><span style=\"font-weight: 400;\">Se doente e sem rem\u00e9dio<\/span><\/p><p style=\"text-align: right;\"><span style=\"font-weight: 400;\">Remediado est\u00e1<\/span><\/p><p style=\"text-align: right;\"><span style=\"font-weight: 400;\">Nascido e criado aqui<\/span><\/p><p style=\"text-align: right;\"><span style=\"font-weight: 400;\">Sei o espinho aonde d\u00e1<\/span><\/p><p style=\"text-align: right;\"><span style=\"font-weight: 400;\">Pobreza por pobreza<\/span><\/p><p style=\"text-align: right;\"><span style=\"font-weight: 400;\">Sou pobre em qualquer lugar<\/span><\/p><p style=\"text-align: right;\"><span style=\"font-weight: 400;\">A fome \u00e9 a mesma fome<\/span><\/p><p style=\"text-align: right;\"><span style=\"font-weight: 400;\">Que vem me desesperar<\/span><\/p><p style=\"text-align: right;\"><span style=\"font-weight: 400;\">E a m\u00e3o \u00e9 sempre a mesma<\/span><\/p><p style=\"text-align: right;\"><span style=\"font-weight: 400;\">Que vive a me explorar<\/span><\/p><p style=\"text-align: right;\"><span style=\"font-weight: 400;\">E a m\u00e3o \u00e9 sempre a mesma<\/span><\/p><p style=\"text-align: right;\"><span style=\"font-weight: 400;\">Que vive a me explorar<\/span><\/p><p style=\"text-align: right;\"><span style=\"font-weight: 400;\">(Pobreza por pobreza &#8211; Gonzaguinha e Luiz Gonzaga)<\/span><\/p><p><span style=\"font-weight: 400;\">Veja as produ\u00e7\u00f5es sobre o tema: no link abaixo:<\/span><\/p><ul><li style=\"font-weight: 400;\" aria-level=\"1\"><span style=\"font-weight: 400;\">Minas pela Igualdade: a persist\u00eancia da pobreza em Minas Gerais: <\/span><a href=\"https:\/\/observatoriodesigualdades.fjp.mg.gov.br\/?p=3105\"><span style=\"font-weight: 400;\">https:\/\/observatoriodesigualdades.fjp.mg.gov.br\/?p=3105<\/span><\/a><\/li><li style=\"font-weight: 400;\" aria-level=\"1\"><span style=\"font-weight: 400;\">S\u00edntese de Indicadores Sociais: o retrato de um pa\u00eds ainda mais pobre e desigual: <\/span><a href=\"https:\/\/observatoriodesigualdades.fjp.mg.gov.br\/?p=2894\"><span style=\"font-weight: 400;\">https:\/\/observatoriodesigualdades.fjp.mg.gov.br\/?p=2894<\/span><\/a><\/li><li style=\"font-weight: 400;\" aria-level=\"1\"><span style=\"font-weight: 400;\">Quem \u00e9 o culpado pela pobreza? A justifica\u00e7\u00e3o da desigualdade na catequese meritocr\u00e1tica: <\/span><a href=\"https:\/\/observatoriodesigualdades.fjp.mg.gov.br\/?p=2880\"><span style=\"font-weight: 400;\">https:\/\/observatoriodesigualdades.fjp.mg.gov.br\/?p=2880<\/span><\/a><\/li><li style=\"font-weight: 400;\" aria-level=\"1\"><span style=\"font-weight: 400;\">Minas pela igualdade: caminhos, desafios e proposi\u00e7\u00f5es para as pol\u00edticas de transfer\u00eancia de renda: <\/span><a href=\"https:\/\/observatoriodesigualdades.fjp.mg.gov.br\/?p=2825\"><span style=\"font-weight: 400;\">https:\/\/observatoriodesigualdades.fjp.mg.gov.br\/?p=2825<\/span><\/a><\/li><li style=\"font-weight: 400;\" aria-level=\"1\"><span style=\"font-weight: 400;\">O Programa Bolsa Fam\u00edlia e a complementariedade entre igualdade de resultados e igualdade de oportunidades OU Esque\u00e7a a estorinha do peixe!: <\/span><a href=\"https:\/\/observatoriodesigualdades.fjp.mg.gov.br\/?p=3246\"><span style=\"font-weight: 400;\">https:\/\/observatoriodesigualdades.fjp.mg.gov.br\/?p=3246<\/span><\/a><\/li><li style=\"font-weight: 400;\" aria-level=\"1\"><span style=\"font-weight: 400;\">Minas Pela Igualdade: um retrato da prote\u00e7\u00e3o social no estado de Minas Gerais: <\/span><a href=\"https:\/\/observatoriodesigualdades.fjp.mg.gov.br\/?p=3222\"><span style=\"font-weight: 400;\">https:\/\/observatoriodesigualdades.fjp.mg.gov.br\/?p=3222<\/span><\/a><\/li><\/ul><p>\u00a0<\/p><p><b>G\u00eanero<\/b><\/p><p><span style=\"font-weight: 400;\">A quest\u00e3o de g\u00eanero foi tratada em diferentes momentos ao longo do ano, falando sobre viol\u00eancia pol\u00edtica e sobre os desafios e conquistas do movimento feminista. A m\u00fasica \u201cPara todas as mulheres\u201d de Mariana Nolasco fala sobre a luta das mulheres por respeito, por espa\u00e7o, por direitos.<\/span><\/p><p style=\"text-align: right;\"><span style=\"font-weight: 400;\">Abafaram nossa voz<\/span><\/p><p style=\"text-align: right;\"><span style=\"font-weight: 400;\">Mas esqueceram de que n\u00e3o estamos s\u00f3s<\/span><\/p><p style=\"text-align: right;\"><span style=\"font-weight: 400;\">Abafaram nossa voz<\/span><\/p><p style=\"text-align: right;\"><span style=\"font-weight: 400;\">Mas esqueceram de que n\u00e3o estamos s\u00f3s<\/span><\/p><p style=\"text-align: right;\"><span style=\"font-weight: 400;\">Essa vai pra todas as mulheres<\/span><\/p><p style=\"text-align: right;\"><span style=\"font-weight: 400;\">Marianas, \u00edndias, brancas, negras, pardas, indianas<\/span><\/p><p style=\"text-align: right;\"><span style=\"font-weight: 400;\">Essa vai pra voc\u00ea que sentiu a\u00ed no peito<\/span><\/p><p style=\"text-align: right;\"><span style=\"font-weight: 400;\">O quanto \u00e9 essencial ter, no m\u00ednimo, respeito<\/span><\/p><p style=\"text-align: right;\"><span style=\"font-weight: 400;\">Essa dor \u00e9 secular e em algum momento h\u00e1 de curar<\/span><\/p><p style=\"text-align: right;\"><span style=\"font-weight: 400;\">Diga sim para o fim de uma era irracional, patriarcal<\/span><\/p><p style=\"text-align: right;\"><span style=\"font-weight: 400;\">Abafaram nossa voz<\/span><\/p><p style=\"text-align: right;\"><span style=\"font-weight: 400;\">Mas esqueceram de que n\u00e3o estamos s\u00f3s<\/span><\/p><p style=\"text-align: right;\"><span style=\"font-weight: 400;\">Abafaram nossa voz<\/span><\/p><p style=\"text-align: right;\"><span style=\"font-weight: 400;\">Mas esqueceram de que n\u00e3o estamos s\u00f3s<\/span><\/p><p style=\"text-align: right;\"><span style=\"font-weight: 400;\">Ent\u00e3o eu canto pra que em todo canto<\/span><\/p><p style=\"text-align: right;\"><span style=\"font-weight: 400;\">Encanto de ser livre, de falar, possa chegar, n\u00e3o mais calar<\/span><\/p><p style=\"text-align: right;\"><span style=\"font-weight: 400;\">Ent\u00e3o eu canto pra que em todo canto<\/span><\/p><p style=\"text-align: right;\"><span style=\"font-weight: 400;\">Encanto de ser livre, de falar, possa chegar, n\u00e3o mais calar<\/span><\/p><p style=\"text-align: right;\"><span style=\"font-weight: 400;\">(Para todas as mulheres &#8211; Mariana Nolasco)<\/span><\/p><p><span style=\"font-weight: 400;\">Veja as produ\u00e7\u00f5es sobre o tema no link abaixo:<\/span><\/p><ul><li style=\"font-weight: 400;\" aria-level=\"1\"><span style=\"font-weight: 400;\">8M: movimento trans e a visibilidade dentro do feminismo: <\/span><a href=\"https:\/\/observatoriodesigualdades.fjp.mg.gov.br\/?p=2906\"><span style=\"font-weight: 400;\">https:\/\/observatoriodesigualdades.fjp.mg.gov.br\/?p=2906<\/span><\/a><\/li><li style=\"font-weight: 400;\" aria-level=\"1\"><span style=\"font-weight: 400;\">8M: atraso e desigualdades no trabalho dom\u00e9stico: <\/span><a href=\"https:\/\/observatoriodesigualdades.fjp.mg.gov.br\/?p=2915\"><span style=\"font-weight: 400;\">https:\/\/observatoriodesigualdades.fjp.mg.gov.br\/?p=2915<\/span><\/a><\/li><li style=\"font-weight: 400;\" aria-level=\"1\"><span style=\"font-weight: 400;\">5 anos sem Marielle Franco: a viol\u00eancia pol\u00edtica de g\u00eanero e ra\u00e7a enquanto pr\u00e1ticas de interdi\u00e7\u00e3o de mulheres negras nos espa\u00e7os de poder e decis\u00e3o: <\/span><a href=\"https:\/\/observatoriodesigualdades.fjp.mg.gov.br\/?p=2948\"><span style=\"font-weight: 400;\">https:\/\/observatoriodesigualdades.fjp.mg.gov.br\/?p=2948<\/span><\/a><\/li><li style=\"font-weight: 400;\" aria-level=\"1\"><span style=\"font-weight: 400;\">Infogr\u00e1fico \u2013 8M: Mulheres e os meios de comunica\u00e7\u00e3o: <\/span><a href=\"https:\/\/observatoriodesigualdades.fjp.mg.gov.br\/?p=2940\"><span style=\"font-weight: 400;\">https:\/\/observatoriodesigualdades.fjp.mg.gov.br\/?p=2940<\/span><\/a><\/li><li style=\"font-weight: 400;\" aria-level=\"1\"><span style=\"font-weight: 400;\">Um sinal \u00e0 dignidade das mulheres: o voto de Rosa Weber e as consequ\u00eancias perversas da criminaliza\u00e7\u00e3o do aborto no Brasil: <\/span><a href=\"https:\/\/observatoriodesigualdades.fjp.mg.gov.br\/?p=3279\"><span style=\"font-weight: 400;\">https:\/\/observatoriodesigualdades.fjp.mg.gov.br\/?p=3279<\/span><\/a><\/li><\/ul><p>\u00a0<\/p><p><b>Trabalho<\/b><\/p><p><span style=\"font-weight: 400;\">O tema do trabalho foi trazido em diferentes posts para falar da transversalidade das desigualdades de g\u00eanero e ra\u00e7a no mercado de trabalho, falando sobre o trabalho infantil e sobre o sal\u00e1rio minimo. A m\u00fasica \u201cTrabalhador\u201d de Seu Jorge aborda a realidade de grande parte dos trabalhadores brasileiros, de estar na luta pra no final do m\u00eas receber seu sal\u00e1rio.<\/span><\/p><p style=\"text-align: right;\"><span style=\"font-weight: 400;\">Est\u00e1 na luta, no corre-corre, no dia-a-dia<\/span><\/p><p style=\"text-align: right;\"><span style=\"font-weight: 400;\">Marmita \u00e9 fria mas se precisa ir trabalhar<\/span><\/p><p style=\"text-align: right;\"><span style=\"font-weight: 400;\">Essa rotina em toda firma come\u00e7a \u00e0s sete da manh\u00e3<\/span><\/p><p style=\"text-align: right;\"><span style=\"font-weight: 400;\">Patr\u00e3o reclama e manda embora quem atrasar<\/span><\/p><p style=\"text-align: right;\"><span style=\"font-weight: 400;\">Trabalhador<\/span><\/p><p style=\"text-align: right;\"><span style=\"font-weight: 400;\">Trabalhador brasileiro<\/span><\/p><p style=\"text-align: right;\"><span style=\"font-weight: 400;\">Dentista, frentista, pol\u00edcia, bombeiro<\/span><\/p><p style=\"text-align: right;\"><span style=\"font-weight: 400;\">Trabalhador brasileiro<\/span><\/p><p style=\"text-align: right;\"><span style=\"font-weight: 400;\">Tem gari por a\u00ed que \u00e9 formado engenheiro<\/span><\/p><p style=\"text-align: right;\"><span style=\"font-weight: 400;\">Trabalhador brasileiro<\/span><\/p><p style=\"text-align: right;\"><span style=\"font-weight: 400;\">Trabalhador<\/span><\/p><p style=\"text-align: right;\"><span style=\"font-weight: 400;\">E sem dinheiro vai dar um jeito<\/span><\/p><p style=\"text-align: right;\"><span style=\"font-weight: 400;\">Vai pro servi\u00e7o<\/span><\/p><p style=\"text-align: right;\"><span style=\"font-weight: 400;\">\u00c9 compromisso, vai ter problema se ele faltar<\/span><\/p><p style=\"text-align: right;\"><span style=\"font-weight: 400;\">Sal\u00e1rio \u00e9 pouco, n\u00e3o d\u00e1 pra nada<\/span><\/p><p style=\"text-align: right;\"><span style=\"font-weight: 400;\">Desempregado tamb\u00e9m n\u00e3o d\u00e1<\/span><\/p><p style=\"text-align: right;\"><span style=\"font-weight: 400;\">E desse jeito a vida segue sem melhorar<\/span><\/p><p style=\"text-align: right;\"><span style=\"font-weight: 400;\">Trabalhador<\/span><\/p><p style=\"text-align: right;\"><span style=\"font-weight: 400;\">Trabalhador brasileiro<\/span><\/p><p style=\"text-align: right;\"><span style=\"font-weight: 400;\">Gar\u00e7om, gar\u00e7onete, jurista, pedreiro<\/span><\/p><p style=\"text-align: right;\"><span style=\"font-weight: 400;\">Trabalhador brasileiro<\/span><\/p><p style=\"text-align: right;\"><span style=\"font-weight: 400;\">Trabalha igual burro e n\u00e3o ganha dinheiro<\/span><\/p><p style=\"text-align: right;\"><span style=\"font-weight: 400;\">Trabalhador brasileiro<\/span><\/p><p style=\"text-align: right;\"><span style=\"font-weight: 400;\">Trabalhador<\/span><\/p><p style=\"text-align: right;\"><span style=\"font-weight: 400;\">(Trabalhador &#8211; Seu Jorge)<\/span><\/p><p><span style=\"font-weight: 400;\">Veja as produ\u00e7\u00f5es sobre o tema no link abaixo:<\/span><\/p><ul><li style=\"font-weight: 400;\" aria-level=\"1\"><span style=\"font-weight: 400;\">Machismo e racismo no mercado de trabalho mineiro: desigualdades reveladas pelo Observat\u00f3rio do Trabalho de Minas Gerais: <\/span><a href=\"https:\/\/observatoriodesigualdades.fjp.mg.gov.br\/?p=2955\"><span style=\"font-weight: 400;\">https:\/\/observatoriodesigualdades.fjp.mg.gov.br\/?p=2955<\/span><\/a><\/li><li style=\"font-weight: 400;\" aria-level=\"1\"><span style=\"font-weight: 400;\">Aumento do Sal\u00e1rio M\u00ednimo: uma esperan\u00e7a de reconstru\u00e7\u00e3o no Dia do Trabalhador: <\/span><a href=\"https:\/\/observatoriodesigualdades.fjp.mg.gov.br\/?p=2978\"><span style=\"font-weight: 400;\">https:\/\/observatoriodesigualdades.fjp.mg.gov.br\/?p=2978<\/span><\/a><\/li><li style=\"font-weight: 400;\" aria-level=\"1\"><span style=\"font-weight: 400;\">Sobre o primeiro de maio \u2013 A persist\u00eancia das desigualdades sobre o mercado de trabalho no Brasil: influ\u00eancia do g\u00eanero e da ra\u00e7a: <\/span><a href=\"https:\/\/observatoriodesigualdades.fjp.mg.gov.br\/?p=2978\"><span style=\"font-weight: 400;\">https:\/\/observatoriodesigualdades.fjp.mg.gov.br\/?p=2978<\/span><\/a><\/li><li style=\"font-weight: 400;\" aria-level=\"1\"><span style=\"font-weight: 400;\">Da Escravid\u00e3o \u00e0 Escravid\u00e3o: A perpetuidade do trabalho an\u00e1logo em Minas Gerais 135 anos ap\u00f3s a aboli\u00e7\u00e3o da escravatura: <\/span><a href=\"https:\/\/observatoriodesigualdades.fjp.mg.gov.br\/?p=3008\"><span style=\"font-weight: 400;\">https:\/\/observatoriodesigualdades.fjp.mg.gov.br\/?p=3008<\/span><\/a><\/li><li style=\"font-weight: 400;\" aria-level=\"1\"><span style=\"font-weight: 400;\">Trabalho infantil: do indiv\u00edduo at\u00e9 o seu lar: <\/span><a href=\"https:\/\/observatoriodesigualdades.fjp.mg.gov.br\/?p=3058\"><span style=\"font-weight: 400;\">https:\/\/observatoriodesigualdades.fjp.mg.gov.br\/?p=3058<\/span><\/a><\/li><li style=\"font-weight: 400;\" aria-level=\"1\"><span style=\"font-weight: 400;\">O que a desigualdade salarial representa dentro do capitalismo brasileiro?: <\/span><a href=\"https:\/\/observatoriodesigualdades.fjp.mg.gov.br\/?p=3018\"><span style=\"font-weight: 400;\">https:\/\/observatoriodesigualdades.fjp.mg.gov.br\/?p=3018<\/span><\/a><\/li><\/ul><p>\u00a0<\/p><p><b>Sa\u00fade<\/b><\/p><p><span style=\"font-weight: 400;\">O tema da sa\u00fade foi abordado de forma transversal com a desigualdade de g\u00eanero e falando sobre sa\u00fade mental. A reconhecida m\u00fasica \u201cSa\u00fade\u201d de Rita Lee fala justamente sobre a import\u00e2ncia do autocuidado em meio a tantas opini\u00f5es que muitas vezes n\u00e3o t\u00eam import\u00e2ncia.<\/span><\/p><p style=\"text-align: right;\"><span style=\"font-weight: 400;\">Me cansei de lero-lero<\/span><\/p><p style=\"text-align: right;\"><span style=\"font-weight: 400;\">D\u00e1 licen\u00e7a, mas eu vou sair do s\u00e9rio<\/span><\/p><p style=\"text-align: right;\"><span style=\"font-weight: 400;\">Quero mais sa\u00fade<\/span><\/p><p style=\"text-align: right;\"><span style=\"font-weight: 400;\">Me cansei de escutar opini\u00f5es<\/span><\/p><p style=\"text-align: right;\"><span style=\"font-weight: 400;\">De como ter um mundo melhor<\/span><\/p><p style=\"text-align: right;\"><span style=\"font-weight: 400;\">Mas ningu\u00e9m sai de cima, nesse chove n\u00e3o molha<\/span><\/p><p style=\"text-align: right;\"><span style=\"font-weight: 400;\">Eu sei que agora eu vou \u00e9 cuidar mais de mim<\/span><\/p><p style=\"text-align: right;\"><span style=\"font-weight: 400;\">Como vai? Tudo bem<\/span><\/p><p style=\"text-align: right;\"><span style=\"font-weight: 400;\">Apesar, contudo, todavia, mas, por\u00e9m<\/span><\/p><p style=\"text-align: right;\"><span style=\"font-weight: 400;\">As \u00e1guas v\u00e3o rolar, n\u00e3o vou chorar<\/span><\/p><p style=\"text-align: right;\"><span style=\"font-weight: 400;\">Se por acaso morrer do cora\u00e7\u00e3o<\/span><\/p><p style=\"text-align: right;\"><span style=\"font-weight: 400;\">\u00c9 sinal que amei demais<\/span><\/p><p style=\"text-align: right;\"><span style=\"font-weight: 400;\">(Sa\u00fade &#8211; Rita Lee)<\/span><\/p><p><span style=\"font-weight: 400;\">Veja as produ\u00e7\u00f5es sobre o tema no link abaixo:<\/span><\/p><ul><li style=\"font-weight: 400;\" aria-level=\"1\"><span style=\"font-weight: 400;\">A desigualdade das doen\u00e7as mentais: <\/span><a href=\"https:\/\/observatoriodesigualdades.fjp.mg.gov.br\/?p=2766\"><span style=\"font-weight: 400;\">https:\/\/observatoriodesigualdades.fjp.mg.gov.br\/?p=2766<\/span><\/a><\/li><li style=\"font-weight: 400;\" aria-level=\"1\"><span style=\"font-weight: 400;\">Dia Internacional do Orgulho LGBTQ+: Obst\u00e1culos \u00e0 efetiva\u00e7\u00e3o do direito de mulheres l\u00e9sbicas e bissexuais \u00e0 sa\u00fade: <\/span><a href=\"https:\/\/observatoriodesigualdades.fjp.mg.gov.br\/?p=3082\"><span style=\"font-weight: 400;\">https:\/\/observatoriodesigualdades.fjp.mg.gov.br\/?p=3082<\/span><\/a><\/li><li style=\"font-weight: 400;\" aria-level=\"1\"><span style=\"font-weight: 400;\">Esgotadas: a realidade alarmante apresentada no estudo do Think Olga sobre a sa\u00fade mental das mulheres brasileiras: <\/span><a href=\"https:\/\/observatoriodesigualdades.fjp.mg.gov.br\/?p=3291\"><span style=\"font-weight: 400;\">https:\/\/observatoriodesigualdades.fjp.mg.gov.br\/?p=3291<\/span><\/a><\/li><\/ul><p>\u00a0<\/p><p><b>Educa\u00e7\u00e3o<\/b><\/p><p><span style=\"font-weight: 400;\">O tema da educa\u00e7\u00e3o foi tratado em alguns posts, falando sobre a desigualdade educacional e sobre o ser professor no Brasil. A m\u00fasica \u201cAnjos da Guarda\u201d de Leci Brand\u00e3o trata na miss\u00e3o do professor, de entregar o conhecimento e formar um cidad\u00e3o, mesmo n\u00e3o sendo f\u00e1cil a tarefa.<\/span><\/p><p style=\"text-align: right;\"><span style=\"font-weight: 400;\">Professores<\/span><\/p><p style=\"text-align: right;\"><span style=\"font-weight: 400;\">Protetores das crian\u00e7as do meu pa\u00eds<\/span><\/p><p style=\"text-align: right;\"><span style=\"font-weight: 400;\">Eu queria, gostaria<\/span><\/p><p style=\"text-align: right;\"><span style=\"font-weight: 400;\">De um discurso bem mais feliz<\/span><\/p><p style=\"text-align: right;\"><span style=\"font-weight: 400;\">Porque tudo \u00e9 educa\u00e7\u00e3o<\/span><\/p><p style=\"text-align: right;\"><span style=\"font-weight: 400;\">\u00c9 mat\u00e9ria de todo o tempo<\/span><\/p><p style=\"text-align: right;\"><span style=\"font-weight: 400;\">Ensinem a quem sabe de tudo<\/span><\/p><p style=\"text-align: right;\"><span style=\"font-weight: 400;\">A entregar o conhecimento<\/span><\/p><p style=\"text-align: right;\"><span style=\"font-weight: 400;\">Ensinem a quem sabe de tudo<\/span><\/p><p style=\"text-align: right;\"><span style=\"font-weight: 400;\">A entregar o conhecimento<\/span><\/p><p style=\"text-align: right;\"><span style=\"font-weight: 400;\">Na sala de aula<\/span><\/p><p style=\"text-align: right;\"><span style=\"font-weight: 400;\">\u00c9 que se forma um cidad\u00e3o<\/span><\/p><p style=\"text-align: right;\"><span style=\"font-weight: 400;\">Na sala de aula<\/span><\/p><p style=\"text-align: right;\"><span style=\"font-weight: 400;\">\u00c9 que se muda uma na\u00e7\u00e3o<\/span><\/p><p style=\"text-align: right;\"><span style=\"font-weight: 400;\">Na sala de aula<\/span><\/p><p style=\"text-align: right;\"><span style=\"font-weight: 400;\">N\u00e3o h\u00e1 idade, nem cor<\/span><\/p><p style=\"text-align: right;\"><span style=\"font-weight: 400;\">Por isso aceite e respeite<\/span><\/p><p style=\"text-align: right;\"><span style=\"font-weight: 400;\">O meu professor<\/span><\/p><p style=\"text-align: right;\"><span style=\"font-weight: 400;\">(Anjos da Guarda &#8211; Leci Brand\u00e3o)<\/span><\/p><p><span style=\"font-weight: 400;\">Veja as produ\u00e7\u00f5es sobre o tema no link abaixo:<\/span><\/p><ul><li style=\"font-weight: 400;\" aria-level=\"1\"><span style=\"font-weight: 400;\">Valoriza\u00e7\u00e3o do ensino da arte nas escolas p\u00fablicas como mecanismo de fomento \u00e0 democratiza\u00e7\u00e3o do acesso a viv\u00eancias culturais: conhecendo a abordagem triangular de Ana Mae Barbosa: <\/span><a href=\"https:\/\/observatoriodesigualdades.fjp.mg.gov.br\/?p=2797\"><span style=\"font-weight: 400;\">https:\/\/observatoriodesigualdades.fjp.mg.gov.br\/?p=2797<\/span><\/a><\/li><li style=\"font-weight: 400;\" aria-level=\"1\"><span style=\"font-weight: 400;\">Ser professor no Brasil: uma reflex\u00e3o sobre a desvaloriza\u00e7\u00e3o da carreira docente: <\/span><a href=\"https:\/\/observatoriodesigualdades.fjp.mg.gov.br\/?p=3324\"><span style=\"font-weight: 400;\">https:\/\/observatoriodesigualdades.fjp.mg.gov.br\/?p=3324<\/span><\/a><\/li><li style=\"font-weight: 400;\" aria-level=\"1\"><span style=\"font-weight: 400;\">MINAS PELA IGUALDADE: Desigualdades Educacionais em Minas Gerais: <\/span><a href=\"https:\/\/observatoriodesigualdades.fjp.mg.gov.br\/?p=3204\"><span style=\"font-weight: 400;\">https:\/\/observatoriodesigualdades.fjp.mg.gov.br\/?p=3204<\/span><\/a><\/li><\/ul><p>\u00a0<\/p><p><b>Quest\u00e3o Fundi\u00e1ria e Reforma Agr\u00e1ria<\/b><\/p><p><span style=\"font-weight: 400;\">A quest\u00e3o fundi\u00e1ria foi tratada em um dos boletins publicados pelo Observat\u00f3rio no \u00faltimo ano. A m\u00fasica \u201cMorro Velho\u201d de Milton Nascimento traz a vida e o trabalho no campo como seu tema principal.<\/span><\/p><p style=\"text-align: right;\"><span style=\"font-weight: 400;\">No sert\u00e3o da minha terra<\/span><\/p><p style=\"text-align: right;\"><span style=\"font-weight: 400;\">Fazenda \u00e9 o camarada que ao ch\u00e3o se deu<\/span><\/p><p style=\"text-align: right;\"><span style=\"font-weight: 400;\">Fez a obriga\u00e7\u00e3o com for\u00e7a<\/span><\/p><p style=\"text-align: right;\"><span style=\"font-weight: 400;\">Parece at\u00e9 que tudo aquilo ali \u00e9 seu<\/span><\/p><p style=\"text-align: right;\"><span style=\"font-weight: 400;\">S\u00f3 poder sentar no morro<\/span><\/p><p style=\"text-align: right;\"><span style=\"font-weight: 400;\">E ver tudo verdinho, lindo a crescer<\/span><\/p><p style=\"text-align: right;\"><span style=\"font-weight: 400;\">Orgulhoso camarada<\/span><\/p><p style=\"text-align: right;\"><span style=\"font-weight: 400;\">De viola em vez de enxada<\/span><\/p><p style=\"text-align: right;\"><span style=\"font-weight: 400;\">Filho de branco e do preto<\/span><\/p><p style=\"text-align: right;\"><span style=\"font-weight: 400;\">Correndo pela estrada atr\u00e1s de passarinho<\/span><\/p><p style=\"text-align: right;\"><span style=\"font-weight: 400;\">Pela planta\u00e7\u00e3o adentro<\/span><\/p><p style=\"text-align: right;\"><span style=\"font-weight: 400;\">Crescendo os dois meninos, sempre pequeninos<\/span><\/p><p style=\"text-align: right;\"><span style=\"font-weight: 400;\">(Morro Velho &#8211; Milton Nascimento)<\/span><\/p><p><span style=\"font-weight: 400;\">Veja as produ\u00e7\u00f5es sobre o tema no link abaixo:<\/span><\/p><ul><li style=\"font-weight: 400;\" aria-level=\"1\"><span style=\"font-weight: 400;\">A parte que te cabe deste latif\u00fandio: concentra\u00e7\u00e3o de terra e os desafios da reforma agr\u00e1ria no Brasil: <\/span><a href=\"https:\/\/observatoriodesigualdades.fjp.mg.gov.br\/wp-content\/uploads\/2023\/06\/Boletim-16-Reforma-Agraria.docx.pdf\"><span style=\"font-weight: 400;\">https:\/\/observatoriodesigualdades.fjp.mg.gov.br\/wp-content\/uploads\/2023\/06\/Boletim-16-Reforma-Agraria.docx.pdf<\/span><\/a><\/li><li style=\"font-weight: 400;\" aria-level=\"1\"><span style=\"font-weight: 400;\">Desigualdade fundi\u00e1ria e viol\u00eancia: a CPI do MST e a persegui\u00e7\u00e3o aos movimentos sociais no campo: <\/span><a href=\"https:\/\/observatoriodesigualdades.fjp.mg.gov.br\/?p=3045\"><span style=\"font-weight: 400;\">https:\/\/observatoriodesigualdades.fjp.mg.gov.br\/?p=3045<\/span><\/a><\/li><\/ul><p>\u00a0<\/p><p><b>Concentra\u00e7\u00e3o de Renda e Tributa\u00e7\u00e3o<\/b><\/p><p><span style=\"font-weight: 400;\">O tema da concentra\u00e7\u00e3o de riqueza e da busca por uma tributa\u00e7\u00e3o mais igualit\u00e1ria foi o tema de diferentes posts. A m\u00fasica \u201cBrasis\u201d de Elza Soares traz uma dualidade sobre dois Brasis, um que tem muito e outro que tem pouco.<\/span><\/p><p style=\"text-align: right;\"><span style=\"font-weight: 400;\">Tem um Brasil que \u00e9 pr\u00f3spero<\/span><\/p><p style=\"text-align: right;\"><span style=\"font-weight: 400;\">Outro n\u00e3o muda<\/span><\/p><p style=\"text-align: right;\"><span style=\"font-weight: 400;\">Um Brasil que investe<\/span><\/p><p style=\"text-align: right;\"><span style=\"font-weight: 400;\">Outro que suga<\/span><\/p><p style=\"text-align: right;\"><span style=\"font-weight: 400;\">Um de sunga<\/span><\/p><p style=\"text-align: right;\"><span style=\"font-weight: 400;\">Outro de gravata<\/span><\/p><p style=\"text-align: right;\"><span style=\"font-weight: 400;\">Tem um que faz amor<\/span><\/p><p style=\"text-align: right;\"><span style=\"font-weight: 400;\">E tem o outro que mata<\/span><\/p><p style=\"text-align: right;\"><span style=\"font-weight: 400;\">Brasil do ouro<\/span><\/p><p style=\"text-align: right;\"><span style=\"font-weight: 400;\">Brasil da prata<\/span><\/p><p style=\"text-align: right;\"><span style=\"font-weight: 400;\">Brasil do balacoch\u00ea<\/span><\/p><p style=\"text-align: right;\"><span style=\"font-weight: 400;\">Da mulata<\/span><\/p><p style=\"text-align: right;\"><span style=\"font-weight: 400;\">Tem um Brasil que cheira<\/span><\/p><p style=\"text-align: right;\"><span style=\"font-weight: 400;\">Outro que fede<\/span><\/p><p style=\"text-align: right;\"><span style=\"font-weight: 400;\">O Brasil que d\u00e1<\/span><\/p><p style=\"text-align: right;\"><span style=\"font-weight: 400;\">\u00c9 igualzinho ao que pede<\/span><\/p><p style=\"text-align: right;\"><span style=\"font-weight: 400;\">Pede paz e sa\u00fade<\/span><\/p><p style=\"text-align: right;\"><span style=\"font-weight: 400;\">Trabalho e dinheiro<\/span><\/p><p style=\"text-align: right;\"><span style=\"font-weight: 400;\">Pede pelas crian\u00e7as<\/span><\/p><p style=\"text-align: right;\"><span style=\"font-weight: 400;\">Do pa\u00eds inteiro<\/span><\/p><p style=\"text-align: right;\"><span style=\"font-weight: 400;\">Tem um Brasil que soca<\/span><\/p><p style=\"text-align: right;\"><span style=\"font-weight: 400;\">Outro que apanha<\/span><\/p><p style=\"text-align: right;\"><span style=\"font-weight: 400;\">Um Brasil que saca<\/span><\/p><p style=\"text-align: right;\"><span style=\"font-weight: 400;\">Outro que chuta<\/span><\/p><p style=\"text-align: right;\"><span style=\"font-weight: 400;\">(Brasis &#8211; Elza Soares)<\/span><\/p><p><span style=\"font-weight: 400;\">Veja as produ\u00e7\u00f5es sobre o tema no link abaixo:<\/span><\/p><ul><li style=\"font-weight: 400;\" aria-level=\"1\"><span style=\"font-weight: 400;\">Mais bilion\u00e1rios por heran\u00e7a no mundo: a urg\u00eancia da tributa\u00e7\u00e3o progressiva sobre heran\u00e7as e doa\u00e7\u00f5es: <\/span><a href=\"https:\/\/observatoriodesigualdades.fjp.mg.gov.br\/?p=3416\"><span style=\"font-weight: 400;\">https:\/\/observatoriodesigualdades.fjp.mg.gov.br\/?p=3416<\/span><\/a><\/li><li style=\"font-weight: 400;\" aria-level=\"1\"><span style=\"font-weight: 400;\">O final de Succession e a psicologia social da indiferen\u00e7a: como a desigualdade extrema cria elites mesquinhas (sem spoilers, por favor!): <\/span><a href=\"https:\/\/observatoriodesigualdades.fjp.mg.gov.br\/?p=3051\"><span style=\"font-weight: 400;\">https:\/\/observatoriodesigualdades.fjp.mg.gov.br\/?p=3051<\/span><\/a><\/li><li style=\"font-weight: 400;\" aria-level=\"1\"><span style=\"font-weight: 400;\">MINAS PELA IGUALDADE: Tributa\u00e7\u00e3o e Compras P\u00fablicas em Minas Gerais: <\/span><a href=\"https:\/\/observatoriodesigualdades.fjp.mg.gov.br\/?p=3215\"><span style=\"font-weight: 400;\">https:\/\/observatoriodesigualdades.fjp.mg.gov.br\/?p=3215<\/span><\/a><\/li><\/ul><p>\u00a0<\/p><p><span style=\"font-weight: 400;\">Te convidamos a escutar as m\u00fasicas selecionadas para a playlist. Esperamos provocar reflex\u00f5es sobre os acontecimentos reportados durante o ano de 2023 por meio da m\u00fasica, que tamb\u00e9m \u00e9 uma forma de expressar, criticar e denunciar as desigualdades que assolam a sociedade brasileira.<\/span><\/p><p>\u00a0<\/p><p><span style=\"font-weight: 400;\">Autores: Alexandre Henrique, sob a orienta\u00e7\u00e3o do professor Bruno Lazzarotti.<\/span><\/p><p>\u00a0<\/p><p><span style=\"font-weight: 400;\">*O Observat\u00f3rio das Desigualdades \u00e9 um projeto de extens\u00e3o. O conte\u00fado e as opini\u00f5es expressas n\u00e3o refletem necessariamente o posicionamento da Funda\u00e7\u00e3o Jo\u00e3o Pinheiro ou do CORECON \u2013 MG.<\/span><\/p>\t\t\t\t\t\t\t\t<\/div>\n\t\t\t\t<\/div>\n\t\t\t\t\t<\/div>\n\t\t<\/div>\n\t\t\t\t\t<\/div>\n\t\t<\/section>\n\t\t\t\t<\/div>\n\t\t","protected":false},"excerpt":{"rendered":"<p>Mais uma vez \u00e9 hora de relembrar as produ\u00e7\u00f5es do Observat\u00f3rio das Desigualdades atrav\u00e9s de m\u00fasicas que remetem aos diversos temas trabalhados no ano que passou. O ano de 2023 foi marcado por diversas mudan\u00e7as. Por um lado, a volta de um governo progressista ao poder foi o marco para a retomada de diversos programas [&hellip;]<\/p>\n","protected":false},"author":2,"featured_media":3448,"comment_status":"open","ping_status":"open","sticky":false,"template":"","format":"standard","meta":{"ocean_post_layout":"","ocean_both_sidebars_style":"","ocean_both_sidebars_content_width":0,"ocean_both_sidebars_sidebars_width":0,"ocean_sidebar":"0","ocean_second_sidebar":"0","ocean_disable_margins":"enable","ocean_add_body_class":"","ocean_shortcode_before_top_bar":"","ocean_shortcode_after_top_bar":"","ocean_shortcode_before_header":"","ocean_shortcode_after_header":"","ocean_has_shortcode":"","ocean_shortcode_after_title":"","ocean_shortcode_before_footer_widgets":"","ocean_shortcode_after_footer_widgets":"","ocean_shortcode_before_footer_bottom":"","ocean_shortcode_after_footer_bottom":"","ocean_display_top_bar":"default","ocean_display_header":"default","ocean_header_style":"","ocean_center_header_left_menu":"0","ocean_custom_header_template":"0","ocean_custom_logo":0,"ocean_custom_retina_logo":0,"ocean_custom_logo_max_width":0,"ocean_custom_logo_tablet_max_width":0,"ocean_custom_logo_mobile_max_width":0,"ocean_custom_logo_max_height":0,"ocean_custom_logo_tablet_max_height":0,"ocean_custom_logo_mobile_max_height":0,"ocean_header_custom_menu":"0","ocean_menu_typo_font_family":"0","ocean_menu_typo_font_subset":"","ocean_menu_typo_font_size":0,"ocean_menu_typo_font_size_tablet":0,"ocean_menu_typo_font_size_mobile":0,"ocean_menu_typo_font_size_unit":"px","ocean_menu_typo_font_weight":"","ocean_menu_typo_font_weight_tablet":"","ocean_menu_typo_font_weight_mobile":"","ocean_menu_typo_transform":"","ocean_menu_typo_transform_tablet":"","ocean_menu_typo_transform_mobile":"","ocean_menu_typo_line_height":0,"ocean_menu_typo_line_height_tablet":0,"ocean_menu_typo_line_height_mobile":0,"ocean_menu_typo_line_height_unit":"","ocean_menu_typo_spacing":0,"ocean_menu_typo_spacing_tablet":0,"ocean_menu_typo_spacing_mobile":0,"ocean_menu_typo_spacing_unit":"","ocean_menu_link_color":"","ocean_menu_link_color_hover":"","ocean_menu_link_color_active":"","ocean_menu_link_background":"","ocean_menu_link_hover_background":"","ocean_menu_link_active_background":"","ocean_menu_social_links_bg":"","ocean_menu_social_hover_links_bg":"","ocean_menu_social_links_color":"","ocean_menu_social_hover_links_color":"","ocean_disable_title":"default","ocean_disable_heading":"default","ocean_post_title":"","ocean_post_subheading":"","ocean_post_title_style":"","ocean_post_title_background_color":"","ocean_post_title_background":0,"ocean_post_title_bg_image_position":"","ocean_post_title_bg_image_attachment":"","ocean_post_title_bg_image_repeat":"","ocean_post_title_bg_image_size":"","ocean_post_title_height":0,"ocean_post_title_bg_overlay":0.5,"ocean_post_title_bg_overlay_color":"","ocean_disable_breadcrumbs":"default","ocean_breadcrumbs_color":"","ocean_breadcrumbs_separator_color":"","ocean_breadcrumbs_links_color":"","ocean_breadcrumbs_links_hover_color":"","ocean_display_footer_widgets":"default","ocean_display_footer_bottom":"default","ocean_custom_footer_template":"0","ocean_post_oembed":"","ocean_post_self_hosted_media":"","ocean_post_video_embed":"","ocean_link_format":"","ocean_link_format_target":"self","ocean_quote_format":"","ocean_quote_format_link":"post","ocean_gallery_link_images":"on","ocean_gallery_id":[],"footnotes":""},"categories":[53],"tags":[98,84,92,41,27,95,20,91,85,94],"class_list":["post-3444","post","type-post","status-publish","format-standard","has-post-thumbnail","hentry","category-cultura","tag-arte","tag-cultura","tag-desigualdade-de-genero","tag-desigualdade-racial","tag-educacao","tag-movimentos-sociais","tag-renda","tag-saude","tag-trabalho","tag-tributacao","entry","has-media"],"_links":{"self":[{"href":"https:\/\/observatoriodesigualdades.fjp.mg.gov.br\/index.php?rest_route=\/wp\/v2\/posts\/3444","targetHints":{"allow":["GET"]}}],"collection":[{"href":"https:\/\/observatoriodesigualdades.fjp.mg.gov.br\/index.php?rest_route=\/wp\/v2\/posts"}],"about":[{"href":"https:\/\/observatoriodesigualdades.fjp.mg.gov.br\/index.php?rest_route=\/wp\/v2\/types\/post"}],"author":[{"embeddable":true,"href":"https:\/\/observatoriodesigualdades.fjp.mg.gov.br\/index.php?rest_route=\/wp\/v2\/users\/2"}],"replies":[{"embeddable":true,"href":"https:\/\/observatoriodesigualdades.fjp.mg.gov.br\/index.php?rest_route=%2Fwp%2Fv2%2Fcomments&post=3444"}],"version-history":[{"count":7,"href":"https:\/\/observatoriodesigualdades.fjp.mg.gov.br\/index.php?rest_route=\/wp\/v2\/posts\/3444\/revisions"}],"predecessor-version":[{"id":3781,"href":"https:\/\/observatoriodesigualdades.fjp.mg.gov.br\/index.php?rest_route=\/wp\/v2\/posts\/3444\/revisions\/3781"}],"wp:featuredmedia":[{"embeddable":true,"href":"https:\/\/observatoriodesigualdades.fjp.mg.gov.br\/index.php?rest_route=\/wp\/v2\/media\/3448"}],"wp:attachment":[{"href":"https:\/\/observatoriodesigualdades.fjp.mg.gov.br\/index.php?rest_route=%2Fwp%2Fv2%2Fmedia&parent=3444"}],"wp:term":[{"taxonomy":"category","embeddable":true,"href":"https:\/\/observatoriodesigualdades.fjp.mg.gov.br\/index.php?rest_route=%2Fwp%2Fv2%2Fcategories&post=3444"},{"taxonomy":"post_tag","embeddable":true,"href":"https:\/\/observatoriodesigualdades.fjp.mg.gov.br\/index.php?rest_route=%2Fwp%2Fv2%2Ftags&post=3444"}],"curies":[{"name":"wp","href":"https:\/\/api.w.org\/{rel}","templated":true}]}}