{"id":3523,"date":"2024-03-01T16:20:02","date_gmt":"2024-03-01T16:20:02","guid":{"rendered":"https:\/\/observatoriodesigualdades.fjp.mg.gov.br\/?p=3523"},"modified":"2024-05-30T23:40:18","modified_gmt":"2024-05-30T23:40:18","slug":"as-desigualdades-sociais-refletidas-nas-questoes-ambientais","status":"publish","type":"post","link":"https:\/\/observatoriodesigualdades.fjp.mg.gov.br\/?p=3523","title":{"rendered":"As desigualdades sociais refletidas nas quest\u00f5es ambientais"},"content":{"rendered":"\t\t<div data-elementor-type=\"wp-post\" data-elementor-id=\"3523\" class=\"elementor elementor-3523\">\n\t\t\t\t\t\t<section class=\"elementor-section elementor-top-section elementor-element elementor-element-5fbbd07 elementor-section-boxed elementor-section-height-default elementor-section-height-default\" data-id=\"5fbbd07\" data-element_type=\"section\" data-e-type=\"section\">\n\t\t\t\t\t\t<div class=\"elementor-container elementor-column-gap-default\">\n\t\t\t\t\t<div class=\"elementor-column elementor-col-100 elementor-top-column elementor-element elementor-element-bd82eee\" data-id=\"bd82eee\" data-element_type=\"column\" data-e-type=\"column\">\n\t\t\t<div class=\"elementor-widget-wrap elementor-element-populated\">\n\t\t\t\t\t\t<div class=\"elementor-element elementor-element-83988bf elementor-widget elementor-widget-text-editor\" data-id=\"83988bf\" data-element_type=\"widget\" data-e-type=\"widget\" data-widget_type=\"text-editor.default\">\n\t\t\t\t<div class=\"elementor-widget-container\">\n\t\t\t\t\t\t\t\t\t<p><span style=\"font-weight: 400;\">As quest\u00f5es clim\u00e1ticas est\u00e3o no centro das discuss\u00f5es globais atualmente. Um ponto importante a ser considerado neste debate \u00e9 a grande desigualdade que as mudan\u00e7as clim\u00e1ticas envolvem, seja em suas causas, seja nas consequ\u00eancias.. De um lado, os mais ricos (pessoas e pa\u00edses) s\u00e3o os que mais contribuem para o aquecimento do planeta. De outro, \u00e9 sobre as mulheres, as pessoas negras, os povos ind\u00edgenas, as comunidades tradicionais que recaem os principais impactos dos desastres ambientais e das mudan\u00e7as do clima.\u00a0<\/span><\/p><p><span style=\"font-weight: 400;\">Al\u00e9m disto, os impactos das mudan\u00e7as clim\u00e1ticas n\u00e3o s\u00e3o apenas aqueles diretos. Por exemplo, o aumento do custo de vida &#8211; com o aumento do pre\u00e7o dos alimentos e de moradia &#8211; afeta com mais severidade os mais pobres, enquanto a renda dos mais ricos aumenta a cada dia.\u00a0<\/span><\/p><p>\u00a0<\/p><p><b>Mais ricos s\u00e3o mais respons\u00e1veis pelas emiss\u00f5es<\/b><\/p><p><span style=\"font-weight: 400;\">Quando se discute hoje o aquecimento do planeta, um determinante crucial \u00e9 a emiss\u00e3o de CO2, que ret\u00e9m o calor na atmosfera. Pois bem, a responsabilidade sobre a emiss\u00e3o est\u00e1 longe de ser igualit\u00e1ria. Como ilustra o gr\u00e1fico 1, os 10% mais ricos da popula\u00e7\u00e3o mundial s\u00e3o respons\u00e1veis por 50% de emiss\u00f5es de CO2, de acordo com o Relat\u00f3rio da Oxfam [1].\u00a0<\/span><\/p><p>\u00a0<\/p><p style=\"text-align: center;\"><b>Gr\u00e1fico 1 &#8211; Grupos de renda global e emiss\u00f5es de carbono associadas, 2019<\/b><\/p><p style=\"text-align: center;\"><img fetchpriority=\"high\" decoding=\"async\" class=\"aligncenter size-full wp-image-3524\" src=\"https:\/\/observatoriodesigualdades.fjp.mg.gov.br\/wp-content\/uploads\/2024\/03\/unnamed.png\" alt=\"\" width=\"512\" height=\"259\" srcset=\"https:\/\/observatoriodesigualdades.fjp.mg.gov.br\/wp-content\/uploads\/2024\/03\/unnamed.png 512w, https:\/\/observatoriodesigualdades.fjp.mg.gov.br\/wp-content\/uploads\/2024\/03\/unnamed-300x152.png 300w\" sizes=\"(max-width: 512px) 100vw, 512px\" \/><\/p><p style=\"text-align: center;\"><span style=\"font-weight: 400;\">Fonte: Oxfam<\/span><\/p><p>\u00a0<\/p><p><span style=\"font-weight: 400;\">De outro lado, se nos voltamos para empresas e n\u00e3o pessoas, encontramos o peso desproporcional dos investimentos em ind\u00fastrias altamente poluentes, nas ind\u00fastrias produtoras de combust\u00edveis f\u00f3sseis. A Oxfam mostra que 70% das emiss\u00f5es industriais de carbono desde 1998 prov\u00eam de apenas 100 produtores de petr\u00f3leo, carv\u00e3o e g\u00e1s [1].<\/span><\/p><p><span style=\"font-weight: 400;\">Os pa\u00edses mais ricos tamb\u00e9m s\u00e3o os maiores causadores da degrada\u00e7\u00e3o ambiental. Um estudo que analisou o uso de recursos naturais [2] mostra que os pa\u00edses de renda alta s\u00e3o respons\u00e1veis <\/span><span style=\"font-weight: 400;\">por 74% da utiliza\u00e7\u00e3o de recursos que excedem as quotas justas (apenas os Estados Unidos respondem por 27% do uso excessivo), mesmo representando somente 16% da popula\u00e7\u00e3o mundial.\u00a0<\/span><\/p><p>\u00a0<\/p><p><b>Mais pobres s\u00e3o mais afetados por desastres clim\u00e1ticos<\/b><\/p><p><span style=\"font-weight: 400;\">Quando se observam os impactos das mudan\u00e7as clim\u00e1ticas, por\u00e9m, o resultao \u00e9 o inverso. Existe uma enorme desigualdade na forma como estes efeitos s\u00e3o sentidos. <\/span><span style=\"font-weight: 400;\">A crise do clima vai atingir a todos, mas de forma diferente. Quase metade da popula\u00e7\u00e3o mundial se encontra em uma situa\u00e7\u00e3o de alta vulnerabilidade \u00e0s mudan\u00e7as clim\u00e1ticas, associadas a vari\u00e1veis como g\u00eanero, ra\u00e7a e renda [3].\u00a0<\/span><\/p><p><span style=\"font-weight: 400;\">Quando analisamos os efeitos das chuvas, por exemplo, os mais afetados s\u00e3o os moradores de \u00e1reas perif\u00e9ricas, que est\u00e3o sujeitos ao risco geol\u00f3gico e de inunda\u00e7\u00f5es. As secas tamb\u00e9m atingem de forma mais acentuada as regi\u00f5es de maior vulnerabilidade scocio-econ\u00f4mica. O relat\u00f3rio do IPCC [3] ressalta que entre 2010 a 2020 a mortalidade causada por enchentes, secas e tempestades foi 15 vezes maior nas regi\u00f5es mais vulner\u00e1veis do mundo.<\/span><\/p><p><span style=\"font-weight: 400;\">Um efeito das mudan\u00e7as clim\u00e1ticas que merece aten\u00e7\u00e3o est\u00e1 relacionado ao aumento da inseguran\u00e7a alimentar e h\u00eddrica. As frequentes altera\u00e7\u00f5es do clima, com chuvas e secas extremas t\u00eam prejudicado a produ\u00e7\u00e3o de alimentos, principalmente na agricultura familiar, que corresponde <\/span><span style=\"font-weight: 400;\">a grande parte dos alimentos que chegam \u00e0 mesa dos brasileiros. Como consequ\u00eancia, o aumento dos pre\u00e7os tem diminu\u00eddo o poder de compra das fam\u00edlias mais pobres.<\/span><\/p><p><span style=\"font-weight: 400;\">Um relat\u00f3rio do F\u00f3rum Humanit\u00e1rio Global [4] tamb\u00e9m mostra o impacto maior nos pa\u00edses do Sul Global. <\/span><span style=\"font-weight: 400;\">As altera\u00e7\u00f5es clim\u00e1ticas deixam mais de 300 mil pessoas mortas anualmente em todo o planeta, sendo que 99% delas nos pa\u00edses em desenvolvimento. <\/span><span style=\"font-weight: 400;\">A crise clim\u00e1tica gera um preju\u00edzo de 125 bilh\u00f5es de d\u00f3lares por ano no mundo todo, mas 90% dessas perdas est\u00e3o no Sul Global, de acordo com o estudo.\u00a0<\/span><\/p><p>\u00a0<\/p><p><b>Por uma justi\u00e7a clim\u00e1tica<\/b><\/p><p><span style=\"font-weight: 400;\">O enfrentamento \u00e0s mudan\u00e7as clim\u00e1ticas, ao que se v\u00ea, n\u00e3o \u00e9 simples, mas exige atitudes concretas e urgentes, que passam muito pelas redu\u00e7\u00f5es das desigualdades s\u00f3cio-econ\u00f4micas. De um lado, uma tributa\u00e7\u00e3o adequada sobre os super-ricos e a redistribui\u00e7\u00e3o de renda podem ser respons\u00e1veis pela promo\u00e7\u00e3o de investimentos mais verdes e pela redu\u00e7\u00e3o das emiss\u00f5es. De outro, o aumento da renda de fam\u00edlias mais vulner\u00e1veis colaboraria para o enfrentamento dos efeitos cotidianos das mudan\u00e7as clim\u00e1ticas.<\/span><\/p><p><span style=\"font-weight: 400;\">A transi\u00e7\u00e3o energ\u00e9tica tamb\u00e9m \u00e9 um norte importante e de grande responsabilidade dos pa\u00edses mais ricos, que t\u00eam maior capacidade e responsabilidade, mas n\u00e3o cumprem suas metas de redu\u00e7\u00e3o de emiss\u00f5es. Deve-se compensar tamb\u00e9m a baixa capacidade dos pa\u00edses sub-desenvolvidos na transi\u00e7\u00e3o e para atender \u00e0s necessidades de desenvolvimento, incluindo a falta de acesso \u00e0 energia.<\/span><\/p><p>\u00a0<\/p><p>Autores: Alexandre Henrique, sob a orienta\u00e7\u00e3o do professor Bruno Lazzarotti<\/p><p>\u00a0<\/p><p>*O Observat\u00f3rio das Desigualdades \u00e9 um projeto de extens\u00e3o. O conte\u00fado e as opini\u00f5es expressas n\u00e3o refletem necessariamente o posicionamento da Funda\u00e7\u00e3o Jo\u00e3o Pinheiro ou do CORECON \u2013 MG<\/p><p>\u00a0<\/p><p><strong>Refer\u00eancias<\/strong><\/p><p><span style=\"font-weight: 400;\">[1] <\/span><a href=\"https:\/\/www.oxfam.org.br\/justica-climatica-e-amazonia\/igualdade-climatica-um-planeta-para-os-99\/\"><span style=\"font-weight: 400;\">https:\/\/www.oxfam.org.br\/justica-climatica-e-amazonia\/igualdade-climatica-um-planeta-para-os-99\/<\/span><\/a><\/p><p><span style=\"font-weight: 400;\">[2] <\/span><a href=\"https:\/\/www.thelancet.com\/journals\/lanplh\/article\/PIIS2542-5196(22)00044-4\/fulltext\"><span style=\"font-weight: 400;\">https:\/\/www.thelancet.com\/journals\/lanplh\/article\/PIIS2542-5196(22)00044-4\/fulltext<\/span><\/a><\/p><p><span style=\"font-weight: 400;\">[3] <\/span><a href=\"https:\/\/www.ipcc.ch\/report\/ar6\/wg2\/downloads\/report\/IPCC_AR6_WGII_TechnicalSummary.pdf\"><span style=\"font-weight: 400;\">https:\/\/www.ipcc.ch\/report\/ar6\/wg2\/downloads\/report\/IPCC_AR6_WGII_TechnicalSummary.pdf<\/span><\/a><\/p><p><span style=\"font-weight: 400;\">[4] <\/span><a href=\"https:\/\/www.ghf-ge.org\/human-impact-report.pdf\"><span style=\"font-weight: 400;\">https:\/\/www.ghf-ge.org\/human-impact-report.pdf<\/span><\/a><\/p>\t\t\t\t\t\t\t\t<\/div>\n\t\t\t\t<\/div>\n\t\t\t\t\t<\/div>\n\t\t<\/div>\n\t\t\t\t\t<\/div>\n\t\t<\/section>\n\t\t\t\t<\/div>\n\t\t","protected":false},"excerpt":{"rendered":"<p>As quest\u00f5es clim\u00e1ticas est\u00e3o no centro das discuss\u00f5es globais atualmente. Um ponto importante a ser considerado neste debate \u00e9 a grande desigualdade que as mudan\u00e7as clim\u00e1ticas envolvem, seja em suas causas, seja nas consequ\u00eancias.. De um lado, os mais ricos (pessoas e pa\u00edses) s\u00e3o os que mais contribuem para o aquecimento do planeta. De outro, [&hellip;]<\/p>\n","protected":false},"author":2,"featured_media":3524,"comment_status":"open","ping_status":"open","sticky":false,"template":"","format":"standard","meta":{"ocean_post_layout":"","ocean_both_sidebars_style":"","ocean_both_sidebars_content_width":0,"ocean_both_sidebars_sidebars_width":0,"ocean_sidebar":"0","ocean_second_sidebar":"0","ocean_disable_margins":"enable","ocean_add_body_class":"","ocean_shortcode_before_top_bar":"","ocean_shortcode_after_top_bar":"","ocean_shortcode_before_header":"","ocean_shortcode_after_header":"","ocean_has_shortcode":"","ocean_shortcode_after_title":"","ocean_shortcode_before_footer_widgets":"","ocean_shortcode_after_footer_widgets":"","ocean_shortcode_before_footer_bottom":"","ocean_shortcode_after_footer_bottom":"","ocean_display_top_bar":"default","ocean_display_header":"default","ocean_header_style":"","ocean_center_header_left_menu":"0","ocean_custom_header_template":"0","ocean_custom_logo":0,"ocean_custom_retina_logo":0,"ocean_custom_logo_max_width":0,"ocean_custom_logo_tablet_max_width":0,"ocean_custom_logo_mobile_max_width":0,"ocean_custom_logo_max_height":0,"ocean_custom_logo_tablet_max_height":0,"ocean_custom_logo_mobile_max_height":0,"ocean_header_custom_menu":"0","ocean_menu_typo_font_family":"0","ocean_menu_typo_font_subset":"","ocean_menu_typo_font_size":0,"ocean_menu_typo_font_size_tablet":0,"ocean_menu_typo_font_size_mobile":0,"ocean_menu_typo_font_size_unit":"px","ocean_menu_typo_font_weight":"","ocean_menu_typo_font_weight_tablet":"","ocean_menu_typo_font_weight_mobile":"","ocean_menu_typo_transform":"","ocean_menu_typo_transform_tablet":"","ocean_menu_typo_transform_mobile":"","ocean_menu_typo_line_height":0,"ocean_menu_typo_line_height_tablet":0,"ocean_menu_typo_line_height_mobile":0,"ocean_menu_typo_line_height_unit":"","ocean_menu_typo_spacing":0,"ocean_menu_typo_spacing_tablet":0,"ocean_menu_typo_spacing_mobile":0,"ocean_menu_typo_spacing_unit":"","ocean_menu_link_color":"","ocean_menu_link_color_hover":"","ocean_menu_link_color_active":"","ocean_menu_link_background":"","ocean_menu_link_hover_background":"","ocean_menu_link_active_background":"","ocean_menu_social_links_bg":"","ocean_menu_social_hover_links_bg":"","ocean_menu_social_links_color":"","ocean_menu_social_hover_links_color":"","ocean_disable_title":"default","ocean_disable_heading":"default","ocean_post_title":"","ocean_post_subheading":"","ocean_post_title_style":"","ocean_post_title_background_color":"","ocean_post_title_background":0,"ocean_post_title_bg_image_position":"","ocean_post_title_bg_image_attachment":"","ocean_post_title_bg_image_repeat":"","ocean_post_title_bg_image_size":"","ocean_post_title_height":0,"ocean_post_title_bg_overlay":0.5,"ocean_post_title_bg_overlay_color":"","ocean_disable_breadcrumbs":"default","ocean_breadcrumbs_color":"","ocean_breadcrumbs_separator_color":"","ocean_breadcrumbs_links_color":"","ocean_breadcrumbs_links_hover_color":"","ocean_display_footer_widgets":"default","ocean_display_footer_bottom":"default","ocean_custom_footer_template":"0","ocean_post_oembed":"","ocean_post_self_hosted_media":"","ocean_post_video_embed":"","ocean_link_format":"","ocean_link_format_target":"self","ocean_quote_format":"","ocean_quote_format_link":"post","ocean_gallery_link_images":"on","ocean_gallery_id":[],"footnotes":""},"categories":[73],"tags":[20],"class_list":["post-3523","post","type-post","status-publish","format-standard","has-post-thumbnail","hentry","category-justica-ambiental-e-climatica","tag-renda","entry","has-media"],"_links":{"self":[{"href":"https:\/\/observatoriodesigualdades.fjp.mg.gov.br\/index.php?rest_route=\/wp\/v2\/posts\/3523","targetHints":{"allow":["GET"]}}],"collection":[{"href":"https:\/\/observatoriodesigualdades.fjp.mg.gov.br\/index.php?rest_route=\/wp\/v2\/posts"}],"about":[{"href":"https:\/\/observatoriodesigualdades.fjp.mg.gov.br\/index.php?rest_route=\/wp\/v2\/types\/post"}],"author":[{"embeddable":true,"href":"https:\/\/observatoriodesigualdades.fjp.mg.gov.br\/index.php?rest_route=\/wp\/v2\/users\/2"}],"replies":[{"embeddable":true,"href":"https:\/\/observatoriodesigualdades.fjp.mg.gov.br\/index.php?rest_route=%2Fwp%2Fv2%2Fcomments&post=3523"}],"version-history":[{"count":4,"href":"https:\/\/observatoriodesigualdades.fjp.mg.gov.br\/index.php?rest_route=\/wp\/v2\/posts\/3523\/revisions"}],"predecessor-version":[{"id":3783,"href":"https:\/\/observatoriodesigualdades.fjp.mg.gov.br\/index.php?rest_route=\/wp\/v2\/posts\/3523\/revisions\/3783"}],"wp:featuredmedia":[{"embeddable":true,"href":"https:\/\/observatoriodesigualdades.fjp.mg.gov.br\/index.php?rest_route=\/wp\/v2\/media\/3524"}],"wp:attachment":[{"href":"https:\/\/observatoriodesigualdades.fjp.mg.gov.br\/index.php?rest_route=%2Fwp%2Fv2%2Fmedia&parent=3523"}],"wp:term":[{"taxonomy":"category","embeddable":true,"href":"https:\/\/observatoriodesigualdades.fjp.mg.gov.br\/index.php?rest_route=%2Fwp%2Fv2%2Fcategories&post=3523"},{"taxonomy":"post_tag","embeddable":true,"href":"https:\/\/observatoriodesigualdades.fjp.mg.gov.br\/index.php?rest_route=%2Fwp%2Fv2%2Ftags&post=3523"}],"curies":[{"name":"wp","href":"https:\/\/api.w.org\/{rel}","templated":true}]}}