{"id":3615,"date":"2024-04-22T17:07:47","date_gmt":"2024-04-22T17:07:47","guid":{"rendered":"https:\/\/observatoriodesigualdades.fjp.mg.gov.br\/?p=3615"},"modified":"2024-05-31T00:02:16","modified_gmt":"2024-05-31T00:02:16","slug":"trajetorias-desiguais-compreendendo-as-disparidades-educacionais-a-partir-do-censo-escolar-de-2023","status":"publish","type":"post","link":"https:\/\/observatoriodesigualdades.fjp.mg.gov.br\/?p=3615","title":{"rendered":"Trajet\u00f3rias Desiguais: compreendendo as disparidades educacionais a partir do Censo Escolar de 2023"},"content":{"rendered":"<p><span style=\"font-weight: 400;\">O Censo Escolar \u00e9 um instrumento de coleta de informa\u00e7\u00f5es sobre a educa\u00e7\u00e3o b\u00e1sica que abrange ensino regular, ensino especial, educa\u00e7\u00e3o de jovens e adultos e educa\u00e7\u00e3o profissional e tecnol\u00f3gica. \u00c9 um documento extremamente importante porque com tais informa\u00e7\u00f5es \u00e9 poss\u00edvel formular e reformular pol\u00edticas p\u00fablicas educacionais e, tendo isso em vista, \u00e9 n\u00edtida a pertin\u00eancia de se analisar o Censo Escolar 2023.\u00a0<\/span><\/p>\n<p><b>A educa\u00e7\u00e3o especial e a inclus\u00e3o de pessoas com defici\u00eancias (PCD\u2019s)<\/b><\/p>\n<p><span style=\"font-weight: 400;\">Felizmente, nota-se um aumento da inclus\u00e3o de pessoas com defici\u00eancia em classes para pessoas sem defici\u00eancia (Gr\u00e1fico 1). Croch\u00edk (2011, p.7) ressalta que:\u00a0<\/span><\/p>\n<p><span style=\"font-weight: 400;\">\u201cA luta contra os manic\u00f4mios, contra as escolas especiais e contra as classes especiais tenta evitar a segrega\u00e7\u00e3o espacial e promover a conviv\u00eancia; diminuiu a segrega\u00e7\u00e3o f\u00edsica com a esperan\u00e7a de que a conviv\u00eancia entre a popula\u00e7\u00e3o e aqueles que eram segregados pudesse demolir os tabus, os preconceitos. De fato, h\u00e1 estudos que testam a hip\u00f3tese do contato (ver CROCH\u00cdK, 2000). (&#8230;) Alguns estudos indicam que de fato isso ocorre, outros n\u00e3o.\u201d.\u00a0<\/span><\/p>\n<p><span style=\"font-weight: 400;\">\u00a0A \u201chip\u00f3tese do contato\u201d afirma que o contato entre pessoas preconceituosas e aquelas que s\u00e3o alvo do preconceito \u00e9 uma forma de reduzir o problema em quest\u00e3o, no entanto, isso n\u00e3o \u00e9 suficiente. S\u00e3o necess\u00e1rias, segundo Croch\u00edk (2011) \u201ccondi\u00e7\u00f5es favor\u00e1veis\u201d. Assim, o fato de o n\u00famero de alunos com defici\u00eancia fora de classes espec\u00edficas para esse p\u00fablico ter aumentado n\u00e3o significa, necessariamente, maior inclus\u00e3o desse, apesar de ser um primeiro passo significativo. N\u00e3o obstante, h\u00e1 um n\u00famero baixo de docentes com defici\u00eancia, o que demonstra que esse contato atualmente se d\u00e1 muito mais entre alunos do que entre alunos e docentes (Gr\u00e1fico 2).<\/span><\/p>\n<p><span style=\"font-weight: 400;\">Gr\u00e1fico 1: Percentual de alunos PCDs que est\u00e3o inclu\u00eddos em classes comuns segundo a etapa de ensino (2019-2023)<\/span><\/p>\n<p><img fetchpriority=\"high\" decoding=\"async\" class=\"aligncenter wp-image-3617\" src=\"https:\/\/observatoriodesigualdades.fjp.mg.gov.br\/wp-content\/uploads\/2024\/04\/1.jpg\" alt=\"\" width=\"629\" height=\"354\" srcset=\"https:\/\/observatoriodesigualdades.fjp.mg.gov.br\/wp-content\/uploads\/2024\/04\/1.jpg 1920w, https:\/\/observatoriodesigualdades.fjp.mg.gov.br\/wp-content\/uploads\/2024\/04\/1-300x169.jpg 300w, https:\/\/observatoriodesigualdades.fjp.mg.gov.br\/wp-content\/uploads\/2024\/04\/1-1024x576.jpg 1024w, https:\/\/observatoriodesigualdades.fjp.mg.gov.br\/wp-content\/uploads\/2024\/04\/1-768x432.jpg 768w, https:\/\/observatoriodesigualdades.fjp.mg.gov.br\/wp-content\/uploads\/2024\/04\/1-1536x864.jpg 1536w, https:\/\/observatoriodesigualdades.fjp.mg.gov.br\/wp-content\/uploads\/2024\/04\/1-800x450.jpg 800w\" sizes=\"(max-width: 629px) 100vw, 629px\" \/><\/p>\n<p><span style=\"font-weight: 400;\">Fonte: Elaborado pela Deed\/Inep com base nos dados do Censo Escolar da Educa\u00e7\u00e3o B\u00e1sica<\/span><\/p>\n<p><span style=\"font-weight: 400;\">Gr\u00e1fico 2: Percentual de docentes com defici\u00eancia na educa\u00e7\u00e3o b\u00e1sica (2023)<\/span><\/p>\n<p><img decoding=\"async\" class=\"aligncenter wp-image-3618\" src=\"https:\/\/observatoriodesigualdades.fjp.mg.gov.br\/wp-content\/uploads\/2024\/04\/2.jpg\" alt=\"\" width=\"541\" height=\"304\" srcset=\"https:\/\/observatoriodesigualdades.fjp.mg.gov.br\/wp-content\/uploads\/2024\/04\/2.jpg 1920w, https:\/\/observatoriodesigualdades.fjp.mg.gov.br\/wp-content\/uploads\/2024\/04\/2-300x169.jpg 300w, https:\/\/observatoriodesigualdades.fjp.mg.gov.br\/wp-content\/uploads\/2024\/04\/2-1024x576.jpg 1024w, https:\/\/observatoriodesigualdades.fjp.mg.gov.br\/wp-content\/uploads\/2024\/04\/2-768x432.jpg 768w, https:\/\/observatoriodesigualdades.fjp.mg.gov.br\/wp-content\/uploads\/2024\/04\/2-1536x864.jpg 1536w, https:\/\/observatoriodesigualdades.fjp.mg.gov.br\/wp-content\/uploads\/2024\/04\/2-800x450.jpg 800w\" sizes=\"(max-width: 541px) 100vw, 541px\" \/><\/p>\n<p><span style=\"font-weight: 400;\">Fonte: Painel de Resultados do Censo da Educa\u00e7\u00e3o (2023)<\/span><\/p>\n<p><span style=\"font-weight: 400;\">\u00a0<\/span> <b>Infraestrutura: problem\u00e1tica para todos, pior para alguns<\/b><\/p>\n<p><span style=\"font-weight: 400;\">Em adi\u00e7\u00e3o, \u00e9 poss\u00edvel pontuar uma falta de infraestrutura geral (Gr\u00e1fico 3) &#8211; notavelmente para escolas municipais e estaduais &#8211; que podem afetar n\u00e3o s\u00f3 estudantes PCDs, mas os alunos no geral em termos de aprendizado e mesmo de agradabilidade do ambiente escolar. \u00c9 dif\u00edcil que um grupo de pessoas seja realmente inclu\u00eddo em um ambiente n\u00e3o tem o b\u00e1sico para possibilitar sua presen\u00e7a.\u00a0<\/span><\/p>\n<p><span style=\"font-weight: 400;\">Gr\u00e1fico 3: Recursos relacionados a tecnologia e a infraestrutura no ensino infantil (2023)<\/span><\/p>\n<p><img decoding=\"async\" class=\"aligncenter wp-image-3619\" src=\"https:\/\/observatoriodesigualdades.fjp.mg.gov.br\/wp-content\/uploads\/2024\/04\/3.jpg\" alt=\"\" width=\"498\" height=\"280\" srcset=\"https:\/\/observatoriodesigualdades.fjp.mg.gov.br\/wp-content\/uploads\/2024\/04\/3.jpg 1920w, https:\/\/observatoriodesigualdades.fjp.mg.gov.br\/wp-content\/uploads\/2024\/04\/3-300x169.jpg 300w, https:\/\/observatoriodesigualdades.fjp.mg.gov.br\/wp-content\/uploads\/2024\/04\/3-1024x576.jpg 1024w, https:\/\/observatoriodesigualdades.fjp.mg.gov.br\/wp-content\/uploads\/2024\/04\/3-768x432.jpg 768w, https:\/\/observatoriodesigualdades.fjp.mg.gov.br\/wp-content\/uploads\/2024\/04\/3-1536x864.jpg 1536w, https:\/\/observatoriodesigualdades.fjp.mg.gov.br\/wp-content\/uploads\/2024\/04\/3-800x450.jpg 800w\" sizes=\"(max-width: 498px) 100vw, 498px\" \/><\/p>\n<p><span style=\"font-weight: 400;\">Fonte: Elaborado pela Deed\/Inep com base nos dados do Censo Escolar da Educa\u00e7\u00e3o B\u00e1sica<\/span><\/p>\n<p><b>Escolas ind\u00edgenas e quilombolas: infraestrutura prec\u00e1ria<\/b><\/p>\n<p><span style=\"font-weight: 400;\">O racismo \u00e9 uma das estruturas mais basilares da sociedade brasileira, tais como demonstram Caio Prado Jr, L\u00e9lia Gonzalez, Florestan Fernandes, Ailton Krenak e tantas outras te\u00f3ricas e te\u00f3ricos. No t\u00f3pico da infraestrutura, \u00e9 percept\u00edvel a diferen\u00e7a existente entre as escolas \u201ccomuns\u201d e as escolas em comunidades ind\u00edgenas e quilombolas, conforme se observa nos gr\u00e1ficos abaixo (Gr\u00e1ficos 4, 5, 6).\u00a0<\/span><\/p>\n<p><span style=\"font-weight: 400;\">Gr\u00e1fico 4: Infraestrutura e recursos por etapa de ensino (2023)<\/span><\/p>\n<p><img loading=\"lazy\" decoding=\"async\" class=\"aligncenter wp-image-3620\" src=\"https:\/\/observatoriodesigualdades.fjp.mg.gov.br\/wp-content\/uploads\/2024\/04\/4.jpg\" alt=\"\" width=\"510\" height=\"287\" srcset=\"https:\/\/observatoriodesigualdades.fjp.mg.gov.br\/wp-content\/uploads\/2024\/04\/4.jpg 1920w, https:\/\/observatoriodesigualdades.fjp.mg.gov.br\/wp-content\/uploads\/2024\/04\/4-300x169.jpg 300w, https:\/\/observatoriodesigualdades.fjp.mg.gov.br\/wp-content\/uploads\/2024\/04\/4-1024x576.jpg 1024w, https:\/\/observatoriodesigualdades.fjp.mg.gov.br\/wp-content\/uploads\/2024\/04\/4-768x432.jpg 768w, https:\/\/observatoriodesigualdades.fjp.mg.gov.br\/wp-content\/uploads\/2024\/04\/4-1536x864.jpg 1536w, https:\/\/observatoriodesigualdades.fjp.mg.gov.br\/wp-content\/uploads\/2024\/04\/4-800x450.jpg 800w\" sizes=\"(max-width: 510px) 100vw, 510px\" \/><\/p>\n<p><span style=\"font-weight: 400;\">Fonte: Painel de Resultados do Censo da Educa\u00e7\u00e3o (2023)<\/span><\/p>\n<p><span style=\"font-weight: 400;\">Gr\u00e1fico 5: Infraestrutura e recursos por etapa de ensino em escolas com educa\u00e7\u00e3o ind\u00edgena (2023)<\/span><\/p>\n<p><img loading=\"lazy\" decoding=\"async\" class=\"aligncenter wp-image-3621\" src=\"https:\/\/observatoriodesigualdades.fjp.mg.gov.br\/wp-content\/uploads\/2024\/04\/5.jpg\" alt=\"\" width=\"536\" height=\"301\" srcset=\"https:\/\/observatoriodesigualdades.fjp.mg.gov.br\/wp-content\/uploads\/2024\/04\/5.jpg 1920w, https:\/\/observatoriodesigualdades.fjp.mg.gov.br\/wp-content\/uploads\/2024\/04\/5-300x169.jpg 300w, https:\/\/observatoriodesigualdades.fjp.mg.gov.br\/wp-content\/uploads\/2024\/04\/5-1024x576.jpg 1024w, https:\/\/observatoriodesigualdades.fjp.mg.gov.br\/wp-content\/uploads\/2024\/04\/5-768x432.jpg 768w, https:\/\/observatoriodesigualdades.fjp.mg.gov.br\/wp-content\/uploads\/2024\/04\/5-1536x864.jpg 1536w, https:\/\/observatoriodesigualdades.fjp.mg.gov.br\/wp-content\/uploads\/2024\/04\/5-800x450.jpg 800w\" sizes=\"(max-width: 536px) 100vw, 536px\" \/><\/p>\n<p><span style=\"font-weight: 400;\">Fonte: Painel de Resultados do Censo da Educa\u00e7\u00e3o (2023)<\/span><\/p>\n<p><span style=\"font-weight: 400;\">Gr\u00e1fico 6: Infraestrutura e recursos por etapa de ensino em escolas quilombolas (2023)<\/span><\/p>\n<p><img loading=\"lazy\" decoding=\"async\" class=\"aligncenter wp-image-3622\" src=\"https:\/\/observatoriodesigualdades.fjp.mg.gov.br\/wp-content\/uploads\/2024\/04\/6.jpg\" alt=\"\" width=\"521\" height=\"293\" srcset=\"https:\/\/observatoriodesigualdades.fjp.mg.gov.br\/wp-content\/uploads\/2024\/04\/6.jpg 1920w, https:\/\/observatoriodesigualdades.fjp.mg.gov.br\/wp-content\/uploads\/2024\/04\/6-300x169.jpg 300w, https:\/\/observatoriodesigualdades.fjp.mg.gov.br\/wp-content\/uploads\/2024\/04\/6-1024x576.jpg 1024w, https:\/\/observatoriodesigualdades.fjp.mg.gov.br\/wp-content\/uploads\/2024\/04\/6-768x432.jpg 768w, https:\/\/observatoriodesigualdades.fjp.mg.gov.br\/wp-content\/uploads\/2024\/04\/6-1536x864.jpg 1536w, https:\/\/observatoriodesigualdades.fjp.mg.gov.br\/wp-content\/uploads\/2024\/04\/6-800x450.jpg 800w\" sizes=\"(max-width: 521px) 100vw, 521px\" \/><\/p>\n<p><span style=\"font-weight: 400;\">Fonte: Painel de Resultados do Censo da Educa\u00e7\u00e3o (2023)<\/span><\/p>\n<p><span style=\"font-weight: 400;\">Seria poss\u00edvel argumentar que essas diferen\u00e7as podem ser explicadas por quest\u00f5es culturais, no entanto, se trata de uma informa\u00e7\u00e3o falaciosa. A partir do Censo Escolar de 2022, o jornal M\u00e9tropoles averiguou que:\u00a0<\/span><\/p>\n<p><span style=\"font-weight: 400;\">(&#8230;) cerca de 30% das institui\u00e7\u00f5es de ensino que oferecem educa\u00e7\u00e3o escolar ind\u00edgena funcionam sem acesso \u00e0 energia el\u00e9trica. Mais de 46% n\u00e3o contam com esgoto, e cerca de 9% funcionam sem abastecimento de \u00e1gua. Apenas 33,7% desses centros de ensino t\u00eam acesso \u00e0 internet. (&#8230;) De acordo com dossi\u00ea da Organiza\u00e7\u00e3o de Professores Ind\u00edgenas do Munic\u00edpio de Oiapoque (Opimo), a que a reportagem teve acesso, falta at\u00e9 mesmo o b\u00e1sico de infraestrutura. (&#8230;) Al\u00e9m das demandas por energia el\u00e9trica e melhoras no abastecimento de \u00e1gua, as escolas das terras ind\u00edgenas<\/span> <span style=\"font-weight: 400;\">Ua\u00e7\u00e1, Jumin\u00e1 e Galibi, no Oiapoque, demandam transporte fluvial, material escolar e de limpeza. As dificuldades se estendem ao armazenamento de alimentos para merenda e ao acesso \u00e0 internet. (Salom\u00e3o, 2023)<\/span><\/p>\n<p><span style=\"font-weight: 400;\">\u00a0Destarte, a falta de infraestrutura \u00e9 um problema recorrente e relevante que merece a devida aten\u00e7\u00e3o do Poder P\u00fablico.<\/span><\/p>\n<p><b>Juntos, mas ainda separados\u2026 o racismo se manifestando na educa\u00e7\u00e3o brasileira<\/b><\/p>\n<p><span style=\"font-weight: 400;\">Retornando ao t\u00f3pico da teoria do contato e pensando que o contato com docentes tamb\u00e9m importa, \u00e9 preocupante que exista uma diferen\u00e7a entre o n\u00famero de docentes negros e brancos que n\u00e3o \u00e9 proporcional ao tamanho dessas popula\u00e7\u00f5es (Gr\u00e1fico 7)\u00a0 &#8211; 55,5% dos brasileiros s\u00e3o pretos e pardos e 43,5% brancos. (Benevides, Medeiros, 2023).<\/span><\/p>\n<p><span style=\"font-weight: 400;\">Gr\u00e1fico 7: Percentual de docentes da educa\u00e7\u00e3o b\u00e1sica por cor\/ra\u00e7a (2023)<\/span><\/p>\n<p><img loading=\"lazy\" decoding=\"async\" class=\"aligncenter wp-image-3623\" src=\"https:\/\/observatoriodesigualdades.fjp.mg.gov.br\/wp-content\/uploads\/2024\/04\/7.jpg\" alt=\"\" width=\"483\" height=\"272\" srcset=\"https:\/\/observatoriodesigualdades.fjp.mg.gov.br\/wp-content\/uploads\/2024\/04\/7.jpg 1920w, https:\/\/observatoriodesigualdades.fjp.mg.gov.br\/wp-content\/uploads\/2024\/04\/7-300x169.jpg 300w, https:\/\/observatoriodesigualdades.fjp.mg.gov.br\/wp-content\/uploads\/2024\/04\/7-1024x576.jpg 1024w, https:\/\/observatoriodesigualdades.fjp.mg.gov.br\/wp-content\/uploads\/2024\/04\/7-768x432.jpg 768w, https:\/\/observatoriodesigualdades.fjp.mg.gov.br\/wp-content\/uploads\/2024\/04\/7-1536x864.jpg 1536w, https:\/\/observatoriodesigualdades.fjp.mg.gov.br\/wp-content\/uploads\/2024\/04\/7-800x450.jpg 800w\" sizes=\"(max-width: 483px) 100vw, 483px\" \/><\/p>\n<p><span style=\"font-weight: 400;\">Fonte: Painel de Resultados do Censo da Educa\u00e7\u00e3o (2023)<\/span><\/p>\n<p><span style=\"font-weight: 400;\">Em adi\u00e7\u00e3o, os dados demonstram que comunidades n\u00e3o-brancas s\u00e3o mais afetadas por problemas como abandono escolar (Imagens 1, 2 e 3); tal\u00a0 \u00e9 problem\u00e1tico considerando o importante papel socializador da educa\u00e7\u00e3o e as oportunidades que essa pode gerar tanto para o desenvolvimento profissional como para o desenvolvimento pessoal.<\/span><\/p>\n<p><span style=\"font-weight: 400;\">Imagem 1: Gr\u00e1ficos sobre abandono escolar nos anos iniciais do ensino fundamental<\/span><\/p>\n<p><img loading=\"lazy\" decoding=\"async\" class=\"aligncenter wp-image-3624\" src=\"https:\/\/observatoriodesigualdades.fjp.mg.gov.br\/wp-content\/uploads\/2024\/04\/8.jpg\" alt=\"\" width=\"612\" height=\"344\" srcset=\"https:\/\/observatoriodesigualdades.fjp.mg.gov.br\/wp-content\/uploads\/2024\/04\/8.jpg 1920w, https:\/\/observatoriodesigualdades.fjp.mg.gov.br\/wp-content\/uploads\/2024\/04\/8-300x169.jpg 300w, https:\/\/observatoriodesigualdades.fjp.mg.gov.br\/wp-content\/uploads\/2024\/04\/8-1024x576.jpg 1024w, https:\/\/observatoriodesigualdades.fjp.mg.gov.br\/wp-content\/uploads\/2024\/04\/8-768x432.jpg 768w, https:\/\/observatoriodesigualdades.fjp.mg.gov.br\/wp-content\/uploads\/2024\/04\/8-1536x864.jpg 1536w, https:\/\/observatoriodesigualdades.fjp.mg.gov.br\/wp-content\/uploads\/2024\/04\/8-800x450.jpg 800w\" sizes=\"(max-width: 612px) 100vw, 612px\" \/><\/p>\n<p><span style=\"font-weight: 400;\">Fonte: Painel de Resultados do Censo da Educa\u00e7\u00e3o (2023)<\/span><\/p>\n<p><span style=\"font-weight: 400;\">Imagem 2: Gr\u00e1ficos sobre abandono escolar nos anos finais do ensino fundamental<\/span><\/p>\n<p><img loading=\"lazy\" decoding=\"async\" class=\"aligncenter wp-image-3625\" src=\"https:\/\/observatoriodesigualdades.fjp.mg.gov.br\/wp-content\/uploads\/2024\/04\/9.jpg\" alt=\"\" width=\"503\" height=\"283\" srcset=\"https:\/\/observatoriodesigualdades.fjp.mg.gov.br\/wp-content\/uploads\/2024\/04\/9.jpg 1920w, https:\/\/observatoriodesigualdades.fjp.mg.gov.br\/wp-content\/uploads\/2024\/04\/9-300x169.jpg 300w, https:\/\/observatoriodesigualdades.fjp.mg.gov.br\/wp-content\/uploads\/2024\/04\/9-1024x576.jpg 1024w, https:\/\/observatoriodesigualdades.fjp.mg.gov.br\/wp-content\/uploads\/2024\/04\/9-768x432.jpg 768w, https:\/\/observatoriodesigualdades.fjp.mg.gov.br\/wp-content\/uploads\/2024\/04\/9-1536x864.jpg 1536w, https:\/\/observatoriodesigualdades.fjp.mg.gov.br\/wp-content\/uploads\/2024\/04\/9-800x450.jpg 800w\" sizes=\"(max-width: 503px) 100vw, 503px\" \/><\/p>\n<p><span style=\"font-weight: 400;\">Fonte: Painel de Resultados do Censo da Educa\u00e7\u00e3o (2023)<\/span><\/p>\n<p><span style=\"font-weight: 400;\">Imagem 3: Gr\u00e1ficos sobre abandono escolar no ensino m\u00e9dio<\/span><\/p>\n<p><img loading=\"lazy\" decoding=\"async\" class=\"aligncenter wp-image-3626\" src=\"https:\/\/observatoriodesigualdades.fjp.mg.gov.br\/wp-content\/uploads\/2024\/04\/10.jpg\" alt=\"\" width=\"542\" height=\"305\" srcset=\"https:\/\/observatoriodesigualdades.fjp.mg.gov.br\/wp-content\/uploads\/2024\/04\/10.jpg 1920w, https:\/\/observatoriodesigualdades.fjp.mg.gov.br\/wp-content\/uploads\/2024\/04\/10-300x169.jpg 300w, https:\/\/observatoriodesigualdades.fjp.mg.gov.br\/wp-content\/uploads\/2024\/04\/10-1024x576.jpg 1024w, https:\/\/observatoriodesigualdades.fjp.mg.gov.br\/wp-content\/uploads\/2024\/04\/10-768x432.jpg 768w, https:\/\/observatoriodesigualdades.fjp.mg.gov.br\/wp-content\/uploads\/2024\/04\/10-1536x864.jpg 1536w, https:\/\/observatoriodesigualdades.fjp.mg.gov.br\/wp-content\/uploads\/2024\/04\/10-800x450.jpg 800w\" sizes=\"(max-width: 542px) 100vw, 542px\" \/><\/p>\n<p><span style=\"font-weight: 400;\">Fonte: Painel de Resultados do Censo da Educa\u00e7\u00e3o (2023)<\/span><\/p>\n<p><span style=\"font-weight: 400;\">Enfim, a educa\u00e7\u00e3o brasileira ainda \u00e9 uma forma de reprodu\u00e7\u00e3o de preconceitos e desigualdades, seja por sua estrutura ou por seu conte\u00fado. A produ\u00e7\u00e3o de dados como os do Censo Escolar s\u00e3o importantes para medir e constatar a presen\u00e7a de tais preconceitos e desigualdades que se estendem muito al\u00e9m do que os que foram apresentados nesse texto, afinal, trata-se apenas de um recorte. \u00c9 vital que o Poder P\u00fablico, por meio de dados como os citados, busque mudar a realidade atual, fazendo da educa\u00e7\u00e3o cada vez mais igualit\u00e1ria e inclusiva.\u00a0<\/span><\/p>\n<p>&nbsp;<\/p>\n<p><span style=\"font-weight: 400;\">Autora: Alessandra Von D\u00f6llinger, sob orienta\u00e7\u00e3o do professor Bruno Lazzarotti<\/span><\/p>\n<p><span style=\"font-weight: 400;\">*O Observat\u00f3rio das Desigualdades \u00e9 um projeto de extens\u00e3o. O conte\u00fado e as opini\u00f5es expressas n\u00e3o refletem necessariamente o posicionamento da Funda\u00e7\u00e3o Jo\u00e3o Pinheiro ou do CORECON \u2013 MG<\/span><\/p>\n<p>&nbsp;<\/p>\n<p><b>Refer\u00eancias Bibliogr\u00e1ficas:<\/b><\/p>\n<p><span style=\"font-weight: 400;\">BENEVIDES, G.; MEDEIROS, I. <\/span><b>55,5% dos brasileiros se autodeclaram pretos ou pardos; brancos s\u00e3o 43,5%<\/b><span style=\"font-weight: 400;\">. Dispon\u00edvel em: &lt;https:\/\/www.poder360.com.br\/brasil\/555-dos-brasileiros-se-autodeclaram-pretos-ou-pardos-brancos-sao-435\/&gt;. Acesso em: 15 mar. 2024.<\/span><\/p>\n<p><span style=\"font-weight: 400;\">CROCH\u00cdK, J. L. Preconceito e Inclus\u00e3o. <\/span><b>Revista do instituto cultural judaico marc chagall<\/b><span style=\"font-weight: 400;\">, v. 3, p. 32\u201342, 2011.<\/span><\/p>\n<p><b>Estat\u00edsticas Censo Escolar<\/b><span style=\"font-weight: 400;\">. Dispon\u00edvel em: &lt;https:\/\/www.gov.br\/inep\/pt-br\/acesso-a-informacao\/dados-abertos\/inep-data\/estatisticas-censo-escolar&gt;. Acesso em: 15 mar. 2024.<\/span><\/p>\n<p><span style=\"font-weight: 400;\">INEP; DEED. <\/span><b>Censo Escolar Da Educa\u00e7\u00e3o B\u00e1sica 2023: Resumo T\u00e9cnico<\/b><span style=\"font-weight: 400;\">. [s.l: s.n.].<\/span><\/p>\n<p><span style=\"font-weight: 400;\">SALOM\u00c3O, M. <\/span><b>Sem \u00e1gua e energia: falta de infraestrutura desafia escolas ind\u00edgenas<\/b><span style=\"font-weight: 400;\">. Dispon\u00edvel em: &lt;https:\/\/www.metropoles.com\/brasil\/sem-agua-e-energia-falta-de-infraestrutura-desafia-escolas-indigenas&gt;. Acesso em: 15 mar. 2024.<\/span><\/p>\n","protected":false},"excerpt":{"rendered":"<p>O Censo Escolar \u00e9 um instrumento de coleta de informa\u00e7\u00f5es sobre a educa\u00e7\u00e3o b\u00e1sica que abrange ensino regular, ensino especial, educa\u00e7\u00e3o de jovens e adultos e educa\u00e7\u00e3o profissional e tecnol\u00f3gica. \u00c9 um documento extremamente importante porque com tais informa\u00e7\u00f5es \u00e9 poss\u00edvel formular e reformular pol\u00edticas p\u00fablicas educacionais e, tendo isso em vista, \u00e9 n\u00edtida a [&hellip;]<\/p>\n","protected":false},"author":2,"featured_media":3616,"comment_status":"open","ping_status":"open","sticky":false,"template":"","format":"standard","meta":{"ocean_post_layout":"","ocean_both_sidebars_style":"","ocean_both_sidebars_content_width":0,"ocean_both_sidebars_sidebars_width":0,"ocean_sidebar":"0","ocean_second_sidebar":"0","ocean_disable_margins":"enable","ocean_add_body_class":"","ocean_shortcode_before_top_bar":"","ocean_shortcode_after_top_bar":"","ocean_shortcode_before_header":"","ocean_shortcode_after_header":"","ocean_has_shortcode":"","ocean_shortcode_after_title":"","ocean_shortcode_before_footer_widgets":"","ocean_shortcode_after_footer_widgets":"","ocean_shortcode_before_footer_bottom":"","ocean_shortcode_after_footer_bottom":"","ocean_display_top_bar":"default","ocean_display_header":"default","ocean_header_style":"","ocean_center_header_left_menu":"0","ocean_custom_header_template":"0","ocean_custom_logo":0,"ocean_custom_retina_logo":0,"ocean_custom_logo_max_width":0,"ocean_custom_logo_tablet_max_width":0,"ocean_custom_logo_mobile_max_width":0,"ocean_custom_logo_max_height":0,"ocean_custom_logo_tablet_max_height":0,"ocean_custom_logo_mobile_max_height":0,"ocean_header_custom_menu":"0","ocean_menu_typo_font_family":"0","ocean_menu_typo_font_subset":"","ocean_menu_typo_font_size":0,"ocean_menu_typo_font_size_tablet":0,"ocean_menu_typo_font_size_mobile":0,"ocean_menu_typo_font_size_unit":"px","ocean_menu_typo_font_weight":"","ocean_menu_typo_font_weight_tablet":"","ocean_menu_typo_font_weight_mobile":"","ocean_menu_typo_transform":"","ocean_menu_typo_transform_tablet":"","ocean_menu_typo_transform_mobile":"","ocean_menu_typo_line_height":0,"ocean_menu_typo_line_height_tablet":0,"ocean_menu_typo_line_height_mobile":0,"ocean_menu_typo_line_height_unit":"","ocean_menu_typo_spacing":0,"ocean_menu_typo_spacing_tablet":0,"ocean_menu_typo_spacing_mobile":0,"ocean_menu_typo_spacing_unit":"","ocean_menu_link_color":"","ocean_menu_link_color_hover":"","ocean_menu_link_color_active":"","ocean_menu_link_background":"","ocean_menu_link_hover_background":"","ocean_menu_link_active_background":"","ocean_menu_social_links_bg":"","ocean_menu_social_hover_links_bg":"","ocean_menu_social_links_color":"","ocean_menu_social_hover_links_color":"","ocean_disable_title":"default","ocean_disable_heading":"default","ocean_post_title":"","ocean_post_subheading":"","ocean_post_title_style":"","ocean_post_title_background_color":"","ocean_post_title_background":0,"ocean_post_title_bg_image_position":"","ocean_post_title_bg_image_attachment":"","ocean_post_title_bg_image_repeat":"","ocean_post_title_bg_image_size":"","ocean_post_title_height":0,"ocean_post_title_bg_overlay":0.5,"ocean_post_title_bg_overlay_color":"","ocean_disable_breadcrumbs":"default","ocean_breadcrumbs_color":"","ocean_breadcrumbs_separator_color":"","ocean_breadcrumbs_links_color":"","ocean_breadcrumbs_links_hover_color":"","ocean_display_footer_widgets":"default","ocean_display_footer_bottom":"default","ocean_custom_footer_template":"0","ocean_post_oembed":"","ocean_post_self_hosted_media":"","ocean_post_video_embed":"","ocean_link_format":"","ocean_link_format_target":"self","ocean_quote_format":"","ocean_quote_format_link":"post","ocean_gallery_link_images":"on","ocean_gallery_id":[],"footnotes":""},"categories":[59],"tags":[41,86,79,87],"class_list":["post-3615","post","type-post","status-publish","format-standard","has-post-thumbnail","hentry","category-educacao","tag-desigualdade-racial","tag-infancia","tag-juventudes","tag-povos-indigenas","entry","has-media"],"_links":{"self":[{"href":"https:\/\/observatoriodesigualdades.fjp.mg.gov.br\/index.php?rest_route=\/wp\/v2\/posts\/3615","targetHints":{"allow":["GET"]}}],"collection":[{"href":"https:\/\/observatoriodesigualdades.fjp.mg.gov.br\/index.php?rest_route=\/wp\/v2\/posts"}],"about":[{"href":"https:\/\/observatoriodesigualdades.fjp.mg.gov.br\/index.php?rest_route=\/wp\/v2\/types\/post"}],"author":[{"embeddable":true,"href":"https:\/\/observatoriodesigualdades.fjp.mg.gov.br\/index.php?rest_route=\/wp\/v2\/users\/2"}],"replies":[{"embeddable":true,"href":"https:\/\/observatoriodesigualdades.fjp.mg.gov.br\/index.php?rest_route=%2Fwp%2Fv2%2Fcomments&post=3615"}],"version-history":[{"count":2,"href":"https:\/\/observatoriodesigualdades.fjp.mg.gov.br\/index.php?rest_route=\/wp\/v2\/posts\/3615\/revisions"}],"predecessor-version":[{"id":3630,"href":"https:\/\/observatoriodesigualdades.fjp.mg.gov.br\/index.php?rest_route=\/wp\/v2\/posts\/3615\/revisions\/3630"}],"wp:featuredmedia":[{"embeddable":true,"href":"https:\/\/observatoriodesigualdades.fjp.mg.gov.br\/index.php?rest_route=\/wp\/v2\/media\/3616"}],"wp:attachment":[{"href":"https:\/\/observatoriodesigualdades.fjp.mg.gov.br\/index.php?rest_route=%2Fwp%2Fv2%2Fmedia&parent=3615"}],"wp:term":[{"taxonomy":"category","embeddable":true,"href":"https:\/\/observatoriodesigualdades.fjp.mg.gov.br\/index.php?rest_route=%2Fwp%2Fv2%2Fcategories&post=3615"},{"taxonomy":"post_tag","embeddable":true,"href":"https:\/\/observatoriodesigualdades.fjp.mg.gov.br\/index.php?rest_route=%2Fwp%2Fv2%2Ftags&post=3615"}],"curies":[{"name":"wp","href":"https:\/\/api.w.org\/{rel}","templated":true}]}}