{"id":3633,"date":"2024-05-02T16:52:01","date_gmt":"2024-05-02T16:52:01","guid":{"rendered":"https:\/\/observatoriodesigualdades.fjp.mg.gov.br\/?p=3633"},"modified":"2024-05-30T23:56:54","modified_gmt":"2024-05-30T23:56:54","slug":"tarifa-zero-e-o-combate-as-desigualdades","status":"publish","type":"post","link":"https:\/\/observatoriodesigualdades.fjp.mg.gov.br\/?p=3633","title":{"rendered":"Tarifa zero e o combate \u00e0s desigualdades"},"content":{"rendered":"\t\t<div data-elementor-type=\"wp-post\" data-elementor-id=\"3633\" class=\"elementor elementor-3633\">\n\t\t\t\t\t\t<section class=\"elementor-section elementor-top-section elementor-element elementor-element-e72e98e elementor-section-boxed elementor-section-height-default elementor-section-height-default\" data-id=\"e72e98e\" data-element_type=\"section\" data-e-type=\"section\">\n\t\t\t\t\t\t<div class=\"elementor-container elementor-column-gap-default\">\n\t\t\t\t\t<div class=\"elementor-column elementor-col-100 elementor-top-column elementor-element elementor-element-c3cf570\" data-id=\"c3cf570\" data-element_type=\"column\" data-e-type=\"column\">\n\t\t\t<div class=\"elementor-widget-wrap elementor-element-populated\">\n\t\t\t\t\t\t<div class=\"elementor-element elementor-element-ba015d2 elementor-widget elementor-widget-text-editor\" data-id=\"ba015d2\" data-element_type=\"widget\" data-e-type=\"widget\" data-widget_type=\"text-editor.default\">\n\t\t\t\t<div class=\"elementor-widget-container\">\n\t\t\t\t\t\t\t\t\t<p style=\"text-align: justify;\"><span style=\"font-weight: 400;\">A tarifa zero tem chamado a aten\u00e7\u00e3o de gestores e pol\u00edticos de diferentes cidades do pa\u00eds, que tem visto uma explos\u00e3o de casos de ado\u00e7\u00e3o da pol\u00edtica em munic\u00edpios pequenos e m\u00e9dios. Atualmente, s\u00e3o 105 munic\u00edpios com at\u00e9 355 mil habitantes que institu\u00edram a gratuidade para todos os usu\u00e1rios de transporte p\u00fablico coletivo sem limita\u00e7\u00f5es (ou seja, a tarifa zero). O n\u00famero aumentou significativamente ap\u00f3s a pandemia de Covid-19, sendo que antes de 2020, eram 37 cidades com tal pol\u00edtica (Santini, 2023)\u00b9<\/span><span style=\"font-weight: 400;\">.\u00a0<\/span><\/p><p style=\"text-align: justify;\">\u00a0<\/p><p style=\"text-align: justify;\"><i><span style=\"font-weight: 400;\">Um pouco da hist\u00f3ria da tarifa zero<\/span><\/i><\/p><p style=\"text-align: justify;\"><span style=\"font-weight: 400;\">A proposta de tarifa zero tem uma hist\u00f3ria anterior \u00e0 profunda crise de financiamento na qual os sistemas de transporte p\u00fablico se encontram. Ela foi idealizada durante a prefeitura de Luiza Erundina (PT), em S\u00e3o Paulo, em 1991. Era um cen\u00e1rio de redemocratiza\u00e7\u00e3o do pa\u00eds e come\u00e7avam os primeiros governos populares do PT. Na ocasi\u00e3o, o acesso \u00e0 cidade por meio dos \u00f4nibus tamb\u00e9m era um desafio e a tarifa, assim como hoje, era um empecilho para a popula\u00e7\u00e3o mais pobre se deslocar. A ideia veio da Secretaria de Transportes, com Lucio Gregori, Chico Whitaker, Jos\u00e9 Jairo Varoli e Mauro Zilbovicius (Gregori et al, 2020).\u00a0<\/span><\/p><p style=\"text-align: justify;\"><span style=\"font-weight: 400;\">Tendo uma dimens\u00e3o inovadora e revolucion\u00e1ria, mesmo que dentre os marcos sociais-democratas (Domingues et al, 2023), a proposta foi de desvincular o financiamento do transporte p\u00fablico de sua tarifa. A partir de uma reforma para ado\u00e7\u00e3o do IPTU progressivo, seria poss\u00edvel garantir o financiamento do servi\u00e7o p\u00fablico por meio do or\u00e7amento municipal. A origem do financiamento tamb\u00e9m garantia uma perspectiva redistributiva para a pol\u00edtica, dando a ela uma dimens\u00e3o promo\u00e7\u00e3o de justi\u00e7a socioespacial. Por diferentes motivos pol\u00edticos, a proposta n\u00e3o foi aprovada na C\u00e2mara Municipal de S\u00e3o Paulo (Veloso, 2017; Gregori et al, 2020), por\u00e9m a ideia continuou dando frutos anos depois.<\/span><\/p><p style=\"text-align: justify;\"><span style=\"font-weight: 400;\">Os movimentos sociais se tornaram os principais defensores da tarifa zero nas duas primeiras d\u00e9cadas do s\u00e9culo XXI. O Movimento Passe Livre (MPL) organizou-se, a partir de 2005, em diversas cidades brasileiras para, em contraponto com a demanda estudantil de meio-passe para a categoria, ampliar a luta para a gratuidade para todas as pessoas (Veloso, 2017). \u201cFora das institui\u00e7\u00f5es pol\u00edticas tradicionais, as revoltas sociais como a revolta do Buzu de Salvador, em 2003, e da Catraca em Florian\u00f3polis, em 2004 e 2005, foram marcos de forma\u00e7\u00e3o de movimentos e deram contexto para o surgimento do MPL em 2005\u201d (Domingues et al, 2023, p. 7). E as manifesta\u00e7\u00f5es multitudin\u00e1rias de Junho de 2013 tiveram como estopim o aumento da tarifa de \u00f4nibus de S\u00e3o Paulo em 20 centavos. Foi nesse contexto que o movimento Tarifa Zero Belo Horizonte surgiu e a pol\u00edtica retomou uma aten\u00e7\u00e3o nacional (Veloso, 2017; Andr\u00e9s, 2023).<\/span><\/p><p style=\"text-align: justify;\"><span style=\"font-weight: 400;\">Por\u00e9m, como abordado na introdu\u00e7\u00e3o, \u00e9 a crise de financiamento do transporte mais recente e as medidas de resposta \u00e0 perda de demanda do transporte p\u00fablico durante e ap\u00f3s a pandemia de Covid-19, que t\u00eam levado \u00e0 ado\u00e7\u00e3o da pol\u00edtica por mais munic\u00edpios recentemente. A medida, ent\u00e3o, saiu da utopia e veio para a pr\u00e1tica.<\/span><\/p><p style=\"text-align: justify;\">\u00a0<\/p><p style=\"text-align: justify;\"><i><span style=\"font-weight: 400;\">Como mudar o financiamento do transporte p\u00fablico pode combater desigualdades<\/span><\/i><\/p><p style=\"text-align: justify;\"><span style=\"font-weight: 400;\">Hoje em dia, a maior parte dos sistemas de transporte p\u00fablico \u00e9 totalmente financiado pelos passageiros por meio da tarifa: seja na hora de subir no \u00f4nibus e rodar a roleta, seja por meio do vale-transporte (lembrando que 6% do sal\u00e1rio do trabalhador \u00e9 retido na fonte para pagar o VT). Temos, ent\u00e3o, um servi\u00e7o p\u00fablico coletivo que \u00e9 financiado apenas por seus usu\u00e1rios, notadamente a parcela mais pobre da popula\u00e7\u00e3o, al\u00e9m de feminina e negra (Bugre et al, 2022). Por\u00e9m, toda a cidade se beneficia pela exist\u00eancia do transporte p\u00fablico em funcionamento: s\u00e3o menos carros e motos nas ruas, menos tr\u00e2nsito e menos polui\u00e7\u00e3o.<\/span><\/p><p style=\"text-align: justify;\"><span style=\"font-weight: 400;\">Al\u00e9m disso, o modelo de financiamento dividido pelo n\u00famero de passageiros tem o problema do ciclo vicioso da tarifa. Quanto mais caros os insumos do servi\u00e7o, mais cara fica a tarifa para quem paga. Assim, cada aumento tarif\u00e1rio leva \u00e0 consequ\u00eancia de diminui\u00e7\u00e3o de passageiros e um consequente aumento de tarifa. Afinal, h\u00e1 um montante maior para dividir para menos pessoas. A sa\u00edda de passageiros leva a duas consequ\u00eancias: (i) o aumento da exclus\u00e3o das pessoas mais pobres da cidade, que deixaram de andar de \u00f4nibus porque n\u00e3o podem pagar; (ii) o aumento de carros e motos nas ruas. Nada nesses cen\u00e1rios \u00e9 positivo para a cidade, que precisa de um transporte p\u00fablico cada vez mais eficiente, limpo e barato.<\/span><\/p><p style=\"text-align: justify;\"><span style=\"font-weight: 400;\">\u00c9 preciso frear o ciclo vicioso da tarifa e, com isso, conseguir transportar cada vez mais gente dentro do transporte coletivo. De fato, ao garantir que o transporte seja financiado pelo or\u00e7amento p\u00fablico temos uma invers\u00e3o na opera\u00e7\u00e3o: toda a cidade passa a contribuir para um servi\u00e7o que beneficia toda a cidade.\u00a0<\/span><\/p><p style=\"text-align: justify;\"><span style=\"font-weight: 400;\">O que temos visto nas tr\u00eas edi\u00e7\u00f5es do semin\u00e1rio nacional \u201cTransporte como direito e caminhos para a tarifa zero\u201d\u00b2<\/span><span style=\"font-weight: 400;\">, desde 2019, \u00e9 que as experi\u00eancias concretas de tarifa zero levam a um grande aumento de passageiros. Com a tarifa zero, h\u00e1 uma amplia\u00e7\u00e3o do acesso a servi\u00e7os p\u00fablicos, oportunidades de trabalho e espa\u00e7os de lazer e cultura. O al\u00edvio dos gastos com transporte pode garantir mais recursos para as fam\u00edlias consumirem e incentivar a economia local. Al\u00e9m de ter maior efici\u00eancia em termos de emiss\u00f5es de gases de efeito estufa.\u00a0<\/span><\/p><p style=\"text-align: justify;\"><span style=\"font-weight: 400;\">As experi\u00eancias recentes ainda apontam para a necessidade de pensarmos os modelos de opera\u00e7\u00e3o e financiamento dos sistemas com tarifa zero. Afinal, existem in\u00fameros problemas em concess\u00f5es de transporte p\u00fablico e poss\u00edveis fontes de financiamento. Por isso, temos defendido a cria\u00e7\u00e3o de um Sistema \u00danico de Mobilidade (SUM) e fontes tribut\u00e1rias que sejam redistributivas e transparentes, como na proposta de reformula\u00e7\u00e3o do Vale-Transporte (Domingues, 2023), na Campanha Bus\u00e3o 0800 ou na PEC 25\/2023. O caminho da tarifa zero est\u00e1 aberto para ser trilhado por cada vez mais cidades e a busca \u00e9 por experi\u00eancias cada vez maiores e com desenhos da pol\u00edtica de mobilidade cada vez mais redistributiva, inclusiva e eficiente.<\/span><\/p><p>\u00a0<\/p><p>\u00b9Mapa colaborativo, organizado por Daniel Santini, com os munic\u00edpios que adotam tarifa zero no Brasil: https:\/\/www.google.com\/maps\/d\/u\/0\/viewer?mid=1Yz0tdeejoc6xqqEl7z_QafV3ubh70lom&amp;femb=1&amp;ll=-20.82921457217985%2C-50.71757333068777&amp;z=4<\/p><p>\u00b2Para saber mais sobre os semin\u00e1rios, ver: https:\/\/tinyurl.com\/bddnw4b3<\/p><p>\u00a0<\/p><p style=\"text-align: justify;\"><b>Sites para saber mais sobre a tarifa zero:<\/b><\/p><p><span style=\"font-weight: 400;\">Site do Tarifa Zero BH: <\/span><a href=\"https:\/\/www.tarifazerobh.org\/\"><span style=\"font-weight: 400;\">https:\/\/www.tarifazerobh.org\/<\/span><\/a><span style=\"font-weight: 400;\">\u00a0<\/span><\/p><p><span style=\"font-weight: 400;\">Site do Sistema \u00danico de Mobilidade (SUM): <\/span><a href=\"https:\/\/idec.org.br\/sum\"><span style=\"font-weight: 400;\">https:\/\/idec.org.br\/sum<\/span><\/a><span style=\"font-weight: 400;\">\u00a0<\/span><\/p><p><span style=\"font-weight: 400;\">Site do Bus\u00e3o 0800: <\/span><a href=\"https:\/\/busao0800.com\/\"><span style=\"font-weight: 400;\">https:\/\/busao0800.com\/<\/span><\/a><\/p><p><span style=\"font-weight: 400;\">Site da Coaliz\u00e3o Triplo Zero: <\/span><a href=\"https:\/\/mobilidadetriplozero.org\/\"><span style=\"font-weight: 400;\">https:\/\/mobilidadetriplozero.org\/<\/span><\/a><\/p><p><span style=\"font-weight: 400;\">Mapa da tarifa zero no Brasil:<\/span> <a href=\"https:\/\/www.google.com\/maps\/d\/u\/0\/viewer?mid=1Yz0tdeejoc6xqqEl7z_QafV3ubh70lom&amp;femb=1&amp;ll=-20.82921457217985%2C-50.71757333068777&amp;z=4\"><span style=\"font-weight: 400;\">https:\/\/www.google.com\/maps\/d\/u\/0\/viewer?mid=1Yz0tdeejoc6xqqEl7z_QafV3ubh70lom&amp;femb=1&amp;ll=-20.82921457217985%2C-50.71757333068777&amp;z=4<\/span><\/a><\/p><p>\u00a0<\/p><p><strong>Autora:<\/strong> Let\u00edcia Birchal Domingues. Doutoranda em Ci\u00eancia Pol\u00edtica pela UFMG, pesquisadora do Grupo Margem: Democracia e Justi\u00e7a. Tamb\u00e9m \u00e9 integrante do movimento Tarifa Zero BH e consultora de pol\u00edtica de mobilidade urbana.<\/p><p>\u00a0<\/p><p><b>Refer\u00eancias:<\/b><\/p><p>ANDR\u00c9S, Roberto. A raz\u00e3o dos centavos: crise urbana, vida democr\u00e1tica e as revoltas de 2013. Zahar, 2023.<\/p><p>BUGRE, A.; QUINTAO, J. N.; MOREIRA, J.;\u00a0DOMINGUES, Let\u00edcia Birchal; COSTA, L. S.; AMARAL, M. Nossos Corpos: relat\u00f3rio de pesquisa. 2022.<\/p><p><a href=\"http:\/\/lattes.cnpq.br\/8219216255069811\">DOMINGUES,<\/a> Let\u00edcia Birchal. Vale-transporte: Vis\u00e3o geral e passos poss\u00edveis para seu financiamento p\u00fablico. Nossas &amp; Funda\u00e7\u00e3o Rosa Luxemburgo, 2023.<\/p><p>DOMINGUES, Let\u00edcia Birchal; MAGALH\u00c3ES, Bruno; ALMEIDA, Gabriel. H. Cunha de; BRASIL, Fl\u00e1via de Paula Duque. Disputas discursivas no \u00e2mbito da mobilidade urbana: o caso da &#8216;tarifa zero&#8217; em Belo Horizonte. In: V Encontro Nacional de Ensino e Pesquisa do Campo de P\u00fablicas, 2023.<\/p><p>GREGORI, Lucio et al. Tarifa zero: a cidade sem catracas. Autonomia Liter\u00e1ria, 2020.<\/p><p>SANTINI, Daniel. Tarifa Zero e desigualdade social: um estudo de caso sobre a experi\u00eancia de Mariana (MG) na implementa\u00e7\u00e3o do Passe Livre no transporte p\u00fablico coletivo, 2023.\u00a0 Disserta\u00e7\u00e3o [mestrado], Faculdade de Arquitetura e Urbanismo, USP.<\/p><p>VELOSO, Andr\u00e9. O \u00f4nibus, a cidade e a luta. Belo Horizonte: Impress\u00f5es de Minas, 2017.<\/p><p>\u00a0<\/p><p>\u00a0<\/p>\t\t\t\t\t\t\t\t<\/div>\n\t\t\t\t<\/div>\n\t\t\t\t\t<\/div>\n\t\t<\/div>\n\t\t\t\t\t<\/div>\n\t\t<\/section>\n\t\t\t\t<\/div>\n\t\t","protected":false},"excerpt":{"rendered":"<p>A tarifa zero tem chamado a aten\u00e7\u00e3o de gestores e pol\u00edticos de diferentes cidades do pa\u00eds, que tem visto uma explos\u00e3o de casos de ado\u00e7\u00e3o da pol\u00edtica em munic\u00edpios pequenos e m\u00e9dios. Atualmente, s\u00e3o 105 munic\u00edpios com at\u00e9 355 mil habitantes que institu\u00edram a gratuidade para todos os usu\u00e1rios de transporte p\u00fablico coletivo sem limita\u00e7\u00f5es [&hellip;]<\/p>\n","protected":false},"author":2,"featured_media":3637,"comment_status":"open","ping_status":"open","sticky":false,"template":"","format":"standard","meta":{"ocean_post_layout":"","ocean_both_sidebars_style":"","ocean_both_sidebars_content_width":0,"ocean_both_sidebars_sidebars_width":0,"ocean_sidebar":"0","ocean_second_sidebar":"0","ocean_disable_margins":"enable","ocean_add_body_class":"","ocean_shortcode_before_top_bar":"","ocean_shortcode_after_top_bar":"","ocean_shortcode_before_header":"","ocean_shortcode_after_header":"","ocean_has_shortcode":"","ocean_shortcode_after_title":"","ocean_shortcode_before_footer_widgets":"","ocean_shortcode_after_footer_widgets":"","ocean_shortcode_before_footer_bottom":"","ocean_shortcode_after_footer_bottom":"","ocean_display_top_bar":"default","ocean_display_header":"default","ocean_header_style":"","ocean_center_header_left_menu":"0","ocean_custom_header_template":"0","ocean_custom_logo":0,"ocean_custom_retina_logo":0,"ocean_custom_logo_max_width":0,"ocean_custom_logo_tablet_max_width":0,"ocean_custom_logo_mobile_max_width":0,"ocean_custom_logo_max_height":0,"ocean_custom_logo_tablet_max_height":0,"ocean_custom_logo_mobile_max_height":0,"ocean_header_custom_menu":"0","ocean_menu_typo_font_family":"0","ocean_menu_typo_font_subset":"","ocean_menu_typo_font_size":0,"ocean_menu_typo_font_size_tablet":0,"ocean_menu_typo_font_size_mobile":0,"ocean_menu_typo_font_size_unit":"px","ocean_menu_typo_font_weight":"","ocean_menu_typo_font_weight_tablet":"","ocean_menu_typo_font_weight_mobile":"","ocean_menu_typo_transform":"","ocean_menu_typo_transform_tablet":"","ocean_menu_typo_transform_mobile":"","ocean_menu_typo_line_height":0,"ocean_menu_typo_line_height_tablet":0,"ocean_menu_typo_line_height_mobile":0,"ocean_menu_typo_line_height_unit":"","ocean_menu_typo_spacing":0,"ocean_menu_typo_spacing_tablet":0,"ocean_menu_typo_spacing_mobile":0,"ocean_menu_typo_spacing_unit":"","ocean_menu_link_color":"","ocean_menu_link_color_hover":"","ocean_menu_link_color_active":"","ocean_menu_link_background":"","ocean_menu_link_hover_background":"","ocean_menu_link_active_background":"","ocean_menu_social_links_bg":"","ocean_menu_social_hover_links_bg":"","ocean_menu_social_links_color":"","ocean_menu_social_hover_links_color":"","ocean_disable_title":"default","ocean_disable_heading":"default","ocean_post_title":"","ocean_post_subheading":"","ocean_post_title_style":"","ocean_post_title_background_color":"","ocean_post_title_background":0,"ocean_post_title_bg_image_position":"","ocean_post_title_bg_image_attachment":"","ocean_post_title_bg_image_repeat":"","ocean_post_title_bg_image_size":"","ocean_post_title_height":0,"ocean_post_title_bg_overlay":0.5,"ocean_post_title_bg_overlay_color":"","ocean_disable_breadcrumbs":"default","ocean_breadcrumbs_color":"","ocean_breadcrumbs_separator_color":"","ocean_breadcrumbs_links_color":"","ocean_breadcrumbs_links_hover_color":"","ocean_display_footer_widgets":"default","ocean_display_footer_bottom":"default","ocean_custom_footer_template":"0","ocean_post_oembed":"","ocean_post_self_hosted_media":"","ocean_post_video_embed":"","ocean_link_format":"","ocean_link_format_target":"self","ocean_quote_format":"","ocean_quote_format_link":"post","ocean_gallery_link_images":"on","ocean_gallery_id":[],"footnotes":""},"categories":[64],"tags":[88,20,94],"class_list":["post-3633","post","type-post","status-publish","format-standard","has-post-thumbnail","hentry","category-movimentos-sociais","tag-cidade","tag-renda","tag-tributacao","entry","has-media"],"_links":{"self":[{"href":"https:\/\/observatoriodesigualdades.fjp.mg.gov.br\/index.php?rest_route=\/wp\/v2\/posts\/3633","targetHints":{"allow":["GET"]}}],"collection":[{"href":"https:\/\/observatoriodesigualdades.fjp.mg.gov.br\/index.php?rest_route=\/wp\/v2\/posts"}],"about":[{"href":"https:\/\/observatoriodesigualdades.fjp.mg.gov.br\/index.php?rest_route=\/wp\/v2\/types\/post"}],"author":[{"embeddable":true,"href":"https:\/\/observatoriodesigualdades.fjp.mg.gov.br\/index.php?rest_route=\/wp\/v2\/users\/2"}],"replies":[{"embeddable":true,"href":"https:\/\/observatoriodesigualdades.fjp.mg.gov.br\/index.php?rest_route=%2Fwp%2Fv2%2Fcomments&post=3633"}],"version-history":[{"count":4,"href":"https:\/\/observatoriodesigualdades.fjp.mg.gov.br\/index.php?rest_route=\/wp\/v2\/posts\/3633\/revisions"}],"predecessor-version":[{"id":3638,"href":"https:\/\/observatoriodesigualdades.fjp.mg.gov.br\/index.php?rest_route=\/wp\/v2\/posts\/3633\/revisions\/3638"}],"wp:featuredmedia":[{"embeddable":true,"href":"https:\/\/observatoriodesigualdades.fjp.mg.gov.br\/index.php?rest_route=\/wp\/v2\/media\/3637"}],"wp:attachment":[{"href":"https:\/\/observatoriodesigualdades.fjp.mg.gov.br\/index.php?rest_route=%2Fwp%2Fv2%2Fmedia&parent=3633"}],"wp:term":[{"taxonomy":"category","embeddable":true,"href":"https:\/\/observatoriodesigualdades.fjp.mg.gov.br\/index.php?rest_route=%2Fwp%2Fv2%2Fcategories&post=3633"},{"taxonomy":"post_tag","embeddable":true,"href":"https:\/\/observatoriodesigualdades.fjp.mg.gov.br\/index.php?rest_route=%2Fwp%2Fv2%2Ftags&post=3633"}],"curies":[{"name":"wp","href":"https:\/\/api.w.org\/{rel}","templated":true}]}}