{"id":3765,"date":"2024-05-28T19:39:29","date_gmt":"2024-05-28T19:39:29","guid":{"rendered":"https:\/\/observatoriodesigualdades.fjp.mg.gov.br\/?p=3765"},"modified":"2024-05-28T19:50:45","modified_gmt":"2024-05-28T19:50:45","slug":"infografico-inclusao-produtiva-de-juventudes","status":"publish","type":"post","link":"https:\/\/observatoriodesigualdades.fjp.mg.gov.br\/?p=3765","title":{"rendered":"Infogr\u00e1fico: Inclus\u00e3o Produtiva de Juventudes"},"content":{"rendered":"<p><img fetchpriority=\"high\" decoding=\"async\" class=\"size-full wp-image-3766 aligncenter\" src=\"https:\/\/observatoriodesigualdades.fjp.mg.gov.br\/wp-content\/uploads\/2024\/05\/OD-Infogra\u0301ficos.png\" alt=\"\" width=\"800\" height=\"2000\" srcset=\"https:\/\/observatoriodesigualdades.fjp.mg.gov.br\/wp-content\/uploads\/2024\/05\/OD-Infogra\u0301ficos.png 800w, https:\/\/observatoriodesigualdades.fjp.mg.gov.br\/wp-content\/uploads\/2024\/05\/OD-Infogra\u0301ficos-120x300.png 120w, https:\/\/observatoriodesigualdades.fjp.mg.gov.br\/wp-content\/uploads\/2024\/05\/OD-Infogra\u0301ficos-410x1024.png 410w, https:\/\/observatoriodesigualdades.fjp.mg.gov.br\/wp-content\/uploads\/2024\/05\/OD-Infogra\u0301ficos-768x1920.png 768w, https:\/\/observatoriodesigualdades.fjp.mg.gov.br\/wp-content\/uploads\/2024\/05\/OD-Infogra\u0301ficos-614x1536.png 614w\" sizes=\"(max-width: 800px) 100vw, 800px\" \/><img decoding=\"async\" class=\"size-full wp-image-3767 aligncenter\" src=\"https:\/\/observatoriodesigualdades.fjp.mg.gov.br\/wp-content\/uploads\/2024\/05\/OD-Infogra\u0301ficos-1.png\" alt=\"\" width=\"800\" height=\"2000\" srcset=\"https:\/\/observatoriodesigualdades.fjp.mg.gov.br\/wp-content\/uploads\/2024\/05\/OD-Infogra\u0301ficos-1.png 800w, https:\/\/observatoriodesigualdades.fjp.mg.gov.br\/wp-content\/uploads\/2024\/05\/OD-Infogra\u0301ficos-1-120x300.png 120w, https:\/\/observatoriodesigualdades.fjp.mg.gov.br\/wp-content\/uploads\/2024\/05\/OD-Infogra\u0301ficos-1-410x1024.png 410w, https:\/\/observatoriodesigualdades.fjp.mg.gov.br\/wp-content\/uploads\/2024\/05\/OD-Infogra\u0301ficos-1-768x1920.png 768w, https:\/\/observatoriodesigualdades.fjp.mg.gov.br\/wp-content\/uploads\/2024\/05\/OD-Infogra\u0301ficos-1-614x1536.png 614w\" sizes=\"(max-width: 800px) 100vw, 800px\" \/><\/p>\n<p><img decoding=\"async\" class=\"wp-image-3768 alignright\" src=\"https:\/\/observatoriodesigualdades.fjp.mg.gov.br\/wp-content\/uploads\/2024\/05\/ariel_azul.png\" alt=\"\" width=\"357\" height=\"115\" srcset=\"https:\/\/observatoriodesigualdades.fjp.mg.gov.br\/wp-content\/uploads\/2024\/05\/ariel_azul.png 1876w, https:\/\/observatoriodesigualdades.fjp.mg.gov.br\/wp-content\/uploads\/2024\/05\/ariel_azul-300x96.png 300w, https:\/\/observatoriodesigualdades.fjp.mg.gov.br\/wp-content\/uploads\/2024\/05\/ariel_azul-1024x329.png 1024w, https:\/\/observatoriodesigualdades.fjp.mg.gov.br\/wp-content\/uploads\/2024\/05\/ariel_azul-768x246.png 768w, https:\/\/observatoriodesigualdades.fjp.mg.gov.br\/wp-content\/uploads\/2024\/05\/ariel_azul-1536x493.png 1536w\" sizes=\"(max-width: 357px) 100vw, 357px\" \/><img loading=\"lazy\" decoding=\"async\" class=\"wp-image-3769 alignright\" src=\"https:\/\/observatoriodesigualdades.fjp.mg.gov.br\/wp-content\/uploads\/2024\/05\/jose_rosa.png\" alt=\"\" width=\"356\" height=\"114\" srcset=\"https:\/\/observatoriodesigualdades.fjp.mg.gov.br\/wp-content\/uploads\/2024\/05\/jose_rosa.png 1876w, https:\/\/observatoriodesigualdades.fjp.mg.gov.br\/wp-content\/uploads\/2024\/05\/jose_rosa-300x96.png 300w, https:\/\/observatoriodesigualdades.fjp.mg.gov.br\/wp-content\/uploads\/2024\/05\/jose_rosa-1024x328.png 1024w, https:\/\/observatoriodesigualdades.fjp.mg.gov.br\/wp-content\/uploads\/2024\/05\/jose_rosa-768x246.png 768w, https:\/\/observatoriodesigualdades.fjp.mg.gov.br\/wp-content\/uploads\/2024\/05\/jose_rosa-1536x492.png 1536w\" sizes=\"(max-width: 356px) 100vw, 356px\" \/><\/p>\n<div class=\"entry-content clr\">\n<p>&nbsp;<\/p>\n<p>&nbsp;<\/p>\n<p>&nbsp;<\/p>\n<p>&nbsp;<\/p>\n<p>Autoras: Ariel Morelo e Jos\u00e9 Vitor Cruz sob orienta\u00e7\u00e3o do professor Bruno Lazzarotti<\/p>\n<p>*O Observat\u00f3rio das Desigualdades \u00e9 um projeto de extens\u00e3o. O conte\u00fado e as opini\u00f5es expressas n\u00e3o refletem necessariamente o posicionamento da Funda\u00e7\u00e3o Jo\u00e3o Pinheiro ou do CORECON \u2013 MG<\/p>\n<\/div>\n<nav class=\"navigation post-navigation\" aria-label=\"Ler mais artigos\">\n<div class=\"nav-links\">\n<div class=\"nav-previous\"><\/div>\n<\/div>\n<\/nav>\n","protected":false},"excerpt":{"rendered":"<p>&nbsp; &nbsp; &nbsp; &nbsp; Autoras: Ariel Morelo e Jos\u00e9 Vitor Cruz sob orienta\u00e7\u00e3o do professor Bruno Lazzarotti *O Observat\u00f3rio das Desigualdades \u00e9 um projeto de extens\u00e3o. O conte\u00fado e as opini\u00f5es expressas n\u00e3o refletem necessariamente o posicionamento da Funda\u00e7\u00e3o Jo\u00e3o Pinheiro ou do CORECON \u2013 MG<\/p>\n","protected":false},"author":2,"featured_media":3774,"comment_status":"open","ping_status":"open","sticky":false,"template":"","format":"standard","meta":{"ocean_post_layout":"","ocean_both_sidebars_style":"","ocean_both_sidebars_content_width":0,"ocean_both_sidebars_sidebars_width":0,"ocean_sidebar":"0","ocean_second_sidebar":"0","ocean_disable_margins":"enable","ocean_add_body_class":"","ocean_shortcode_before_top_bar":"","ocean_shortcode_after_top_bar":"","ocean_shortcode_before_header":"","ocean_shortcode_after_header":"","ocean_has_shortcode":"","ocean_shortcode_after_title":"","ocean_shortcode_before_footer_widgets":"","ocean_shortcode_after_footer_widgets":"","ocean_shortcode_before_footer_bottom":"","ocean_shortcode_after_footer_bottom":"","ocean_display_top_bar":"default","ocean_display_header":"default","ocean_header_style":"","ocean_center_header_left_menu":"0","ocean_custom_header_template":"0","ocean_custom_logo":0,"ocean_custom_retina_logo":0,"ocean_custom_logo_max_width":0,"ocean_custom_logo_tablet_max_width":0,"ocean_custom_logo_mobile_max_width":0,"ocean_custom_logo_max_height":0,"ocean_custom_logo_tablet_max_height":0,"ocean_custom_logo_mobile_max_height":0,"ocean_header_custom_menu":"0","ocean_menu_typo_font_family":"0","ocean_menu_typo_font_subset":"","ocean_menu_typo_font_size":0,"ocean_menu_typo_font_size_tablet":0,"ocean_menu_typo_font_size_mobile":0,"ocean_menu_typo_font_size_unit":"px","ocean_menu_typo_font_weight":"","ocean_menu_typo_font_weight_tablet":"","ocean_menu_typo_font_weight_mobile":"","ocean_menu_typo_transform":"","ocean_menu_typo_transform_tablet":"","ocean_menu_typo_transform_mobile":"","ocean_menu_typo_line_height":0,"ocean_menu_typo_line_height_tablet":0,"ocean_menu_typo_line_height_mobile":0,"ocean_menu_typo_line_height_unit":"","ocean_menu_typo_spacing":0,"ocean_menu_typo_spacing_tablet":0,"ocean_menu_typo_spacing_mobile":0,"ocean_menu_typo_spacing_unit":"","ocean_menu_link_color":"","ocean_menu_link_color_hover":"","ocean_menu_link_color_active":"","ocean_menu_link_background":"","ocean_menu_link_hover_background":"","ocean_menu_link_active_background":"","ocean_menu_social_links_bg":"","ocean_menu_social_hover_links_bg":"","ocean_menu_social_links_color":"","ocean_menu_social_hover_links_color":"","ocean_disable_title":"default","ocean_disable_heading":"default","ocean_post_title":"","ocean_post_subheading":"","ocean_post_title_style":"","ocean_post_title_background_color":"","ocean_post_title_background":0,"ocean_post_title_bg_image_position":"","ocean_post_title_bg_image_attachment":"","ocean_post_title_bg_image_repeat":"","ocean_post_title_bg_image_size":"","ocean_post_title_height":0,"ocean_post_title_bg_overlay":0.5,"ocean_post_title_bg_overlay_color":"","ocean_disable_breadcrumbs":"default","ocean_breadcrumbs_color":"","ocean_breadcrumbs_separator_color":"","ocean_breadcrumbs_links_color":"","ocean_breadcrumbs_links_hover_color":"","ocean_display_footer_widgets":"default","ocean_display_footer_bottom":"default","ocean_custom_footer_template":"0","ocean_post_oembed":"","ocean_post_self_hosted_media":"","ocean_post_video_embed":"","ocean_link_format":"","ocean_link_format_target":"self","ocean_quote_format":"","ocean_quote_format_link":"post","ocean_gallery_link_images":"on","ocean_gallery_id":[],"footnotes":""},"categories":[62],"tags":[78,79,80,81],"class_list":["post-3765","post","type-post","status-publish","format-standard","has-post-thumbnail","hentry","category-juventudes","tag-inclusao-produtiva","tag-juventudes","tag-mercado-de-trabalho","tag-precariado","entry","has-media"],"_links":{"self":[{"href":"https:\/\/observatoriodesigualdades.fjp.mg.gov.br\/index.php?rest_route=\/wp\/v2\/posts\/3765","targetHints":{"allow":["GET"]}}],"collection":[{"href":"https:\/\/observatoriodesigualdades.fjp.mg.gov.br\/index.php?rest_route=\/wp\/v2\/posts"}],"about":[{"href":"https:\/\/observatoriodesigualdades.fjp.mg.gov.br\/index.php?rest_route=\/wp\/v2\/types\/post"}],"author":[{"embeddable":true,"href":"https:\/\/observatoriodesigualdades.fjp.mg.gov.br\/index.php?rest_route=\/wp\/v2\/users\/2"}],"replies":[{"embeddable":true,"href":"https:\/\/observatoriodesigualdades.fjp.mg.gov.br\/index.php?rest_route=%2Fwp%2Fv2%2Fcomments&post=3765"}],"version-history":[{"count":6,"href":"https:\/\/observatoriodesigualdades.fjp.mg.gov.br\/index.php?rest_route=\/wp\/v2\/posts\/3765\/revisions"}],"predecessor-version":[{"id":3776,"href":"https:\/\/observatoriodesigualdades.fjp.mg.gov.br\/index.php?rest_route=\/wp\/v2\/posts\/3765\/revisions\/3776"}],"wp:featuredmedia":[{"embeddable":true,"href":"https:\/\/observatoriodesigualdades.fjp.mg.gov.br\/index.php?rest_route=\/wp\/v2\/media\/3774"}],"wp:attachment":[{"href":"https:\/\/observatoriodesigualdades.fjp.mg.gov.br\/index.php?rest_route=%2Fwp%2Fv2%2Fmedia&parent=3765"}],"wp:term":[{"taxonomy":"category","embeddable":true,"href":"https:\/\/observatoriodesigualdades.fjp.mg.gov.br\/index.php?rest_route=%2Fwp%2Fv2%2Fcategories&post=3765"},{"taxonomy":"post_tag","embeddable":true,"href":"https:\/\/observatoriodesigualdades.fjp.mg.gov.br\/index.php?rest_route=%2Fwp%2Fv2%2Ftags&post=3765"}],"curies":[{"name":"wp","href":"https:\/\/api.w.org\/{rel}","templated":true}]}}