{"id":3950,"date":"2024-09-10T16:37:05","date_gmt":"2024-09-10T16:37:05","guid":{"rendered":"https:\/\/observatoriodesigualdades.fjp.mg.gov.br\/?p=3950"},"modified":"2024-09-10T16:37:05","modified_gmt":"2024-09-10T16:37:05","slug":"y20-belo-horizonte-adaptacao-climatica-nas-cidades-o-papel-das-juventudes","status":"publish","type":"post","link":"https:\/\/observatoriodesigualdades.fjp.mg.gov.br\/?p=3950","title":{"rendered":"Y20 Belo Horizonte &#8211; Adapta\u00e7\u00e3o Clim\u00e1tica nas Cidades: O Papel das Juventudes"},"content":{"rendered":"<p><span style=\"font-weight: 400;\">O Observat\u00f3rio das Desigualdades tem o prazer de anunciar o sucesso do evento Y20 Belo Horizonte &#8211; Adapta\u00e7\u00e3o Clim\u00e1tica nas Cidades: O Papel das Juventudes, realizado no dia 1\u00ba de agosto de 2024. O evento, que foi realizado na Faculdade de Direito e Ci\u00eancias do Estado da Universidade Federal de Minas Gerais, reuniu 200 jovens de diferentes organiza\u00e7\u00f5es e representantes do poder p\u00fablico para discutir a adapta\u00e7\u00e3o clim\u00e1tica nas \u00e1reas urbanas, destacando a contribui\u00e7\u00e3o fundamental dos grupos de pesquisa e extens\u00e3o.<\/span><\/p>\n<p><b>Sobre o Y20 e o G20<\/b><\/p>\n<p><span style=\"font-weight: 400;\">O Y20 \u00e9 um grupo de engajamento global que re\u00fane jovens l\u00edderes de diversos pa\u00edses para discutir e propor solu\u00e7\u00f5es para os desafios enfrentados no mundo. Atrav\u00e9s do Y20, os jovens t\u00eam a oportunidade de influenciar, atrav\u00e9s de recomenda\u00e7\u00f5es, a agenda do G20, um f\u00f3rum internacional que re\u00fane os l\u00edderes das maiores economias do mundo para discutir quest\u00f5es econ\u00f4micas e pol\u00edticas globais. A participa\u00e7\u00e3o dos grupos de pesquisa e extens\u00e3o \u00e9 crucial para garantir que as recomenda\u00e7\u00f5es ao G20 sejam fundamentadas em dados cient\u00edficos e an\u00e1lises robustas, refletindo a realidade das comunidades e promovendo a adapta\u00e7\u00e3o clim\u00e1tica e a resili\u00eancia urbana.<\/span><\/p>\n<p><b>O Observat\u00f3rio das Desigualdades no evento<\/b><\/p>\n<p><span style=\"font-weight: 400;\">Como parceiro do conhecimento do Y20 Belo Horizonte, o Observat\u00f3rio das Desigualdades desempenhou um papel crucial na organiza\u00e7\u00e3o e execu\u00e7\u00e3o do evento. Bruno Lazzarotti, Coordenador do Observat\u00f3rio, comp\u00f4s a mesa de abertura e destacou a import\u00e2ncia de integrar a perspectiva das desigualdades nas estrat\u00e9gias de adapta\u00e7\u00e3o clim\u00e1tica, enfatizando a necessidade de solu\u00e7\u00f5es que considerem a justi\u00e7a social e a equidade.<\/span><\/p>\n<p><span style=\"font-weight: 400;\">Os bolsistas do Observat\u00f3rio, Ariel Morelo, Jos\u00e9 Vitor Cruz e Beatriz Ac\u00e1cio mediaram o painel &#8220;Adapta\u00e7\u00e3o Clim\u00e1tica nas Cidades&#8221; e contribu\u00edram como facilitadores do workshop sobre a reda\u00e7\u00e3o de recomenda\u00e7\u00f5es para o G20. Al\u00e9m disso, sistematizaram as propostas escritas pelos jovens presentes no evento nos tr\u00eas GTs tem\u00e1ticos: Enfrentamento das Mudan\u00e7as Clim\u00e1ticas nas cidades; Educa\u00e7\u00e3o Ambiental e Engajamento Comunit\u00e1rio e; Justi\u00e7a Clim\u00e1tica.<\/span><\/p>\n<p><span style=\"font-weight: 400;\">Para introduzir os temas abordados no evento, ao lado dos painelistas e demais especialistas presentes, o Observat\u00f3rio preparou uma apresenta\u00e7\u00e3o para contextualiza\u00e7\u00e3o do problema da justi\u00e7a clim\u00e1tica e o papel das juventudes na escrita de propostas para diminui\u00e7\u00e3o do impacto da crise clim\u00e1tica n\u00e3o apenas para a constru\u00e7\u00e3o de futuros, mas para a transforma\u00e7\u00e3o de nosso presente. Alguns dados foram apresentados para ilustrar a situa\u00e7\u00e3o atual:<\/span><\/p>\n<p><img fetchpriority=\"high\" decoding=\"async\" class=\"aligncenter size-full wp-image-3951\" src=\"https:\/\/observatoriodesigualdades.fjp.mg.gov.br\/wp-content\/uploads\/2024\/09\/13.jpg\" alt=\"\" width=\"1200\" height=\"675\" srcset=\"https:\/\/observatoriodesigualdades.fjp.mg.gov.br\/wp-content\/uploads\/2024\/09\/13.jpg 1200w, https:\/\/observatoriodesigualdades.fjp.mg.gov.br\/wp-content\/uploads\/2024\/09\/13-300x169.jpg 300w, https:\/\/observatoriodesigualdades.fjp.mg.gov.br\/wp-content\/uploads\/2024\/09\/13-1024x576.jpg 1024w, https:\/\/observatoriodesigualdades.fjp.mg.gov.br\/wp-content\/uploads\/2024\/09\/13-768x432.jpg 768w, https:\/\/observatoriodesigualdades.fjp.mg.gov.br\/wp-content\/uploads\/2024\/09\/13-800x450.jpg 800w\" sizes=\"(max-width: 1200px) 100vw, 1200px\" \/> <img decoding=\"async\" class=\"aligncenter size-full wp-image-3952\" src=\"https:\/\/observatoriodesigualdades.fjp.mg.gov.br\/wp-content\/uploads\/2024\/09\/14.jpg\" alt=\"\" width=\"1200\" height=\"675\" srcset=\"https:\/\/observatoriodesigualdades.fjp.mg.gov.br\/wp-content\/uploads\/2024\/09\/14.jpg 1200w, https:\/\/observatoriodesigualdades.fjp.mg.gov.br\/wp-content\/uploads\/2024\/09\/14-300x169.jpg 300w, https:\/\/observatoriodesigualdades.fjp.mg.gov.br\/wp-content\/uploads\/2024\/09\/14-1024x576.jpg 1024w, https:\/\/observatoriodesigualdades.fjp.mg.gov.br\/wp-content\/uploads\/2024\/09\/14-768x432.jpg 768w, https:\/\/observatoriodesigualdades.fjp.mg.gov.br\/wp-content\/uploads\/2024\/09\/14-800x450.jpg 800w\" sizes=\"(max-width: 1200px) 100vw, 1200px\" \/> <img decoding=\"async\" class=\"aligncenter size-full wp-image-3953\" src=\"https:\/\/observatoriodesigualdades.fjp.mg.gov.br\/wp-content\/uploads\/2024\/09\/15.jpg\" alt=\"\" width=\"1200\" height=\"675\" srcset=\"https:\/\/observatoriodesigualdades.fjp.mg.gov.br\/wp-content\/uploads\/2024\/09\/15.jpg 1200w, https:\/\/observatoriodesigualdades.fjp.mg.gov.br\/wp-content\/uploads\/2024\/09\/15-300x169.jpg 300w, https:\/\/observatoriodesigualdades.fjp.mg.gov.br\/wp-content\/uploads\/2024\/09\/15-1024x576.jpg 1024w, https:\/\/observatoriodesigualdades.fjp.mg.gov.br\/wp-content\/uploads\/2024\/09\/15-768x432.jpg 768w, https:\/\/observatoriodesigualdades.fjp.mg.gov.br\/wp-content\/uploads\/2024\/09\/15-800x450.jpg 800w\" sizes=\"(max-width: 1200px) 100vw, 1200px\" \/> <img loading=\"lazy\" decoding=\"async\" class=\"aligncenter size-full wp-image-3954\" src=\"https:\/\/observatoriodesigualdades.fjp.mg.gov.br\/wp-content\/uploads\/2024\/09\/16.jpg\" alt=\"\" width=\"1200\" height=\"675\" srcset=\"https:\/\/observatoriodesigualdades.fjp.mg.gov.br\/wp-content\/uploads\/2024\/09\/16.jpg 1200w, https:\/\/observatoriodesigualdades.fjp.mg.gov.br\/wp-content\/uploads\/2024\/09\/16-300x169.jpg 300w, https:\/\/observatoriodesigualdades.fjp.mg.gov.br\/wp-content\/uploads\/2024\/09\/16-1024x576.jpg 1024w, https:\/\/observatoriodesigualdades.fjp.mg.gov.br\/wp-content\/uploads\/2024\/09\/16-768x432.jpg 768w, https:\/\/observatoriodesigualdades.fjp.mg.gov.br\/wp-content\/uploads\/2024\/09\/16-800x450.jpg 800w\" sizes=\"(max-width: 1200px) 100vw, 1200px\" \/> <img loading=\"lazy\" decoding=\"async\" class=\"aligncenter size-full wp-image-3955\" src=\"https:\/\/observatoriodesigualdades.fjp.mg.gov.br\/wp-content\/uploads\/2024\/09\/17.jpg\" alt=\"\" width=\"1200\" height=\"675\" srcset=\"https:\/\/observatoriodesigualdades.fjp.mg.gov.br\/wp-content\/uploads\/2024\/09\/17.jpg 1200w, https:\/\/observatoriodesigualdades.fjp.mg.gov.br\/wp-content\/uploads\/2024\/09\/17-300x169.jpg 300w, https:\/\/observatoriodesigualdades.fjp.mg.gov.br\/wp-content\/uploads\/2024\/09\/17-1024x576.jpg 1024w, https:\/\/observatoriodesigualdades.fjp.mg.gov.br\/wp-content\/uploads\/2024\/09\/17-768x432.jpg 768w, https:\/\/observatoriodesigualdades.fjp.mg.gov.br\/wp-content\/uploads\/2024\/09\/17-800x450.jpg 800w\" sizes=\"(max-width: 1200px) 100vw, 1200px\" \/> <img loading=\"lazy\" decoding=\"async\" class=\"aligncenter size-full wp-image-3956\" src=\"https:\/\/observatoriodesigualdades.fjp.mg.gov.br\/wp-content\/uploads\/2024\/09\/18.jpg\" alt=\"\" width=\"1200\" height=\"675\" srcset=\"https:\/\/observatoriodesigualdades.fjp.mg.gov.br\/wp-content\/uploads\/2024\/09\/18.jpg 1200w, https:\/\/observatoriodesigualdades.fjp.mg.gov.br\/wp-content\/uploads\/2024\/09\/18-300x169.jpg 300w, https:\/\/observatoriodesigualdades.fjp.mg.gov.br\/wp-content\/uploads\/2024\/09\/18-1024x576.jpg 1024w, https:\/\/observatoriodesigualdades.fjp.mg.gov.br\/wp-content\/uploads\/2024\/09\/18-768x432.jpg 768w, https:\/\/observatoriodesigualdades.fjp.mg.gov.br\/wp-content\/uploads\/2024\/09\/18-800x450.jpg 800w\" sizes=\"(max-width: 1200px) 100vw, 1200px\" \/> <img loading=\"lazy\" decoding=\"async\" class=\"aligncenter size-full wp-image-3957\" src=\"https:\/\/observatoriodesigualdades.fjp.mg.gov.br\/wp-content\/uploads\/2024\/09\/19.jpg\" alt=\"\" width=\"1200\" height=\"675\" srcset=\"https:\/\/observatoriodesigualdades.fjp.mg.gov.br\/wp-content\/uploads\/2024\/09\/19.jpg 1200w, https:\/\/observatoriodesigualdades.fjp.mg.gov.br\/wp-content\/uploads\/2024\/09\/19-300x169.jpg 300w, https:\/\/observatoriodesigualdades.fjp.mg.gov.br\/wp-content\/uploads\/2024\/09\/19-1024x576.jpg 1024w, https:\/\/observatoriodesigualdades.fjp.mg.gov.br\/wp-content\/uploads\/2024\/09\/19-768x432.jpg 768w, https:\/\/observatoriodesigualdades.fjp.mg.gov.br\/wp-content\/uploads\/2024\/09\/19-800x450.jpg 800w\" sizes=\"(max-width: 1200px) 100vw, 1200px\" \/> <img loading=\"lazy\" decoding=\"async\" class=\"aligncenter size-full wp-image-3958\" src=\"https:\/\/observatoriodesigualdades.fjp.mg.gov.br\/wp-content\/uploads\/2024\/09\/20.jpg\" alt=\"\" width=\"1200\" height=\"675\" srcset=\"https:\/\/observatoriodesigualdades.fjp.mg.gov.br\/wp-content\/uploads\/2024\/09\/20.jpg 1200w, https:\/\/observatoriodesigualdades.fjp.mg.gov.br\/wp-content\/uploads\/2024\/09\/20-300x169.jpg 300w, https:\/\/observatoriodesigualdades.fjp.mg.gov.br\/wp-content\/uploads\/2024\/09\/20-1024x576.jpg 1024w, https:\/\/observatoriodesigualdades.fjp.mg.gov.br\/wp-content\/uploads\/2024\/09\/20-768x432.jpg 768w, https:\/\/observatoriodesigualdades.fjp.mg.gov.br\/wp-content\/uploads\/2024\/09\/20-800x450.jpg 800w\" sizes=\"(max-width: 1200px) 100vw, 1200px\" \/> <img loading=\"lazy\" decoding=\"async\" class=\"aligncenter size-full wp-image-3959\" src=\"https:\/\/observatoriodesigualdades.fjp.mg.gov.br\/wp-content\/uploads\/2024\/09\/21.jpg\" alt=\"\" width=\"1200\" height=\"675\" srcset=\"https:\/\/observatoriodesigualdades.fjp.mg.gov.br\/wp-content\/uploads\/2024\/09\/21.jpg 1200w, https:\/\/observatoriodesigualdades.fjp.mg.gov.br\/wp-content\/uploads\/2024\/09\/21-300x169.jpg 300w, https:\/\/observatoriodesigualdades.fjp.mg.gov.br\/wp-content\/uploads\/2024\/09\/21-1024x576.jpg 1024w, https:\/\/observatoriodesigualdades.fjp.mg.gov.br\/wp-content\/uploads\/2024\/09\/21-768x432.jpg 768w, https:\/\/observatoriodesigualdades.fjp.mg.gov.br\/wp-content\/uploads\/2024\/09\/21-800x450.jpg 800w\" sizes=\"(max-width: 1200px) 100vw, 1200px\" \/> <img loading=\"lazy\" decoding=\"async\" class=\"aligncenter size-full wp-image-3960\" src=\"https:\/\/observatoriodesigualdades.fjp.mg.gov.br\/wp-content\/uploads\/2024\/09\/23.jpg\" alt=\"\" width=\"1200\" height=\"675\" srcset=\"https:\/\/observatoriodesigualdades.fjp.mg.gov.br\/wp-content\/uploads\/2024\/09\/23.jpg 1200w, https:\/\/observatoriodesigualdades.fjp.mg.gov.br\/wp-content\/uploads\/2024\/09\/23-300x169.jpg 300w, https:\/\/observatoriodesigualdades.fjp.mg.gov.br\/wp-content\/uploads\/2024\/09\/23-1024x576.jpg 1024w, https:\/\/observatoriodesigualdades.fjp.mg.gov.br\/wp-content\/uploads\/2024\/09\/23-768x432.jpg 768w, https:\/\/observatoriodesigualdades.fjp.mg.gov.br\/wp-content\/uploads\/2024\/09\/23-800x450.jpg 800w\" sizes=\"(max-width: 1200px) 100vw, 1200px\" \/> <img loading=\"lazy\" decoding=\"async\" class=\"aligncenter size-full wp-image-3961\" src=\"https:\/\/observatoriodesigualdades.fjp.mg.gov.br\/wp-content\/uploads\/2024\/09\/24.jpg\" alt=\"\" width=\"1200\" height=\"675\" srcset=\"https:\/\/observatoriodesigualdades.fjp.mg.gov.br\/wp-content\/uploads\/2024\/09\/24.jpg 1200w, https:\/\/observatoriodesigualdades.fjp.mg.gov.br\/wp-content\/uploads\/2024\/09\/24-300x169.jpg 300w, https:\/\/observatoriodesigualdades.fjp.mg.gov.br\/wp-content\/uploads\/2024\/09\/24-1024x576.jpg 1024w, https:\/\/observatoriodesigualdades.fjp.mg.gov.br\/wp-content\/uploads\/2024\/09\/24-768x432.jpg 768w, https:\/\/observatoriodesigualdades.fjp.mg.gov.br\/wp-content\/uploads\/2024\/09\/24-800x450.jpg 800w\" sizes=\"(max-width: 1200px) 100vw, 1200px\" \/> <img loading=\"lazy\" decoding=\"async\" class=\"aligncenter size-full wp-image-3962\" src=\"https:\/\/observatoriodesigualdades.fjp.mg.gov.br\/wp-content\/uploads\/2024\/09\/25.jpg\" alt=\"\" width=\"1200\" height=\"675\" srcset=\"https:\/\/observatoriodesigualdades.fjp.mg.gov.br\/wp-content\/uploads\/2024\/09\/25.jpg 1200w, https:\/\/observatoriodesigualdades.fjp.mg.gov.br\/wp-content\/uploads\/2024\/09\/25-300x169.jpg 300w, https:\/\/observatoriodesigualdades.fjp.mg.gov.br\/wp-content\/uploads\/2024\/09\/25-1024x576.jpg 1024w, https:\/\/observatoriodesigualdades.fjp.mg.gov.br\/wp-content\/uploads\/2024\/09\/25-768x432.jpg 768w, https:\/\/observatoriodesigualdades.fjp.mg.gov.br\/wp-content\/uploads\/2024\/09\/25-800x450.jpg 800w\" sizes=\"(max-width: 1200px) 100vw, 1200px\" \/><\/p>\n<p><b>Propostas e Recomenda\u00e7\u00f5es<\/b><\/p>\n<p><span style=\"font-weight: 400;\">Ao final do evento, foi lida a Carta de Recomenda\u00e7\u00e3o dos Jovens de Belo Horizonte, que consolidou as propostas e recomenda\u00e7\u00f5es discutidas. As principais propostas inclu\u00edram:<\/span><\/p>\n<p><b>A &#8211; Recomenda\u00e7\u00f5es Globais<\/b><\/p>\n<ol>\n<li><b> Recomenda\u00e7\u00f5es aos Chefes de Estado do G20<\/b><\/li>\n<\/ol>\n<ol>\n<li style=\"font-weight: 400;\" aria-level=\"1\"><b>Seguran\u00e7a para Refugiados Clim\u00e1ticos<\/b><span style=\"font-weight: 400;\">: Garantir a seguran\u00e7a alimentar, social e psicol\u00f3gica dos refugiados clim\u00e1ticos, proporcionando suporte integral, bem como a acessibilidade e inclus\u00e3o dos refugiados clim\u00e1ticos em todas as pol\u00edticas e programas de adapta\u00e7\u00e3o.<\/span><\/li>\n<li style=\"font-weight: 400;\" aria-level=\"1\"><b>Justi\u00e7a Clim\u00e1tica para Quilombos e Grupos Tradicionais<\/b><span style=\"font-weight: 400;\">: Assegurar a justi\u00e7a clim\u00e1tica para quilombos e grupos de tradi\u00e7\u00e3o, garantindo seus direitos e preserva\u00e7\u00e3o cultural.<\/span><\/li>\n<li style=\"font-weight: 400;\" aria-level=\"1\"><b>Financiamento Inclusivo no P\u00f3s-Desastre<\/b><span style=\"font-weight: 400;\">: Desenvolver mecanismos de financiamento inclusivos no p\u00f3s-desastre, priorizando grupos minorit\u00e1rios para uma recupera\u00e7\u00e3o equitativa.<\/span><\/li>\n<li style=\"font-weight: 400;\" aria-level=\"1\"><b>Reconhecimento da Disparidade Clim\u00e1tica Global<\/b><span style=\"font-weight: 400;\">: Reconhecer a disparidade entre pa\u00edses mais vulner\u00e1veis e aqueles com maior responsabilidade nas mudan\u00e7as clim\u00e1ticas.<\/span><\/li>\n<li style=\"font-weight: 400;\" aria-level=\"1\"><b>Responsabiliza\u00e7\u00e3o dos Maiores Causadores das Mudan\u00e7as Clim\u00e1ticas<\/b><span style=\"font-weight: 400;\">: Responsabilizar os maiores causadores das mudan\u00e7as clim\u00e1ticas, como a emiss\u00e3o de Gases de Efeito Estufa (GEE).<\/span><\/li>\n<li style=\"font-weight: 400;\" aria-level=\"1\"><b>Medidas Reparadoras e Fundos para Adapta\u00e7\u00f5es Clim\u00e1ticas<\/b><span style=\"font-weight: 400;\">: Implementar medidas reparadoras, incluindo a cria\u00e7\u00e3o e expans\u00e3o de fundos para adapta\u00e7\u00f5es clim\u00e1ticas e o compartilhamento de tecnologias.<\/span><\/li>\n<\/ol>\n<p><b>B &#8211; Recomenda\u00e7\u00f5es Locais<\/b><\/p>\n<ol>\n<li><b> Enfrentamento das Mudan\u00e7as Clim\u00e1ticas nas Cidades<\/b><\/li>\n<\/ol>\n<ol>\n<li style=\"font-weight: 400;\" aria-level=\"1\"><b>Implementa\u00e7\u00e3o de Programas de Educa\u00e7\u00e3o Ambiental<\/b><span style=\"font-weight: 400;\">: Promover programas de educa\u00e7\u00e3o ambiental em todas as cidades, realizados principalmente por meio de pesquisas e extens\u00f5es universit\u00e1rias. A capacita\u00e7\u00e3o deve focar na conscientiza\u00e7\u00e3o sobre o impacto ambiental das atividades humanas e promover pr\u00e1ticas sustent\u00e1veis.<\/span><\/li>\n<li style=\"font-weight: 400;\" aria-level=\"1\"><b>Incentivos Fiscais e Marcos Legais<\/b><span style=\"font-weight: 400;\">: Garantir pol\u00edticas e marcos legais que proporcionem incentivos fiscais para projetos relacionados a \u00e1reas de infiltra\u00e7\u00e3o, malhas verdes, azuis e revitaliza\u00e7\u00e3o de corpos h\u00eddricos.<\/span><\/li>\n<li style=\"font-weight: 400;\" aria-level=\"1\"><b>Fiscaliza\u00e7\u00e3o e Planos Locais de Adapta\u00e7\u00e3o Clim\u00e1tica<\/b><span style=\"font-weight: 400;\">: Aumentar a fiscaliza\u00e7\u00e3o e estabelecer a obrigatoriedade para que setores produtivos e munic\u00edpios possuam Planos Locais de Adapta\u00e7\u00e3o Clim\u00e1tica (PLACs).<\/span><\/li>\n<li style=\"font-weight: 400;\" aria-level=\"1\"><b>Transpar\u00eancia e Controle Social<\/b><span style=\"font-weight: 400;\">: Garantir a transpar\u00eancia na gest\u00e3o dos recursos ambientais e fortalecer o controle social, incluindo a participa\u00e7\u00e3o ativa das juventudes dentro de \u00f3rg\u00e3os e entidades ambientais.<\/span><\/li>\n<\/ol>\n<ol>\n<li><b> Educa\u00e7\u00e3o Ambiental e Engajamento Comunit\u00e1rio<\/b><\/li>\n<\/ol>\n<ol>\n<li style=\"font-weight: 400;\" aria-level=\"1\"><b>Intera\u00e7\u00e3o entre Institui\u00e7\u00f5es Educacionais e Comunidades<\/b><span style=\"font-weight: 400;\">: Garantir a realiza\u00e7\u00e3o de momentos de intera\u00e7\u00e3o entre escolas agr\u00edcolas, rurais e urbanas, universidades p\u00fablicas e privadas, e as comunidades locais, mediante um plano pedag\u00f3gico bem estruturado. Assegurar recursos materiais e financeiros para viabilizar a pol\u00edtica educacional, ambiental, social e de governan\u00e7a nos espa\u00e7os educacionais.<\/span><\/li>\n<li style=\"font-weight: 400;\" aria-level=\"1\"><b>Forma\u00e7\u00e3o para a Sustentabilidade<\/b><span style=\"font-weight: 400;\">: Promover a forma\u00e7\u00e3o para a sustentabilidade em todos os n\u00edveis de escolaridade, criando um projeto pol\u00edtico-pedag\u00f3gico concreto e acess\u00edvel que incorpore os saberes tradicionais locais.<\/span><\/li>\n<\/ol>\n<p><b>III. Justi\u00e7a Clim\u00e1tica<\/b><\/p>\n<ol>\n<li style=\"font-weight: 400;\" aria-level=\"1\"><b>Protagonismo de Popula\u00e7\u00f5es Vulnerabilizadas<\/b><span style=\"font-weight: 400;\">: Garantir o protagonismo de popula\u00e7\u00f5es vulnerabilizadas na constru\u00e7\u00e3o de pol\u00edticas p\u00fablicas de adapta\u00e7\u00e3o clim\u00e1tica, promovendo sua participa\u00e7\u00e3o ativa e inclusiva.<\/span><\/li>\n<li style=\"font-weight: 400;\" aria-level=\"1\"><b>Resili\u00eancia Comunit\u00e1ria<\/b><span style=\"font-weight: 400;\">: Fortalecer a resili\u00eancia comunit\u00e1ria em zonas de vulnerabilidade social, promovendo a capacidade de adapta\u00e7\u00e3o e recupera\u00e7\u00e3o.<\/span><\/li>\n<li style=\"font-weight: 400;\" aria-level=\"1\"><b>Parcerias P\u00fablico-Privadas<\/b><span style=\"font-weight: 400;\">: Implementar parcerias p\u00fablico-privadas para o desenvolvimento de cidades mais sustent\u00e1veis, promovendo a colabora\u00e7\u00e3o entre setores.<\/span><\/li>\n<li style=\"font-weight: 400;\" aria-level=\"1\"><b>Secretarias P\u00fablicas Dedicadas<\/b><span style=\"font-weight: 400;\">: Garantir a cria\u00e7\u00e3o e desenvolvimento de secretarias p\u00fablicas dedicadas \u00e0 constru\u00e7\u00e3o de ambientes mais equitativos e seguros.<\/span><\/li>\n<li style=\"font-weight: 400;\" aria-level=\"1\"><b>Prote\u00e7\u00e3o da Popula\u00e7\u00e3o em Situa\u00e7\u00e3o de Rua<\/b><span style=\"font-weight: 400;\">: Cuidar e proteger a popula\u00e7\u00e3o em situa\u00e7\u00e3o de rua, assegurando ref\u00fagios clim\u00e1ticos dignos e adequados.<\/span><\/li>\n<li style=\"font-weight: 400;\" aria-level=\"1\"><b>Agricultura Familiar<\/b><span style=\"font-weight: 400;\">: Promover e valorizar a agricultura familiar como uma estrat\u00e9gia de adapta\u00e7\u00e3o e seguran\u00e7a alimentar.<\/span><\/li>\n<li style=\"font-weight: 400;\" aria-level=\"1\"><b>Seguran\u00e7a de Mulheres, Crian\u00e7as e Comunidade LGBT<\/b><span style=\"font-weight: 400;\">: Assegurar a seguran\u00e7a de mulheres, crian\u00e7as e comunidade LGBT em abrigos e lares, criando ambientes seguros e inclusivos.<\/span><\/li>\n<li style=\"font-weight: 400;\" aria-level=\"1\"><b>Regenera\u00e7\u00e3o de Comunidades Atingidas por Desastres<\/b><span style=\"font-weight: 400;\">: Incentivar e empoderar a regenera\u00e7\u00e3o de comunidades afetadas por desastres clim\u00e1ticos, promovendo a participa\u00e7\u00e3o ativa na reconstru\u00e7\u00e3o.<\/span><\/li>\n<li style=\"font-weight: 400;\" aria-level=\"1\"><b>Mapeamento de Zonas de Risco e Planejamento de Conting\u00eancia<\/b><span style=\"font-weight: 400;\">: Implementar pol\u00edticas p\u00fablicas eficazes de mapeamento de zonas de risco e planejamento de conting\u00eancia a longo prazo.<\/span><\/li>\n<li style=\"font-weight: 400;\" aria-level=\"1\"><b>Monitoramento e Redu\u00e7\u00e3o de Riscos<\/b><span style=\"font-weight: 400;\">: Monitorar o desenvolvimento sustent\u00e1vel e a redu\u00e7\u00e3o de riscos, garantindo a implementa\u00e7\u00e3o de pr\u00e1ticas eficazes.<\/span><\/li>\n<li style=\"font-weight: 400;\" aria-level=\"1\"><b>Comunica\u00e7\u00e3o Baseada em Fatos e Ci\u00eancia<\/b><span style=\"font-weight: 400;\">: Promover a comunica\u00e7\u00e3o baseada em fatos e ci\u00eancia sobre os impactos das atividades de extra\u00e7\u00e3o, incluindo solu\u00e7\u00f5es econ\u00f4micas alternativas como turismo e lazer, em festivais e eventos.<\/span><\/li>\n<li style=\"font-weight: 400;\" aria-level=\"1\"><b>Verbas para Desenvolvimento Local<\/b><span style=\"font-weight: 400;\">: Direcionar verbas arrecadadas mediante multas para atividades de desenvolvimento ambiental, econ\u00f4mico e social local, como hortas urbanas comunit\u00e1rias.<\/span><\/li>\n<li style=\"font-weight: 400;\" aria-level=\"1\"><b>A\u00e7\u00f5es Espec\u00edficas para Secretarias Municipais de Meio Ambiente<\/b><span style=\"font-weight: 400;\">: Suprir a aus\u00eancia de secretarias municipais de meio ambiente com a\u00e7\u00f5es espec\u00edficas e integradas.<\/span><\/li>\n<li style=\"font-weight: 400;\" aria-level=\"1\"><b>Pol\u00edticas Territoriais de Assist\u00eancia Psicossocial<\/b><span style=\"font-weight: 400;\">: Integrar pol\u00edticas territoriais de assist\u00eancia psicossocial para pessoas atingidas por eventos clim\u00e1ticos e ambientais.<\/span><\/li>\n<\/ol>\n<p><span style=\"font-weight: 400;\">O Y20 Belo Horizonte destacou a import\u00e2ncia vital das juventudes na adapta\u00e7\u00e3o clim\u00e1tica urbana e na constru\u00e7\u00e3o de um futuro sustent\u00e1vel. Durante o evento, os participantes discutiram estrat\u00e9gias inovadoras para enfrentar os desafios das mudan\u00e7as clim\u00e1ticas nas cidades, com um foco particular em justi\u00e7a clim\u00e1tica e educa\u00e7\u00e3o ambiental. As propostas elaboradas inclu\u00edram a cria\u00e7\u00e3o de um Bosque do COMJUVE para compensa\u00e7\u00e3o de carbono e a implementa\u00e7\u00e3o de &#8220;cidades esponjas&#8221; para a gest\u00e3o das \u00e1guas pluviais. Os desafios enfrentados pelas juventudes s\u00e3o significativos, incluindo a necessidade de garantir a justi\u00e7a para grupos vulner\u00e1veis e a inclus\u00e3o efetiva nas pol\u00edticas de adapta\u00e7\u00e3o clim\u00e1tica. O envolvimento das juventudes e a integra\u00e7\u00e3o de dados cient\u00edficos s\u00e3o cruciais para formular recomenda\u00e7\u00f5es robustas para o G20, refletindo a realidade das comunidades e promovendo solu\u00e7\u00f5es inclusivas e eficazes para a crise clim\u00e1tica.<\/span><\/p>\n<p><img loading=\"lazy\" decoding=\"async\" class=\"aligncenter  wp-image-3768\" src=\"https:\/\/observatoriodesigualdades.fjp.mg.gov.br\/wp-content\/uploads\/2024\/05\/ariel_azul.png\" alt=\"\" width=\"439\" height=\"141\" srcset=\"https:\/\/observatoriodesigualdades.fjp.mg.gov.br\/wp-content\/uploads\/2024\/05\/ariel_azul.png 1876w, https:\/\/observatoriodesigualdades.fjp.mg.gov.br\/wp-content\/uploads\/2024\/05\/ariel_azul-300x96.png 300w, https:\/\/observatoriodesigualdades.fjp.mg.gov.br\/wp-content\/uploads\/2024\/05\/ariel_azul-1024x329.png 1024w, https:\/\/observatoriodesigualdades.fjp.mg.gov.br\/wp-content\/uploads\/2024\/05\/ariel_azul-768x246.png 768w, https:\/\/observatoriodesigualdades.fjp.mg.gov.br\/wp-content\/uploads\/2024\/05\/ariel_azul-1536x493.png 1536w\" sizes=\"(max-width: 439px) 100vw, 439px\" \/><\/p>\n<p>*O Observat\u00f3rio das Desigualdades \u00e9 um projeto de extens\u00e3o. O conte\u00fado e as opini\u00f5es expressas n\u00e3o refletem necessariamente o posicionamento da Funda\u00e7\u00e3o Jo\u00e3o Pinheiro ou do CORECON \u2013 MG<\/p>\n","protected":false},"excerpt":{"rendered":"<p>O Observat\u00f3rio das Desigualdades tem o prazer de anunciar o sucesso do evento Y20 Belo Horizonte &#8211; Adapta\u00e7\u00e3o Clim\u00e1tica nas Cidades: O Papel das Juventudes, realizado no dia 1\u00ba de agosto de 2024. O evento, que foi realizado na Faculdade de Direito e Ci\u00eancias do Estado da Universidade Federal de Minas Gerais, reuniu 200 jovens [&hellip;]<\/p>\n","protected":false},"author":2,"featured_media":3963,"comment_status":"open","ping_status":"open","sticky":false,"template":"","format":"standard","meta":{"ocean_post_layout":"","ocean_both_sidebars_style":"","ocean_both_sidebars_content_width":0,"ocean_both_sidebars_sidebars_width":0,"ocean_sidebar":"0","ocean_second_sidebar":"0","ocean_disable_margins":"enable","ocean_add_body_class":"","ocean_shortcode_before_top_bar":"","ocean_shortcode_after_top_bar":"","ocean_shortcode_before_header":"","ocean_shortcode_after_header":"","ocean_has_shortcode":"","ocean_shortcode_after_title":"","ocean_shortcode_before_footer_widgets":"","ocean_shortcode_after_footer_widgets":"","ocean_shortcode_before_footer_bottom":"","ocean_shortcode_after_footer_bottom":"","ocean_display_top_bar":"default","ocean_display_header":"default","ocean_header_style":"","ocean_center_header_left_menu":"0","ocean_custom_header_template":"0","ocean_custom_logo":0,"ocean_custom_retina_logo":0,"ocean_custom_logo_max_width":0,"ocean_custom_logo_tablet_max_width":0,"ocean_custom_logo_mobile_max_width":0,"ocean_custom_logo_max_height":0,"ocean_custom_logo_tablet_max_height":0,"ocean_custom_logo_mobile_max_height":0,"ocean_header_custom_menu":"0","ocean_menu_typo_font_family":"0","ocean_menu_typo_font_subset":"","ocean_menu_typo_font_size":0,"ocean_menu_typo_font_size_tablet":0,"ocean_menu_typo_font_size_mobile":0,"ocean_menu_typo_font_size_unit":"px","ocean_menu_typo_font_weight":"","ocean_menu_typo_font_weight_tablet":"","ocean_menu_typo_font_weight_mobile":"","ocean_menu_typo_transform":"","ocean_menu_typo_transform_tablet":"","ocean_menu_typo_transform_mobile":"","ocean_menu_typo_line_height":0,"ocean_menu_typo_line_height_tablet":0,"ocean_menu_typo_line_height_mobile":0,"ocean_menu_typo_line_height_unit":"","ocean_menu_typo_spacing":0,"ocean_menu_typo_spacing_tablet":0,"ocean_menu_typo_spacing_mobile":0,"ocean_menu_typo_spacing_unit":"","ocean_menu_link_color":"","ocean_menu_link_color_hover":"","ocean_menu_link_color_active":"","ocean_menu_link_background":"","ocean_menu_link_hover_background":"","ocean_menu_link_active_background":"","ocean_menu_social_links_bg":"","ocean_menu_social_hover_links_bg":"","ocean_menu_social_links_color":"","ocean_menu_social_hover_links_color":"","ocean_disable_title":"default","ocean_disable_heading":"default","ocean_post_title":"","ocean_post_subheading":"","ocean_post_title_style":"","ocean_post_title_background_color":"","ocean_post_title_background":0,"ocean_post_title_bg_image_position":"","ocean_post_title_bg_image_attachment":"","ocean_post_title_bg_image_repeat":"","ocean_post_title_bg_image_size":"","ocean_post_title_height":0,"ocean_post_title_bg_overlay":0.5,"ocean_post_title_bg_overlay_color":"","ocean_disable_breadcrumbs":"default","ocean_breadcrumbs_color":"","ocean_breadcrumbs_separator_color":"","ocean_breadcrumbs_links_color":"","ocean_breadcrumbs_links_hover_color":"","ocean_display_footer_widgets":"default","ocean_display_footer_bottom":"default","ocean_custom_footer_template":"0","ocean_post_oembed":"","ocean_post_self_hosted_media":"","ocean_post_video_embed":"","ocean_link_format":"","ocean_link_format_target":"self","ocean_quote_format":"","ocean_quote_format_link":"post","ocean_gallery_link_images":"on","ocean_gallery_id":[],"footnotes":""},"categories":[62],"tags":[90],"class_list":["post-3950","post","type-post","status-publish","format-standard","has-post-thumbnail","hentry","category-juventudes","tag-justica-ambiental-e-climatica","entry","has-media"],"_links":{"self":[{"href":"https:\/\/observatoriodesigualdades.fjp.mg.gov.br\/index.php?rest_route=\/wp\/v2\/posts\/3950","targetHints":{"allow":["GET"]}}],"collection":[{"href":"https:\/\/observatoriodesigualdades.fjp.mg.gov.br\/index.php?rest_route=\/wp\/v2\/posts"}],"about":[{"href":"https:\/\/observatoriodesigualdades.fjp.mg.gov.br\/index.php?rest_route=\/wp\/v2\/types\/post"}],"author":[{"embeddable":true,"href":"https:\/\/observatoriodesigualdades.fjp.mg.gov.br\/index.php?rest_route=\/wp\/v2\/users\/2"}],"replies":[{"embeddable":true,"href":"https:\/\/observatoriodesigualdades.fjp.mg.gov.br\/index.php?rest_route=%2Fwp%2Fv2%2Fcomments&post=3950"}],"version-history":[{"count":1,"href":"https:\/\/observatoriodesigualdades.fjp.mg.gov.br\/index.php?rest_route=\/wp\/v2\/posts\/3950\/revisions"}],"predecessor-version":[{"id":3964,"href":"https:\/\/observatoriodesigualdades.fjp.mg.gov.br\/index.php?rest_route=\/wp\/v2\/posts\/3950\/revisions\/3964"}],"wp:featuredmedia":[{"embeddable":true,"href":"https:\/\/observatoriodesigualdades.fjp.mg.gov.br\/index.php?rest_route=\/wp\/v2\/media\/3963"}],"wp:attachment":[{"href":"https:\/\/observatoriodesigualdades.fjp.mg.gov.br\/index.php?rest_route=%2Fwp%2Fv2%2Fmedia&parent=3950"}],"wp:term":[{"taxonomy":"category","embeddable":true,"href":"https:\/\/observatoriodesigualdades.fjp.mg.gov.br\/index.php?rest_route=%2Fwp%2Fv2%2Fcategories&post=3950"},{"taxonomy":"post_tag","embeddable":true,"href":"https:\/\/observatoriodesigualdades.fjp.mg.gov.br\/index.php?rest_route=%2Fwp%2Fv2%2Ftags&post=3950"}],"curies":[{"name":"wp","href":"https:\/\/api.w.org\/{rel}","templated":true}]}}