{"id":3988,"date":"2024-09-23T14:16:58","date_gmt":"2024-09-23T14:16:58","guid":{"rendered":"https:\/\/observatoriodesigualdades.fjp.mg.gov.br\/?p=3988"},"modified":"2024-09-23T14:26:29","modified_gmt":"2024-09-23T14:26:29","slug":"deus-me-livre-de-mulher-ceo-para-a-elite-do-atraso-patriarcal-teto-de-vidro-e-pouco-ela-quer-mesmo-e-um-teto-de-blindex","status":"publish","type":"post","link":"https:\/\/observatoriodesigualdades.fjp.mg.gov.br\/?p=3988","title":{"rendered":"\u201cDeus me livre de mulher CEO\u201d : para a elite do atraso patriarcal, teto de vidro \u00e9 pouco; ela quer mesmo \u00e9 um teto de blindex"},"content":{"rendered":"\t\t<div data-elementor-type=\"wp-post\" data-elementor-id=\"3988\" class=\"elementor elementor-3988\">\n\t\t\t\t\t\t<section class=\"elementor-section elementor-top-section elementor-element elementor-element-ee8edb6 elementor-section-boxed elementor-section-height-default elementor-section-height-default\" data-id=\"ee8edb6\" data-element_type=\"section\" data-e-type=\"section\">\n\t\t\t\t\t\t<div class=\"elementor-container elementor-column-gap-default\">\n\t\t\t\t\t<div class=\"elementor-column elementor-col-100 elementor-top-column elementor-element elementor-element-40765a4\" data-id=\"40765a4\" data-element_type=\"column\" data-e-type=\"column\">\n\t\t\t<div class=\"elementor-widget-wrap elementor-element-populated\">\n\t\t\t\t\t\t<div class=\"elementor-element elementor-element-cf63220 elementor-widget elementor-widget-text-editor\" data-id=\"cf63220\" data-element_type=\"widget\" data-e-type=\"widget\" data-widget_type=\"text-editor.default\">\n\t\t\t\t<div class=\"elementor-widget-container\">\n\t\t\t\t\t\t\t\t\t<p style=\"text-align: justify;\"><span style=\"font-weight: 400;\">As mulheres, diariamente, passam por humilha\u00e7\u00f5es em diferentes esferas, seja em \u00e2mbito privado ou p\u00fablico. \u00c9 comum observar ofensas proferidas por pessoas descuidadas na internet, principalmente em redes sociais. Por\u00e9m, \u00e9 preciso lembrar que a internet n\u00e3o \u00e9 uma terra sem lei. Nos \u00faltimos dias, Tallis Gomes, presidente da G4 Educa\u00e7\u00e3o, n\u00e3o perdeu a oportunidade de nos infligir algumas destas barbaridades pelo Instagram. Por meio da ferramenta de perguntas e respostas, Tallis recebeu a seguinte indaga\u00e7\u00e3o: \u201cSe sua mulher fosse CEO de uma grande companhia, voc\u00eas estariam noivos?\u201d, ao que respondeu: \u201cDeus me livre de mulher CEO [&#8230;] essa mulher vai passar por um processo de masculiniza\u00e7\u00e3o que invariavelmente vai colocar meu lar em quarto plano, eu em terceiro plano e os meus filhos em segundo plano. Na m\u00e9dia, esse n\u00e3o \u00e9 o melhor uso da energia feminina. A mulher tem o monop\u00f3lio do poder de construir um lar e ser base de uma fam\u00edlia &#8211; um homem jamais seria capaz de fazer isso. Pra qu\u00ea fazer a vida dessa mulher pior dessa forma?\u201d.\u00a0<\/span><\/p><p style=\"text-align: justify;\"><span style=\"font-weight: 400;\">Ap\u00f3s seus coment\u00e1rios viralizarem, ele realizou uma tentativa de se retratar, utilizando de artif\u00edcios como a quantidade de mulheres que trabalham em suas empresas, assim como o fato de sua s\u00f3cia no G4 ser uma mulher, o t\u00edpico discurso de \u201cse tenho amigas mulheres, por que eu seria machista?\u201d. Tudo que foi proferido \u00e9 bastante problem\u00e1tico por diversos motivos. Tallis possui o direito de preferir se relacionar com uma mulher que demonstre tais caracter\u00edsticas &#8211; e \u00e9 bem poss\u00edvel que consiga algu\u00e9m que se disponha a isto, j\u00e1 que h\u00e1 gosto para tudo mesmo neste mundo-\u00a0 mas, da posi\u00e7\u00e3o em que se encontra, seria prudente ter cautela ao regurgitar um discurso que relega as mulheres \u00e0 posi\u00e7\u00e3o subalterna da qual existe tanta luta em tir\u00e1-las. Mas este post n\u00e3o \u00e9 sobre Tallis e sua vida amorosa; nenhum dos dois s\u00e3o t\u00e3o importantes. A quest\u00e3o aqui \u00e9 como este discurso e a rea\u00e7\u00e3o a ele expressa os avan\u00e7os e o longo caminho ainda a percorrer na luta pela emancipa\u00e7\u00e3o feminina, ou no m\u00ednimo, pela supera\u00e7\u00e3o das formas mais brutas de opress\u00e3o a que s\u00e3o ainda submetidas.<\/span><\/p><p style=\"text-align: justify;\"><span style=\"font-weight: 400;\">Observando a hist\u00f3ria da resist\u00eancia feminina pela igualdade de direitos, nota-se que, apesar de todos os avan\u00e7os conquistados, a disparidade de g\u00eaneros ainda \u00e9 muito presente em diferentes \u00e2mbitos. Os efeitos do patriarcado na sociedade se d\u00e3o de tal forma que afetam diretamente a divis\u00e3o e a remunera\u00e7\u00e3o do trabalho, impondo obst\u00e1culos para o ingresso e a estadia justa das mulheres no trabalho n\u00e3o dom\u00e9stico. Nesse sentido, criou-se um imagin\u00e1rio em que as mulheres s\u00e3o mais aptas ao servi\u00e7o relativo aos cuidados do lar e dos dependentes do que os homens, uma mera desculpa para que elas sejam sempre subjugadas na sociedade. Assim, posi\u00e7\u00f5es de lideran\u00e7a e outras atividades fora da esfera dom\u00e9stica s\u00e3o vistas como masculinas, e as mulheres que se atrevem a ocup\u00e1-las passam por um processo de \u201cmasculiniza\u00e7\u00e3o\u201d aos olhos da sociedade.\u00a0<\/span><\/p><p style=\"text-align: justify;\"><span style=\"font-weight: 400;\">A tabela 1 mostra claramente como a divis\u00e3o sexual se d\u00e1, pois as cinco primeiras atividades em que as mulheres possuem maior presen\u00e7a est\u00e3o ligadas ao cuidado com a sa\u00fade, \u00e0 confec\u00e7\u00e3o de vestu\u00e1rios e \u00e0 alimenta\u00e7\u00e3o.<\/span><\/p><p style=\"text-align: center;\"><span style=\"font-weight: 400;\">Tabela 1 &#8211; Atividades em que as mulheres possuem maior presen\u00e7a, rendimentos m\u00e9dios e raz\u00e3o homens\/mulheres.<\/span><\/p><p><img fetchpriority=\"high\" decoding=\"async\" class=\"aligncenter size-full wp-image-3989\" src=\"https:\/\/observatoriodesigualdades.fjp.mg.gov.br\/wp-content\/uploads\/2024\/09\/Captura-de-tela-2024-09-20-192715.png\" alt=\"\" width=\"941\" height=\"180\" srcset=\"https:\/\/observatoriodesigualdades.fjp.mg.gov.br\/wp-content\/uploads\/2024\/09\/Captura-de-tela-2024-09-20-192715.png 941w, https:\/\/observatoriodesigualdades.fjp.mg.gov.br\/wp-content\/uploads\/2024\/09\/Captura-de-tela-2024-09-20-192715-300x57.png 300w, https:\/\/observatoriodesigualdades.fjp.mg.gov.br\/wp-content\/uploads\/2024\/09\/Captura-de-tela-2024-09-20-192715-768x147.png 768w\" sizes=\"(max-width: 941px) 100vw, 941px\" \/><\/p><p style=\"text-align: center;\"><span style=\"font-weight: 400;\">Fonte: RAIS\/MTE<\/span><\/p><p style=\"text-align: justify;\"><span style=\"font-weight: 400;\">Segundo o 2\u00b0 Relat\u00f3rio de Transpar\u00eancia Salarial e Crit\u00e9rios Remunerat\u00f3rios, que utiliza dados da Rela\u00e7\u00e3o Anual de Informa\u00e7\u00f5es Sociais (RAIS) de 2023, as mulheres recebem 20,7% menos do que os homens nas cerca de 51.000 empresas analisadas que contam com 100 empregados ou mais. A m\u00e9dia remunerat\u00f3ria dos homens \u00e9 de R$4.495,39, ao passo que a das mulheres \u00e9 de R$3.565,48. Nesse sentido, observa-se que as mulheres ainda sofrem com a exclus\u00e3o no mercado de trabalho, uma vez que a igualdade salarial \u00e9 prevista na CLT desde 1943, mas a maioria das empresas se isentam dessa obriga\u00e7\u00e3o. Em termos de cargos de lideran\u00e7a, como o de CEO &#8211; destacado por Tallis Gomes &#8211; as mulheres recebem 27% menos do que os homens. Nas fun\u00e7\u00f5es de n\u00edveis superiores a diferen\u00e7a \u00e9 ainda maior, chegando a 31%.<\/span><\/p><p style=\"text-align: justify;\"><span style=\"font-weight: 400;\">\u00c9 necess\u00e1rio que, al\u00e9m de combater discursos patriarcais e machistas como o de Tallis Gomes, as pol\u00edticas de equidade salarial e de oportunidade estejam cada vez mais fortes no \u00e2mbito brasileiro. Somente assim as mulheres ser\u00e3o libertas das amarras hist\u00f3ricas e poder\u00e3o prosperar nos espa\u00e7os que podem &#8211; e devem! &#8211; ocupar.<\/span><\/p><p>\u00a0<\/p><p style=\"text-align: justify;\"><span style=\"font-weight: 400;\">Autora: Beatriz Ac\u00e1cio, sob orienta\u00e7\u00e3o do professor Bruno Lazzarotti<\/span><\/p><p><img decoding=\"async\" class=\"wp-image-3876 size-medium alignleft\" src=\"https:\/\/observatoriodesigualdades.fjp.mg.gov.br\/wp-content\/uploads\/2024\/06\/beatriz_rosa-1-300x96.png\" alt=\"\" width=\"300\" height=\"96\" srcset=\"https:\/\/observatoriodesigualdades.fjp.mg.gov.br\/wp-content\/uploads\/2024\/06\/beatriz_rosa-1-300x96.png 300w, https:\/\/observatoriodesigualdades.fjp.mg.gov.br\/wp-content\/uploads\/2024\/06\/beatriz_rosa-1-1024x328.png 1024w, https:\/\/observatoriodesigualdades.fjp.mg.gov.br\/wp-content\/uploads\/2024\/06\/beatriz_rosa-1-768x246.png 768w, https:\/\/observatoriodesigualdades.fjp.mg.gov.br\/wp-content\/uploads\/2024\/06\/beatriz_rosa-1-1536x492.png 1536w, https:\/\/observatoriodesigualdades.fjp.mg.gov.br\/wp-content\/uploads\/2024\/06\/beatriz_rosa-1.png 1876w\" sizes=\"(max-width: 300px) 100vw, 300px\" \/><\/p><p style=\"text-align: justify;\">\u00a0<\/p><p>\u00a0<\/p><p>\u00a0<\/p><p style=\"text-align: justify;\"><span style=\"font-weight: 400;\">*O Observat\u00f3rio das Desigualdades \u00e9 um projeto de extens\u00e3o. O conte\u00fado e as opini\u00f5es expressas n\u00e3o refletem necessariamente o posicionamento da Funda\u00e7\u00e3o Jo\u00e3o Pinheiro ou do CORECON \u2013 MG<\/span><\/p><p>\u00a0<\/p><p><strong>Refer\u00eancias<\/strong><\/p><p><span style=\"font-weight: 400;\">Minist\u00e9rio do Trabalho e Emprego. 2\u00ba relat\u00f3rio de transpar\u00eancia e igualdade salarial. 2024.<\/span><\/p><p><span style=\"font-weight: 400;\">Minist\u00e9rio do Trabalho e Emprego. Mulheres ganham 20,7% menos que homens em empresas com mais de 100 funcion\u00e1rios, aponta 2\u00b0 Relat\u00f3rio de Transpar\u00eancia Salarial. 2024. Dispon\u00edvel em: <\/span><span style=\"font-weight: 400;\">&lt;https:\/\/www.gov.br\/trabalho-e-emprego\/pt-br\/noticias-e-conteudo\/2024\/Setembro\/mulheres-ganham-20-7-menos-que-homens-em-empresas-com-mais-de-100-funcionarios-aponta-2deg-relatorio-de-transparencia-salarial&gt;.<\/span><\/p><p><span style=\"font-weight: 400;\">BOLZANI, I. g1. Ap\u00f3s dizer &#8216;Deus me livre de mulher CEO&#8217;, Tallis Gomes \u00e9 criticado e pede desculpas. 2024. Dispon\u00edvel em: &lt;<\/span><span style=\"font-weight: 400;\">https:\/\/g1.globo.com\/trabalho-e-carreira\/noticia\/2024\/09\/20\/tallis-gomes-deus-me-livre-de-mulher-ceo-desculpas.ghtml&gt;.<\/span><\/p><p>\u00a0<\/p><p>\u00a0<\/p>\t\t\t\t\t\t\t\t<\/div>\n\t\t\t\t<\/div>\n\t\t\t\t\t<\/div>\n\t\t<\/div>\n\t\t\t\t\t<\/div>\n\t\t<\/section>\n\t\t\t\t<\/div>\n\t\t","protected":false},"excerpt":{"rendered":"<p>As mulheres, diariamente, passam por humilha\u00e7\u00f5es em diferentes esferas, seja em \u00e2mbito privado ou p\u00fablico. \u00c9 comum observar ofensas proferidas por pessoas descuidadas na internet, principalmente em redes sociais. Por\u00e9m, \u00e9 preciso lembrar que a internet n\u00e3o \u00e9 uma terra sem lei. Nos \u00faltimos dias, Tallis Gomes, presidente da G4 Educa\u00e7\u00e3o, n\u00e3o perdeu a oportunidade [&hellip;]<\/p>\n","protected":false},"author":2,"featured_media":3993,"comment_status":"open","ping_status":"open","sticky":false,"template":"","format":"standard","meta":{"ocean_post_layout":"","ocean_both_sidebars_style":"","ocean_both_sidebars_content_width":0,"ocean_both_sidebars_sidebars_width":0,"ocean_sidebar":"0","ocean_second_sidebar":"0","ocean_disable_margins":"enable","ocean_add_body_class":"","ocean_shortcode_before_top_bar":"","ocean_shortcode_after_top_bar":"","ocean_shortcode_before_header":"","ocean_shortcode_after_header":"","ocean_has_shortcode":"","ocean_shortcode_after_title":"","ocean_shortcode_before_footer_widgets":"","ocean_shortcode_after_footer_widgets":"","ocean_shortcode_before_footer_bottom":"","ocean_shortcode_after_footer_bottom":"","ocean_display_top_bar":"default","ocean_display_header":"default","ocean_header_style":"","ocean_center_header_left_menu":"0","ocean_custom_header_template":"0","ocean_custom_logo":0,"ocean_custom_retina_logo":0,"ocean_custom_logo_max_width":0,"ocean_custom_logo_tablet_max_width":0,"ocean_custom_logo_mobile_max_width":0,"ocean_custom_logo_max_height":0,"ocean_custom_logo_tablet_max_height":0,"ocean_custom_logo_mobile_max_height":0,"ocean_header_custom_menu":"0","ocean_menu_typo_font_family":"0","ocean_menu_typo_font_subset":"","ocean_menu_typo_font_size":0,"ocean_menu_typo_font_size_tablet":0,"ocean_menu_typo_font_size_mobile":0,"ocean_menu_typo_font_size_unit":"px","ocean_menu_typo_font_weight":"","ocean_menu_typo_font_weight_tablet":"","ocean_menu_typo_font_weight_mobile":"","ocean_menu_typo_transform":"","ocean_menu_typo_transform_tablet":"","ocean_menu_typo_transform_mobile":"","ocean_menu_typo_line_height":0,"ocean_menu_typo_line_height_tablet":0,"ocean_menu_typo_line_height_mobile":0,"ocean_menu_typo_line_height_unit":"","ocean_menu_typo_spacing":0,"ocean_menu_typo_spacing_tablet":0,"ocean_menu_typo_spacing_mobile":0,"ocean_menu_typo_spacing_unit":"","ocean_menu_link_color":"","ocean_menu_link_color_hover":"","ocean_menu_link_color_active":"","ocean_menu_link_background":"","ocean_menu_link_hover_background":"","ocean_menu_link_active_background":"","ocean_menu_social_links_bg":"","ocean_menu_social_hover_links_bg":"","ocean_menu_social_links_color":"","ocean_menu_social_hover_links_color":"","ocean_disable_title":"default","ocean_disable_heading":"default","ocean_post_title":"","ocean_post_subheading":"","ocean_post_title_style":"","ocean_post_title_background_color":"","ocean_post_title_background":0,"ocean_post_title_bg_image_position":"","ocean_post_title_bg_image_attachment":"","ocean_post_title_bg_image_repeat":"","ocean_post_title_bg_image_size":"","ocean_post_title_height":0,"ocean_post_title_bg_overlay":0.5,"ocean_post_title_bg_overlay_color":"","ocean_disable_breadcrumbs":"default","ocean_breadcrumbs_color":"","ocean_breadcrumbs_separator_color":"","ocean_breadcrumbs_links_color":"","ocean_breadcrumbs_links_hover_color":"","ocean_display_footer_widgets":"default","ocean_display_footer_bottom":"default","ocean_custom_footer_template":"0","ocean_post_oembed":"","ocean_post_self_hosted_media":"","ocean_post_video_embed":"","ocean_link_format":"","ocean_link_format_target":"self","ocean_quote_format":"","ocean_quote_format_link":"post","ocean_gallery_link_images":"on","ocean_gallery_id":[],"footnotes":""},"categories":[1],"tags":[],"class_list":["post-3988","post","type-post","status-publish","format-standard","has-post-thumbnail","hentry","category-analise","entry","has-media"],"_links":{"self":[{"href":"https:\/\/observatoriodesigualdades.fjp.mg.gov.br\/index.php?rest_route=\/wp\/v2\/posts\/3988","targetHints":{"allow":["GET"]}}],"collection":[{"href":"https:\/\/observatoriodesigualdades.fjp.mg.gov.br\/index.php?rest_route=\/wp\/v2\/posts"}],"about":[{"href":"https:\/\/observatoriodesigualdades.fjp.mg.gov.br\/index.php?rest_route=\/wp\/v2\/types\/post"}],"author":[{"embeddable":true,"href":"https:\/\/observatoriodesigualdades.fjp.mg.gov.br\/index.php?rest_route=\/wp\/v2\/users\/2"}],"replies":[{"embeddable":true,"href":"https:\/\/observatoriodesigualdades.fjp.mg.gov.br\/index.php?rest_route=%2Fwp%2Fv2%2Fcomments&post=3988"}],"version-history":[{"count":7,"href":"https:\/\/observatoriodesigualdades.fjp.mg.gov.br\/index.php?rest_route=\/wp\/v2\/posts\/3988\/revisions"}],"predecessor-version":[{"id":3997,"href":"https:\/\/observatoriodesigualdades.fjp.mg.gov.br\/index.php?rest_route=\/wp\/v2\/posts\/3988\/revisions\/3997"}],"wp:featuredmedia":[{"embeddable":true,"href":"https:\/\/observatoriodesigualdades.fjp.mg.gov.br\/index.php?rest_route=\/wp\/v2\/media\/3993"}],"wp:attachment":[{"href":"https:\/\/observatoriodesigualdades.fjp.mg.gov.br\/index.php?rest_route=%2Fwp%2Fv2%2Fmedia&parent=3988"}],"wp:term":[{"taxonomy":"category","embeddable":true,"href":"https:\/\/observatoriodesigualdades.fjp.mg.gov.br\/index.php?rest_route=%2Fwp%2Fv2%2Fcategories&post=3988"},{"taxonomy":"post_tag","embeddable":true,"href":"https:\/\/observatoriodesigualdades.fjp.mg.gov.br\/index.php?rest_route=%2Fwp%2Fv2%2Ftags&post=3988"}],"curies":[{"name":"wp","href":"https:\/\/api.w.org\/{rel}","templated":true}]}}