{"id":4133,"date":"2024-12-27T18:30:12","date_gmt":"2024-12-27T18:30:12","guid":{"rendered":"https:\/\/observatoriodesigualdades.fjp.mg.gov.br\/?p=4133"},"modified":"2025-02-18T15:40:04","modified_gmt":"2025-02-18T15:40:04","slug":"o-poder-das-cancoes-retrospectiva-musical-do-observatorio-das-desigualdades","status":"publish","type":"post","link":"https:\/\/observatoriodesigualdades.fjp.mg.gov.br\/?p=4133","title":{"rendered":"O Poder das Can\u00e7\u00f5es: Retrospectiva Musical do Observat\u00f3rio das Desigualdades\u00a0"},"content":{"rendered":"<p style=\"text-align: left; padding-left: 40px;\"><span style=\"font-weight: 400;\">Durante o ano de 2024 o Observat\u00f3rio das Desigualdades se debru\u00e7ou sobre diversos temas. Dentre eles, podemos citar: a sustentabilidade ambiental, a valoriza\u00e7\u00e3o da cultura negra e brasileira, a diversidade LGBTQIAPN+, a persistente pobreza e desigualdade de renda e tantos outros mais. Diante disso, n\u00e3o poder\u00edamos deixar de fechar esse ciclo de maneira especial atrav\u00e9s da arte, mais especificamente por meio das m\u00fasicas.\u00a0<\/span><\/p>\n<p style=\"text-align: left; padding-left: 40px;\"><span style=\"font-weight: 400;\">Assim, n\u00f3s preparamos uma playlist especial com 25 m\u00fasicas que buscam abarcar os temas tratados pelo grupo, no ano que chega ao final. As can\u00e7\u00f5es elencadas abordam as mais variadas tem\u00e1ticas e s\u00e3o um instrumento poderoso para instigar o pensamento cr\u00edtico e poderosas reflex\u00f5es para o ano de 2025!<\/span><\/p>\n<p style=\"text-align: left; padding-left: 40px;\"><span style=\"font-weight: 400;\">Confira algumas m\u00fasicas selecionadas e acesse a playlist na \u00edntegra no link:https:\/\/open.spotify.com\/playlist\/260ATyjqCuqYCYmS7JxiLX?si=ef3f6840acea4774<\/span><\/p>\n<p>Autora: Clarice Miranda, sob orienta\u00e7\u00e3o do professor Bruno Lazzarotti.<\/p>\n<p>*O Observat\u00f3rio das Desigualdades \u00e9 um projeto de extens\u00e3o. O conte\u00fado e as opini\u00f5es expressas n\u00e3o refletem necessariamente o posicionamento da Funda\u00e7\u00e3o Jo\u00e3o Pinheiro.<\/p>\n","protected":false},"excerpt":{"rendered":"<p>Durante o ano de 2024 o Observat\u00f3rio das Desigualdades se debru\u00e7ou sobre diversos temas. Dentre eles, podemos citar: a sustentabilidade ambiental, a valoriza\u00e7\u00e3o da cultura negra e brasileira, a diversidade LGBTQIAPN+, a persistente pobreza e desigualdade de renda e tantos outros mais. Diante disso, n\u00e3o poder\u00edamos deixar de fechar esse ciclo de maneira especial atrav\u00e9s [&hellip;]<\/p>\n","protected":false},"author":2,"featured_media":4151,"comment_status":"open","ping_status":"open","sticky":false,"template":"","format":"standard","meta":{"ocean_post_layout":"","ocean_both_sidebars_style":"","ocean_both_sidebars_content_width":0,"ocean_both_sidebars_sidebars_width":0,"ocean_sidebar":"0","ocean_second_sidebar":"0","ocean_disable_margins":"enable","ocean_add_body_class":"","ocean_shortcode_before_top_bar":"","ocean_shortcode_after_top_bar":"","ocean_shortcode_before_header":"","ocean_shortcode_after_header":"","ocean_has_shortcode":"","ocean_shortcode_after_title":"","ocean_shortcode_before_footer_widgets":"","ocean_shortcode_after_footer_widgets":"","ocean_shortcode_before_footer_bottom":"","ocean_shortcode_after_footer_bottom":"","ocean_display_top_bar":"default","ocean_display_header":"default","ocean_header_style":"","ocean_center_header_left_menu":"0","ocean_custom_header_template":"0","ocean_custom_logo":0,"ocean_custom_retina_logo":0,"ocean_custom_logo_max_width":0,"ocean_custom_logo_tablet_max_width":0,"ocean_custom_logo_mobile_max_width":0,"ocean_custom_logo_max_height":0,"ocean_custom_logo_tablet_max_height":0,"ocean_custom_logo_mobile_max_height":0,"ocean_header_custom_menu":"0","ocean_menu_typo_font_family":"0","ocean_menu_typo_font_subset":"","ocean_menu_typo_font_size":0,"ocean_menu_typo_font_size_tablet":0,"ocean_menu_typo_font_size_mobile":0,"ocean_menu_typo_font_size_unit":"px","ocean_menu_typo_font_weight":"","ocean_menu_typo_font_weight_tablet":"","ocean_menu_typo_font_weight_mobile":"","ocean_menu_typo_transform":"","ocean_menu_typo_transform_tablet":"","ocean_menu_typo_transform_mobile":"","ocean_menu_typo_line_height":0,"ocean_menu_typo_line_height_tablet":0,"ocean_menu_typo_line_height_mobile":0,"ocean_menu_typo_line_height_unit":"","ocean_menu_typo_spacing":0,"ocean_menu_typo_spacing_tablet":0,"ocean_menu_typo_spacing_mobile":0,"ocean_menu_typo_spacing_unit":"","ocean_menu_link_color":"","ocean_menu_link_color_hover":"","ocean_menu_link_color_active":"","ocean_menu_link_background":"","ocean_menu_link_hover_background":"","ocean_menu_link_active_background":"","ocean_menu_social_links_bg":"","ocean_menu_social_hover_links_bg":"","ocean_menu_social_links_color":"","ocean_menu_social_hover_links_color":"","ocean_disable_title":"default","ocean_disable_heading":"default","ocean_post_title":"","ocean_post_subheading":"","ocean_post_title_style":"","ocean_post_title_background_color":"","ocean_post_title_background":0,"ocean_post_title_bg_image_position":"","ocean_post_title_bg_image_attachment":"","ocean_post_title_bg_image_repeat":"","ocean_post_title_bg_image_size":"","ocean_post_title_height":0,"ocean_post_title_bg_overlay":0.5,"ocean_post_title_bg_overlay_color":"","ocean_disable_breadcrumbs":"default","ocean_breadcrumbs_color":"","ocean_breadcrumbs_separator_color":"","ocean_breadcrumbs_links_color":"","ocean_breadcrumbs_links_hover_color":"","ocean_display_footer_widgets":"default","ocean_display_footer_bottom":"default","ocean_custom_footer_template":"0","ocean_post_oembed":"","ocean_post_self_hosted_media":"","ocean_post_video_embed":"","ocean_link_format":"","ocean_link_format_target":"self","ocean_quote_format":"","ocean_quote_format_link":"post","ocean_gallery_link_images":"on","ocean_gallery_id":[4134],"footnotes":""},"categories":[76,53],"tags":[],"class_list":["post-4133","post","type-post","status-publish","format-standard","has-post-thumbnail","hentry","category-arte","category-cultura","entry","has-media"],"_links":{"self":[{"href":"https:\/\/observatoriodesigualdades.fjp.mg.gov.br\/index.php?rest_route=\/wp\/v2\/posts\/4133","targetHints":{"allow":["GET"]}}],"collection":[{"href":"https:\/\/observatoriodesigualdades.fjp.mg.gov.br\/index.php?rest_route=\/wp\/v2\/posts"}],"about":[{"href":"https:\/\/observatoriodesigualdades.fjp.mg.gov.br\/index.php?rest_route=\/wp\/v2\/types\/post"}],"author":[{"embeddable":true,"href":"https:\/\/observatoriodesigualdades.fjp.mg.gov.br\/index.php?rest_route=\/wp\/v2\/users\/2"}],"replies":[{"embeddable":true,"href":"https:\/\/observatoriodesigualdades.fjp.mg.gov.br\/index.php?rest_route=%2Fwp%2Fv2%2Fcomments&post=4133"}],"version-history":[{"count":4,"href":"https:\/\/observatoriodesigualdades.fjp.mg.gov.br\/index.php?rest_route=\/wp\/v2\/posts\/4133\/revisions"}],"predecessor-version":[{"id":4138,"href":"https:\/\/observatoriodesigualdades.fjp.mg.gov.br\/index.php?rest_route=\/wp\/v2\/posts\/4133\/revisions\/4138"}],"wp:featuredmedia":[{"embeddable":true,"href":"https:\/\/observatoriodesigualdades.fjp.mg.gov.br\/index.php?rest_route=\/wp\/v2\/media\/4151"}],"wp:attachment":[{"href":"https:\/\/observatoriodesigualdades.fjp.mg.gov.br\/index.php?rest_route=%2Fwp%2Fv2%2Fmedia&parent=4133"}],"wp:term":[{"taxonomy":"category","embeddable":true,"href":"https:\/\/observatoriodesigualdades.fjp.mg.gov.br\/index.php?rest_route=%2Fwp%2Fv2%2Fcategories&post=4133"},{"taxonomy":"post_tag","embeddable":true,"href":"https:\/\/observatoriodesigualdades.fjp.mg.gov.br\/index.php?rest_route=%2Fwp%2Fv2%2Ftags&post=4133"}],"curies":[{"name":"wp","href":"https:\/\/api.w.org\/{rel}","templated":true}]}}