{"id":4161,"date":"2025-03-06T20:25:02","date_gmt":"2025-03-06T20:25:02","guid":{"rendered":"https:\/\/observatoriodesigualdades.fjp.mg.gov.br\/?p=4161"},"modified":"2025-03-06T20:25:02","modified_gmt":"2025-03-06T20:25:02","slug":"populacao-indigena-no-brasil-crescimento-distribuicao-e-transformacoes-a-luz-do-censo-2022","status":"publish","type":"post","link":"https:\/\/observatoriodesigualdades.fjp.mg.gov.br\/?p=4161","title":{"rendered":"Popula\u00e7\u00e3o Ind\u00edgena no Brasil: Crescimento, Distribui\u00e7\u00e3o e Transforma\u00e7\u00f5es \u00e0 Luz do Censo 2022"},"content":{"rendered":"<p><span style=\"font-weight: 400;\">A popula\u00e7\u00e3o ind\u00edgena e seus modos de vida representam uma dimens\u00e3o fundamental da diversidade cultural brasileira. Desde os primeiros contatos com os povos origin\u00e1rios, a hist\u00f3ria do pa\u00eds tem sido marcada por profundas transforma\u00e7\u00f5es nas din\u00e2micas sociais e territoriais dessas comunidades. A coloniza\u00e7\u00e3o imposta pelos portugueses n\u00e3o apenas alterou drasticamente seus modos de vida, mas tamb\u00e9m resultou no genoc\u00eddio de grande parte da popula\u00e7\u00e3o ind\u00edgena, seja pela viol\u00eancia direta, seja pela dissemina\u00e7\u00e3o de doen\u00e7as, pela explora\u00e7\u00e3o for\u00e7ada ou pela perda de seus territ\u00f3rios.<\/span><\/p>\n<p><span style=\"font-weight: 400;\">Apesar dos avan\u00e7os legais na prote\u00e7\u00e3o dos povos ind\u00edgenas assegurados pela Constitui\u00e7\u00e3o de 1988, esses grupos ainda enfrentam discrimina\u00e7\u00e3o e diversas formas de vulnerabilidade. Muitas vezes, s\u00e3o estereotipados como primitivos ou atrasados por n\u00e3o seguirem o modelo de vida capitalista. Al\u00e9m disso, seus territ\u00f3rios continuam amea\u00e7ados pelo desmatamento associado a atividades explorat\u00f3rias. Entre agosto de 2018 e julho de 2019, aproximadamente 423,3 km\u00b2 de terras ind\u00edgenas foram destru\u00eddos, for\u00e7ando o deslocamento de milhares de pessoas, muitas das quais tiveram que se estabelecer em \u00e1reas urbanas, enfrentando desafios ainda maiores para a preserva\u00e7\u00e3o de sua cultura e modos de vida.<\/span><\/p>\n<p><span style=\"font-weight: 400;\">Sob essa perspectiva, o Censo Demogr\u00e1fico de 2022, realizado pelo Instituto Brasileiro de Geografia e Estat\u00edstica (IBGE), trouxe novos dados que ampliam a compreens\u00e3o sobre o crescimento populacional, a distribui\u00e7\u00e3o territorial e as mudan\u00e7as entre os povos ind\u00edgenas. Com isso, a pesquisa revelou que no Brasil residem cerca de 1.693.535 ind\u00edgenas, representando 0,83% da popula\u00e7\u00e3o total do pa\u00eds. Em compara\u00e7\u00e3o com o Censo Demogr\u00e1fico de 2010, que registrou 896.917 ind\u00edgenas (0,47% da popula\u00e7\u00e3o brasileira na \u00e9poca), observou-se um crescimento expressivo de 88,82% no n\u00famero de pessoas que se autodeclaram ind\u00edgenas.\u00a0<\/span><\/p>\n<p><b>Onde Est\u00e1 a Popula\u00e7\u00e3o Indigena no Brasil?<\/b><\/p>\n<p><span style=\"font-weight: 400;\">Ao analisar a popula\u00e7\u00e3o ind\u00edgena por regi\u00f5es, a Regi\u00e3o Norte se destaca por abrigar 44,48% desse grupo, totalizando 753.357 pessoas. Em seguida, a Regi\u00e3o Nordeste concentra 31,22%, com 528.800 ind\u00edgenas. A Regi\u00e3o Centro-Oeste aparece com 11,80% (199.912 pessoas), enquanto a Regi\u00e3o Sudeste e a Regi\u00e3o Sul possuem, respectivamente, 7,28% (123.369 pessoas) e 5,20% (88.097 pessoas). Juntas, as Regi\u00f5es Norte e Nordeste representam 75,71% da popula\u00e7\u00e3o ind\u00edgena residente no Brasil, evidenciando sua predomin\u00e2ncia no cen\u00e1rio nacional. Como pode ser observado no gr\u00e1fico divulgado pelo IBGE:<\/span><\/p>\n<p><img fetchpriority=\"high\" decoding=\"async\" class=\"aligncenter size-full wp-image-4164\" src=\"https:\/\/observatoriodesigualdades.fjp.mg.gov.br\/wp-content\/uploads\/2025\/03\/Captura-de-Tela-487-e1741292016495.png\" alt=\"\" width=\"596\" height=\"402\" srcset=\"https:\/\/observatoriodesigualdades.fjp.mg.gov.br\/wp-content\/uploads\/2025\/03\/Captura-de-Tela-487-e1741292016495.png 596w, https:\/\/observatoriodesigualdades.fjp.mg.gov.br\/wp-content\/uploads\/2025\/03\/Captura-de-Tela-487-e1741292016495-300x202.png 300w\" sizes=\"(max-width: 596px) 100vw, 596px\" \/><\/p>\n<p style=\"text-align: center;\"><span style=\"font-weight: 400;\">Fonte: IBGE, Censo Demogr\u00e1fico 2010\/2022.\u00a0<\/span><\/p>\n<p><span style=\"font-weight: 400;\">Sobre esses dados, a pesquisa revelou que a maior parte dos ind\u00edgenas no Brasil, cerca de 867,9 mil pessoas (51,2%), vivem na Amaz\u00f4nia Legal. Essa regi\u00e3o abrange todos os estados do Norte, al\u00e9m do Mato Grosso e parte do Maranh\u00e3o, correspondendo a cerca de 59% do territ\u00f3rio brasileiro. Criada em 1953 para promover o desenvolvimento econ\u00f4mico e social, a Amaz\u00f4nia Legal \u00e9 uma \u00e1rea importante para pol\u00edticas p\u00fablicas voltadas \u00e0 preserva\u00e7\u00e3o ambiental e \u00e0 inclus\u00e3o das popula\u00e7\u00f5es tradicionais, incluindo os povos ind\u00edgenas. \u00c9 tamb\u00e9m a regi\u00e3o com maior concentra\u00e7\u00e3o de Terras Ind\u00edgenas delimitadas, destacando sua import\u00e2ncia na preserva\u00e7\u00e3o das culturas e modos de vida dessa popula\u00e7\u00e3o.<\/span><\/p>\n<p><span style=\"font-weight: 400;\">Assim, a Terra Ind\u00edgena Yanomami (AM\/RR) apresenta o maior n\u00famero de ind\u00edgenas no pa\u00eds, totalizando 27.152 pessoas, o que equivale a 4,36% da popula\u00e7\u00e3o ind\u00edgena residente em Terras Ind\u00edgenas. Em seguida, destacam-se a Terra Ind\u00edgena Raposa Serra do Sol (RR), com 26.176 ind\u00edgenas, e a Terra Ind\u00edgena \u00c9vare I (AM), que abriga 20.177 pessoas.\u00a0<\/span><\/p>\n<p><img decoding=\"async\" class=\"aligncenter size-full wp-image-4163\" src=\"https:\/\/observatoriodesigualdades.fjp.mg.gov.br\/wp-content\/uploads\/2025\/03\/censo_indgenaspopulacao_indigena_TIfinal.png\" alt=\"\" width=\"750\" height=\"840\" srcset=\"https:\/\/observatoriodesigualdades.fjp.mg.gov.br\/wp-content\/uploads\/2025\/03\/censo_indgenaspopulacao_indigena_TIfinal.png 750w, https:\/\/observatoriodesigualdades.fjp.mg.gov.br\/wp-content\/uploads\/2025\/03\/censo_indgenaspopulacao_indigena_TIfinal-268x300.png 268w\" sizes=\"(max-width: 750px) 100vw, 750px\" \/><\/p>\n<p style=\"text-align: center;\"><span style=\"font-weight: 400;\">Fonte: IBGE Censo Demogr\u00e1fico 2022<\/span><\/p>\n<p><span style=\"font-weight: 400;\">A popula\u00e7\u00e3o ind\u00edgena pode se encontrar em \u00e1reas rurais ou urbanas. Assim como em territ\u00f3rios delimitados como ind\u00edgenas ou n\u00e3o. Sob essa \u00f3tica, em 2022, a maioria da popula\u00e7\u00e3o ind\u00edgena, cerca de 53,97% (914.746 pessoas), vivia em \u00e1reas urbanas, enquanto 46,03% (780.090 pessoas) residiam em \u00e1reas rurais. Esse cen\u00e1rio representa uma mudan\u00e7a significativa em rela\u00e7\u00e3o a 2010, quando 36,22% (324.834 pessoas) dos ind\u00edgenas habitavam \u00e1reas urbanas e 63,78% (572.083 pessoas) estavam em \u00e1reas rurais. Nesse per\u00edodo, a popula\u00e7\u00e3o ind\u00edgena em \u00e1reas urbanas registrou um crescimento expressivo de 181,6%, com um acr\u00e9scimo de 589.912 pessoas. Tal realidade pode ser vista no gr\u00e1fico divulgado pelo IBGE:<\/span><\/p>\n<p><img decoding=\"async\" class=\"aligncenter size-full wp-image-4165\" src=\"https:\/\/observatoriodesigualdades.fjp.mg.gov.br\/wp-content\/uploads\/2025\/03\/Captura-de-Tela-489-e1741292137110.png\" alt=\"\" width=\"616\" height=\"349\" srcset=\"https:\/\/observatoriodesigualdades.fjp.mg.gov.br\/wp-content\/uploads\/2025\/03\/Captura-de-Tela-489-e1741292137110.png 616w, https:\/\/observatoriodesigualdades.fjp.mg.gov.br\/wp-content\/uploads\/2025\/03\/Captura-de-Tela-489-e1741292137110-300x170.png 300w\" sizes=\"(max-width: 616px) 100vw, 616px\" \/><\/p>\n<p style=\"text-align: center;\"><span style=\"font-weight: 400;\">Fonte: IBGE Censo 2022<\/span><\/p>\n<p><span style=\"font-weight: 400;\">Sob essa \u00f3tica, ao se debru\u00e7ar sobre a popula\u00e7\u00e3o indigena sob o recorte por domic\u00edlio, foi poss\u00edvel aferir que entre os 72,4 milh\u00f5es de domic\u00edlios particulares no Brasil, 630.041 (0,87%) t\u00eam pelo menos um morador ind\u00edgena. Sendo que 21,79% (137.256) est\u00e3o em Terras Ind\u00edgenas, enquanto 78,21% (492.785) est\u00e3o fora das Terras Ind\u00edgenas.<\/span><\/p>\n<p><b>Mudan\u00e7a de Metodologia e Valoriza\u00e7\u00e3o da Identidade Indigena<\/b><\/p>\n<p><span style=\"font-weight: 400;\">Diante disso, o crescimento no n\u00famero de ind\u00edgenas em \u00e1reas urbanas e fora das Terras Ind\u00edgenas pode ser explicado pela mudan\u00e7a metodol\u00f3gica implementada pelo IBGE no Censo de 2022. Tradicionalmente, a identifica\u00e7\u00e3o de ind\u00edgenas no Censo era feita quando um indiv\u00edduo respondia &#8220;ind\u00edgena&#8221; \u00e0 pergunta sobre sua cor. Entretanto, o instituto de pesquisa percebeu que muitas pessoas com ascend\u00eancia ind\u00edgena se identificavam como \u201cpardas\u201d.\u00a0<\/span><\/p>\n<p><span style=\"font-weight: 400;\">Com isso, em 2022, os entrevistadores passaram a fazer a pergunta adicional &#8220;Voc\u00ea se considera ind\u00edgena?&#8221; em \u00e1reas que, embora n\u00e3o fossem oficialmente Terras Ind\u00edgenas, possu\u00edam presen\u00e7a de povos origin\u00e1rios. Essa mudan\u00e7a permitiu um reconhecimento mais amplo da identidade ind\u00edgena em diversas localidades. Al\u00e9m disso, o IBGE destacou a realiza\u00e7\u00e3o de um extenso processo de consulta com lideran\u00e7as e comunidades ind\u00edgenas, garantindo maior precis\u00e3o nos dados e promovendo uma compreens\u00e3o mais detalhada da situa\u00e7\u00e3o dessa popula\u00e7\u00e3o no Brasil.<\/span><\/p>\n<p><span style=\"font-weight: 400;\">Imagem: Carta Capital<\/span><\/p>\n<p>&nbsp;<\/p>\n<p><span style=\"font-weight: 400;\">Portanto, a mudan\u00e7a de perspectiva adotada pelo IBGE contribui para desconstruir estere\u00f3tipos que associavam a popula\u00e7\u00e3o ind\u00edgena unicamente a aldeias e lugares isolados. Ao ampliar o debate sobre identifica\u00e7\u00e3o e cor, o Censo de 2022 proporcionou uma vis\u00e3o mais inclusiva e precisa da diversidade ind\u00edgena no Brasil, permitindo um reconhecimento mais amplo da identidade ind\u00edgena em contextos urbanos e n\u00e3o restritos \u00e0s Terras Ind\u00edgenas.<\/span><\/p>\n<p><b>Juventude e Vulnerabilidades\u00a0<\/b><\/p>\n<p><span style=\"font-weight: 400;\">Ao analisarmos a pir\u00e2mide et\u00e1ria da popula\u00e7\u00e3o ind\u00edgena brasileira, alguns aspectos se destacam. A popula\u00e7\u00e3o ind\u00edgena \u00e9 significativamente mais jovem em compara\u00e7\u00e3o com a m\u00e9dia nacional, refletindo a vulnerabilidade hist\u00f3rica e social a que esses povos est\u00e3o submetidos. Entre os ind\u00edgenas, 56,10% t\u00eam menos de 30 anos, enquanto no restante da popula\u00e7\u00e3o esse percentual \u00e9 de apenas 42,07%. A idade m\u00e9dia dos ind\u00edgenas \u00e9 de 25 anos, em contraste com os 35 anos da m\u00e9dia nacional. Essa predomin\u00e2ncia da juventude \u00e9 ainda mais evidente entre aqueles que vivem em Terras Ind\u00edgenas, onde a idade m\u00e9dia cai para apenas 19 anos, comparada a 30 anos entre os que residem fora dessas \u00e1reas. Com isso, pode-se inferir que esse perfil demogr\u00e1fico est\u00e1 diretamente ligado a fatores como menor expectativa de vida, dificuldades no acesso \u00e0 pol\u00edticas p\u00fablicas, al\u00e9m dos impactos da marginaliza\u00e7\u00e3o e da perda de seus territ\u00f3rios tradicionais.<\/span><\/p>\n<p><span style=\"font-weight: 400;\">Sob essa \u00f3tica, o acesso limitado a servi\u00e7os essenciais, como sa\u00fade e saneamento, contribui para altas taxas de mortalidade e uma expectativa de vida reduzida em rela\u00e7\u00e3o \u00e0 m\u00e9dia nacional. Nas Terras Ind\u00edgenas, a falta de infraestrutura adequada, incluindo \u00e1gua pot\u00e1vel, estradas e assist\u00eancia m\u00e9dica, \u00e9 agravada pela atua\u00e7\u00e3o de grileiros e outros agentes econ\u00f4micos que intensificam os conflitos pela posse da terra e explora\u00e7\u00e3o dos recursos naturais. Essas condi\u00e7\u00f5es impactam diretamente a estrutura et\u00e1ria da popula\u00e7\u00e3o, dificultando a longevidade e resultando em uma predomin\u00e2ncia de ind\u00edgenas jovens.<\/span><\/p>\n<p><span style=\"font-weight: 400;\">Outro fator a ser levado em considera\u00e7\u00e3o \u00e9 a diferen\u00e7a na idade mediana entre ind\u00edgenas que vivem em \u00e1reas urbanas e aqueles que residem em \u00e1reas rurais. Em 2022, a idade mediana da popula\u00e7\u00e3o ind\u00edgena urbana e fora das Terras Ind\u00edgenas era de 32 anos. Por outro lado, os ind\u00edgenas que viviam em \u00e1reas rurais e dentro das Terras Ind\u00edgenas apresentavam uma idade mediana de apenas 18 anos. Essa discrep\u00e2ncia evidencia n\u00e3o apenas as diferen\u00e7as no acesso a pol\u00edticas e servi\u00e7os entre os dois grupos, mas tamb\u00e9m os desafios enfrentados pelas comunidades em manter condi\u00e7\u00f5es dignas em territ\u00f3rios rurais, onde problemas relacionados \u00e0 infraestrutura impactam na qualidade de vida da popula\u00e7\u00e3o.<\/span><\/p>\n<p><span style=\"font-weight: 400;\">Diante disso, a pir\u00e2mide et\u00e1ria da popula\u00e7\u00e3o ind\u00edgena apresenta um formato triangular com base mais larga, especialmente dentro das Terras Ind\u00edgenas, evidenciando uma popula\u00e7\u00e3o predominantemente jovem.<\/span><\/p>\n<p>&nbsp;<\/p>\n<p><img loading=\"lazy\" decoding=\"async\" class=\"aligncenter size-full wp-image-4162\" src=\"https:\/\/observatoriodesigualdades.fjp.mg.gov.br\/wp-content\/uploads\/2025\/03\/indigena-graf-31.png\" alt=\"\" width=\"750\" height=\"700\" srcset=\"https:\/\/observatoriodesigualdades.fjp.mg.gov.br\/wp-content\/uploads\/2025\/03\/indigena-graf-31.png 750w, https:\/\/observatoriodesigualdades.fjp.mg.gov.br\/wp-content\/uploads\/2025\/03\/indigena-graf-31-300x280.png 300w\" sizes=\"(max-width: 750px) 100vw, 750px\" \/><\/p>\n<p><b>Para Al\u00e9m do Censo Demogr\u00e1fico\u00a0<\/b><\/p>\n<p><span style=\"font-weight: 400;\">O Censo de 2022 desempenha um papel fundamental na compreens\u00e3o da composi\u00e7\u00e3o da popula\u00e7\u00e3o ind\u00edgena no Brasil, n\u00e3o apenas em termos quantitativos, mas tamb\u00e9m em rela\u00e7\u00e3o ao modo de vida desse grupo. Os dados revelam a diversidade e a complexidade da realidade ind\u00edgena, evidenciando a necessidade urgente de pol\u00edticas p\u00fablicas que sejam sens\u00edveis e inclusivas. Garantir os direitos dos povos ind\u00edgenas exige o reconhecimento de suas especificidades culturais, sociais e territoriais, bem como a promo\u00e7\u00e3o do acesso equitativo a servi\u00e7os essenciais. Uma abordagem que respeite essa diversidade \u00e9 indispens\u00e1vel para enfrentar as desigualdades estruturais e construir um futuro mais justo para as popula\u00e7\u00f5es ind\u00edgenas.<\/span><\/p>\n<p><strong>Refer\u00eancias:\u00a0<\/strong><\/p>\n<p data-start=\"139\" data-end=\"475\">INSTITUTO BRASILEIRO DE GEOGRAFIA E ESTAT\u00cdSTICA. Censo Demogr\u00e1fico 2022: resultados sobre a popula\u00e7\u00e3o ind\u00edgena. Dispon\u00edvel em:<a href=\"https:\/\/agenciadenoticias.ibge.gov.br\/media\/com_mediaibge\/arquivos\/3eab5332885ebf5569bf44955c31b827.pdf\"> https:\/\/www.ibge.gov.br\/estatisticas\/sociais\/populacao\/12345-censo-demografico-2022.html<\/a>. Acesso em: 6 mar. 2025.<\/p>\n<p data-start=\"139\" data-end=\"475\"><strong>Autores:<\/strong><\/p>\n<p data-start=\"139\" data-end=\"475\">Bruno Lazarroti e Clarice Miranda<\/p>\n<p data-start=\"477\" data-end=\"689\">\n","protected":false},"excerpt":{"rendered":"<p>A popula\u00e7\u00e3o ind\u00edgena e seus modos de vida representam uma dimens\u00e3o fundamental da diversidade cultural brasileira. Desde os primeiros contatos com os povos origin\u00e1rios, a hist\u00f3ria do pa\u00eds tem sido marcada por profundas transforma\u00e7\u00f5es nas din\u00e2micas sociais e territoriais dessas comunidades. A coloniza\u00e7\u00e3o imposta pelos portugueses n\u00e3o apenas alterou drasticamente seus modos de vida, mas [&hellip;]<\/p>\n","protected":false},"author":2,"featured_media":4168,"comment_status":"open","ping_status":"open","sticky":false,"template":"","format":"standard","meta":{"ocean_post_layout":"","ocean_both_sidebars_style":"","ocean_both_sidebars_content_width":0,"ocean_both_sidebars_sidebars_width":0,"ocean_sidebar":"0","ocean_second_sidebar":"0","ocean_disable_margins":"enable","ocean_add_body_class":"","ocean_shortcode_before_top_bar":"","ocean_shortcode_after_top_bar":"","ocean_shortcode_before_header":"","ocean_shortcode_after_header":"","ocean_has_shortcode":"","ocean_shortcode_after_title":"","ocean_shortcode_before_footer_widgets":"","ocean_shortcode_after_footer_widgets":"","ocean_shortcode_before_footer_bottom":"","ocean_shortcode_after_footer_bottom":"","ocean_display_top_bar":"default","ocean_display_header":"default","ocean_header_style":"","ocean_center_header_left_menu":"0","ocean_custom_header_template":"0","ocean_custom_logo":0,"ocean_custom_retina_logo":0,"ocean_custom_logo_max_width":0,"ocean_custom_logo_tablet_max_width":0,"ocean_custom_logo_mobile_max_width":0,"ocean_custom_logo_max_height":0,"ocean_custom_logo_tablet_max_height":0,"ocean_custom_logo_mobile_max_height":0,"ocean_header_custom_menu":"0","ocean_menu_typo_font_family":"0","ocean_menu_typo_font_subset":"","ocean_menu_typo_font_size":0,"ocean_menu_typo_font_size_tablet":0,"ocean_menu_typo_font_size_mobile":0,"ocean_menu_typo_font_size_unit":"px","ocean_menu_typo_font_weight":"","ocean_menu_typo_font_weight_tablet":"","ocean_menu_typo_font_weight_mobile":"","ocean_menu_typo_transform":"","ocean_menu_typo_transform_tablet":"","ocean_menu_typo_transform_mobile":"","ocean_menu_typo_line_height":0,"ocean_menu_typo_line_height_tablet":0,"ocean_menu_typo_line_height_mobile":0,"ocean_menu_typo_line_height_unit":"","ocean_menu_typo_spacing":0,"ocean_menu_typo_spacing_tablet":0,"ocean_menu_typo_spacing_mobile":0,"ocean_menu_typo_spacing_unit":"","ocean_menu_link_color":"","ocean_menu_link_color_hover":"","ocean_menu_link_color_active":"","ocean_menu_link_background":"","ocean_menu_link_hover_background":"","ocean_menu_link_active_background":"","ocean_menu_social_links_bg":"","ocean_menu_social_hover_links_bg":"","ocean_menu_social_links_color":"","ocean_menu_social_hover_links_color":"","ocean_disable_title":"default","ocean_disable_heading":"default","ocean_post_title":"","ocean_post_subheading":"","ocean_post_title_style":"","ocean_post_title_background_color":"","ocean_post_title_background":0,"ocean_post_title_bg_image_position":"","ocean_post_title_bg_image_attachment":"","ocean_post_title_bg_image_repeat":"","ocean_post_title_bg_image_size":"","ocean_post_title_height":0,"ocean_post_title_bg_overlay":0.5,"ocean_post_title_bg_overlay_color":"","ocean_disable_breadcrumbs":"default","ocean_breadcrumbs_color":"","ocean_breadcrumbs_separator_color":"","ocean_breadcrumbs_links_color":"","ocean_breadcrumbs_links_hover_color":"","ocean_display_footer_widgets":"default","ocean_display_footer_bottom":"default","ocean_custom_footer_template":"0","ocean_post_oembed":"","ocean_post_self_hosted_media":"","ocean_post_video_embed":"","ocean_link_format":"","ocean_link_format_target":"self","ocean_quote_format":"","ocean_quote_format_link":"post","ocean_gallery_link_images":"on","ocean_gallery_id":[],"footnotes":""},"categories":[1],"tags":[],"class_list":["post-4161","post","type-post","status-publish","format-standard","has-post-thumbnail","hentry","category-analise","entry","has-media"],"_links":{"self":[{"href":"https:\/\/observatoriodesigualdades.fjp.mg.gov.br\/index.php?rest_route=\/wp\/v2\/posts\/4161","targetHints":{"allow":["GET"]}}],"collection":[{"href":"https:\/\/observatoriodesigualdades.fjp.mg.gov.br\/index.php?rest_route=\/wp\/v2\/posts"}],"about":[{"href":"https:\/\/observatoriodesigualdades.fjp.mg.gov.br\/index.php?rest_route=\/wp\/v2\/types\/post"}],"author":[{"embeddable":true,"href":"https:\/\/observatoriodesigualdades.fjp.mg.gov.br\/index.php?rest_route=\/wp\/v2\/users\/2"}],"replies":[{"embeddable":true,"href":"https:\/\/observatoriodesigualdades.fjp.mg.gov.br\/index.php?rest_route=%2Fwp%2Fv2%2Fcomments&post=4161"}],"version-history":[{"count":1,"href":"https:\/\/observatoriodesigualdades.fjp.mg.gov.br\/index.php?rest_route=\/wp\/v2\/posts\/4161\/revisions"}],"predecessor-version":[{"id":4169,"href":"https:\/\/observatoriodesigualdades.fjp.mg.gov.br\/index.php?rest_route=\/wp\/v2\/posts\/4161\/revisions\/4169"}],"wp:featuredmedia":[{"embeddable":true,"href":"https:\/\/observatoriodesigualdades.fjp.mg.gov.br\/index.php?rest_route=\/wp\/v2\/media\/4168"}],"wp:attachment":[{"href":"https:\/\/observatoriodesigualdades.fjp.mg.gov.br\/index.php?rest_route=%2Fwp%2Fv2%2Fmedia&parent=4161"}],"wp:term":[{"taxonomy":"category","embeddable":true,"href":"https:\/\/observatoriodesigualdades.fjp.mg.gov.br\/index.php?rest_route=%2Fwp%2Fv2%2Fcategories&post=4161"},{"taxonomy":"post_tag","embeddable":true,"href":"https:\/\/observatoriodesigualdades.fjp.mg.gov.br\/index.php?rest_route=%2Fwp%2Fv2%2Ftags&post=4161"}],"curies":[{"name":"wp","href":"https:\/\/api.w.org\/{rel}","templated":true}]}}