{"id":4241,"date":"2025-05-09T16:19:41","date_gmt":"2025-05-09T16:19:41","guid":{"rendered":"https:\/\/observatoriodesigualdades.fjp.mg.gov.br\/?p=4241"},"modified":"2025-06-06T18:49:51","modified_gmt":"2025-06-06T18:49:51","slug":"quem-tem-medo-da-diversidade-um-panorama-geral-sobre-a-luta-por-direitos-lbgbtqia","status":"publish","type":"post","link":"https:\/\/observatoriodesigualdades.fjp.mg.gov.br\/?p=4241","title":{"rendered":"Quem Tem Medo da Diversidade? Um panorama geral sobre a luta por direitos LGBTQIA+"},"content":{"rendered":"\t\t<div data-elementor-type=\"wp-post\" data-elementor-id=\"4241\" class=\"elementor elementor-4241\">\n\t\t\t\t\t\t<section class=\"elementor-section elementor-top-section elementor-element elementor-element-5aeb1dc3 elementor-section-boxed elementor-section-height-default elementor-section-height-default\" data-id=\"5aeb1dc3\" data-element_type=\"section\" data-e-type=\"section\">\n\t\t\t\t\t\t<div class=\"elementor-container elementor-column-gap-default\">\n\t\t\t\t\t<div class=\"elementor-column elementor-col-100 elementor-top-column elementor-element elementor-element-c59da78\" data-id=\"c59da78\" data-element_type=\"column\" data-e-type=\"column\">\n\t\t\t<div class=\"elementor-widget-wrap elementor-element-populated\">\n\t\t\t\t\t\t<div class=\"elementor-element elementor-element-1b61d2c elementor-widget elementor-widget-text-editor\" data-id=\"1b61d2c\" data-element_type=\"widget\" data-e-type=\"widget\" data-widget_type=\"text-editor.default\">\n\t\t\t\t<div class=\"elementor-widget-container\">\n\t\t\t\t\t\t\t\t\t&nbsp;\n\n<span style=\"font-weight: 400;\">\u200c<\/span>\n\n&nbsp;\n\n<span style=\"font-weight: 400;\">\u200c<\/span>\n\n&nbsp;\t\t\t\t\t\t\t\t<\/div>\n\t\t\t\t<\/div>\n\t\t\t\t\t<\/div>\n\t\t<\/div>\n\t\t\t\t\t<\/div>\n\t\t<\/section>\n\t\t\t\t<section class=\"elementor-section elementor-top-section elementor-element elementor-element-5afc956 elementor-section-boxed elementor-section-height-default elementor-section-height-default\" data-id=\"5afc956\" data-element_type=\"section\" data-e-type=\"section\">\n\t\t\t\t\t\t<div class=\"elementor-container elementor-column-gap-default\">\n\t\t\t\t\t<div class=\"elementor-column elementor-col-100 elementor-top-column elementor-element elementor-element-9a716d1\" data-id=\"9a716d1\" data-element_type=\"column\" data-e-type=\"column\">\n\t\t\t<div class=\"elementor-widget-wrap elementor-element-populated\">\n\t\t\t\t\t\t<div class=\"elementor-element elementor-element-73ff20a elementor-drop-cap-yes elementor-drop-cap-view-default elementor-widget elementor-widget-text-editor\" data-id=\"73ff20a\" data-element_type=\"widget\" data-e-type=\"widget\" data-settings=\"{&quot;drop_cap&quot;:&quot;yes&quot;}\" data-widget_type=\"text-editor.default\">\n\t\t\t\t<div class=\"elementor-widget-container\">\n\t\t\t\t\t\t\t\t\t<p><b style=\"font-size: 15px;\">O movimento LGBTQIA+ e suas identidades&nbsp;<\/b><\/p>\n<p><\/p>\n<p><b>Stonewall Inn<\/b><span style=\"font-weight: 400;\"> era apenas um bar onde havia grande concentra\u00e7\u00e3o de pessoas LGBTQIA+ e shows de drag queens. No entanto, pela forma como a homossexualidade era vista na \u00e9poca, era constantemente v\u00edtima de batidas policias truculentas e violentas, e as pessoas que o frequentavam eram frequentemente <\/span><b>agredidas e detidas<\/b><span style=\"font-weight: 400;\"> pela pol\u00edcia. At\u00e9 que no dia 28 de junho de 1969, houve uma resposta coletiva, que ficou <\/span><span style=\"font-weight: 400;\">conhecida<\/span><span style=\"font-weight: 400;\"> como rebeli\u00e3o de Stonewall,<\/span><b> marco hist\u00f3rico dos movimentos sociais<\/b><span style=\"font-weight: 400;\"> de luta pelos direitos dessa popula\u00e7\u00e3o. Para o <\/span><span style=\"font-weight: 400;\">&nbsp;<\/span><span style=\"font-weight: 400;\">vice-coordenador do Programa de P\u00f3s-Gradua\u00e7\u00e3o em Ci\u00eancia Social (Antropologia Social) da FFLCH-USP, J\u00falio Sim\u00f5es (2023), o evento teve grande relev\u00e2ncia cultural para a <\/span><b>ascens\u00e3o do orgulho LGBTQIA+ no Brasil<\/b><span style=\"font-weight: 400;\"> durante os anos 70.<\/span><\/p>\n<p><span style=\"font-weight: normal;\"><span style=\"font-size: 12pt; font-family: Arial, sans-serif; color: #000000; background-color: transparent; font-weight: 400; font-style: normal; font-variant: normal; white-space-collapse: preserve;\"><span style=\"border-width: initial; border-style: none; display: inline-block; overflow: hidden; width: 466px; height: 311px;\"><img fetchpriority=\"high\" decoding=\"async\" src=\"https:\/\/lh7-rt.googleusercontent.com\/docsz\/AD_4nXdZ62EUdmUK_VW4emrBSmXOj2YPKPiN4uwujghGzRrRaOy6aRzW8FbbZh1mX7NDi3kE_8VInLjDjzMhN5lHBGnd4cdEl7Tnxu28UJyxQomA7KdoIQKnpQgfnPlrwQ7IwZJAAu1rrg?key=ZpyaG8Sh9Vc0pnoWvJtWgIqY\" width=\"466\" height=\"311\"><\/span><\/span><\/span><\/p>\n<p><\/p>\n<p><span style=\"font-weight: 400;\">Imagem: Politize!<\/span><\/p>\n<p><span style=\"font-weight: 400;\">Quando tratamos do <\/span><b>cen\u00e1rio brasileiro<\/b><span style=\"font-weight: 400;\">, por mais que ainda existam grandes demonstra\u00e7\u00f5es da opress\u00e3o vivida por essa popula\u00e7\u00e3o, como a viol\u00eancia sofrida e a tentativa de institucionaliza\u00e7\u00e3o das terapias de convers\u00e3o, \u00e9 ineg\u00e1vel que <\/span><b>a luta de movimentos sociais resultou em avan\u00e7os<\/b><span style=\"font-weight: 400;\">. Muitos desses, inclusive, foram consolidados pela Constitui\u00e7\u00e3o de 1988, por mais que ainda seja necess\u00e1ria a luta constante pela materializa\u00e7\u00e3o.&nbsp;<\/span><\/p>\n<p><span style=\"font-weight: 400;\">Por outro lado, quando se trata da popula\u00e7\u00e3o LGBT+, \u00e9 preciso levar em considera\u00e7\u00e3o, tamb\u00e9m, a grande diversidade de identidades de g\u00eanero e de orienta\u00e7\u00e3o sexual inclu\u00eddas no termo, resultando em <\/span><b>diferentes n\u00edveis de vulnerabilidade e aceita\u00e7\u00e3o<\/b><span style=\"font-weight: 400;\"> dentro da sociedade brasileira. Para isso, traremos uma breve apresenta\u00e7\u00e3o da sigla:&nbsp;<\/span><\/p>\n<p><span style=\"font-weight: normal;\"><span style=\"font-size: 12pt; font-family: Arial, sans-serif; color: #000000; background-color: transparent; font-weight: 400; font-style: normal; font-variant: normal; white-space-collapse: preserve;\"><span style=\"border-width: initial; border-style: none; display: inline-block; overflow: hidden; width: 499px; height: 44px;\"><img decoding=\"async\" src=\"https:\/\/lh7-rt.googleusercontent.com\/docsz\/AD_4nXdxNL1YfyERj0bvwnTdF6EwT-fnxEp5SmB_xx8Sk_4FWoJryuLBZwNhCDOpH-FHUw9COcMzhsUVR0HyJwBF8dAsysIIznAKbBEzTc6YUo8R7k5ARhgSMSdLgjjnBtd9CgPZo9Bt?key=ZpyaG8Sh9Vc0pnoWvJtWgIqY\" width=\"499\" height=\"44\"><\/span><\/span><\/span><\/p>\n<h6>F<span style=\"font-weight: normal;\">onte: Boletim 15 &#8211; Quem tem medo da diversidade?<\/span><\/h6>\n<p><\/p>\n<p><span style=\"font-weight: 400;\">Basicamente, dentro da comunidade, est\u00e3o representadas tanto diferentes formas de orienta\u00e7\u00e3o sexual (l<\/span><b>\u00e9sbicas, gays e bissexuais<\/b><span style=\"font-weight: 400;\">), que dizem respeito a com quem as pessoas se relacionam, romanticamente e sexualmente, quanto identidades de g\u00eanero (<\/span><b>transexuais, travestis e queer<\/b><span style=\"font-weight: 400;\">), relacionadas \u00e0 forma como se identificam, homem, mulher ou n\u00e3o bin\u00e1rie (n\u00e3o se identifica nem como mulher nem como homem). J\u00e1 as pessoas <\/span><b>intersexo<\/b><span style=\"font-weight: 400;\"> s\u00e3o aquelas que nasceram com um sistema reprodutivo que difere do \u00f3rg\u00e3o genital.<\/span><\/p>\n<p><span style=\"font-weight: 400;\">Embora sejam constantemente tratados genericamente como v\u00edtimas da mesma opress\u00e3o, as diferentes formas de se expressar o g\u00eanero e a sexualidade convivem com formas distintas de preconceito, discrimina\u00e7\u00e3o e viol\u00eancia. Isso acontece, pois<\/span><b> questionam normas sociais vigentes<\/b><span style=\"font-weight: 400;\"> &#8211; e marcadas pelo machismo e domina\u00e7\u00e3o patriarcal &#8211; de diferentes formas e em diferentes graus (Observat\u00f3rio das Desigualdades, 2022).<\/span><\/p>\n<p><span style=\"font-weight: 400;\"><br><\/span><\/p>\n<p><\/p>\n<p><b>Aceita\u00e7\u00e3o \u00e0 popula\u00e7\u00e3o LGBTQIA+<\/b><\/p>\n<p><span style=\"font-weight: 400;\">Diante desse cen\u00e1rio, o Boletim 15 do Observat\u00f3rio das Desigualdades apresentou e discutiu o resultado de pesquisas que tentaram avaliar a trajet\u00f3ria recente da aceita\u00e7\u00e3o \u00e0 popula\u00e7\u00e3o LGBTQIA+ em diferentes pa\u00edses, entre seus resultados \u00e9 importante destacar:<\/span><b> a tend\u00eancia de polariza\u00e7\u00e3o, a rela\u00e7\u00e3o entre pol\u00edticas de inclus\u00e3o e respeito \u00e0 diversidade e a aceita\u00e7\u00e3o nos diferentes grupos sociais.<\/b><\/p>\n<p><span style=\"font-weight: 400;\">Quando se trata da <\/span><b>tend\u00eancia de polariza\u00e7\u00e3o<\/b><span style=\"font-weight: 400;\">, ou seja, propens\u00e3o de extremiza\u00e7\u00e3o dos posicionamentos, pode se dizer que se trata de um um dado bem alarmante nos pa\u00edses desfavor\u00e1veis. De acordo com uma an\u00e1lise conduzida pelo Williams Institute, que avaliou dados de mais de 174 pa\u00edses entre 2000 e 2017, que leva em considera\u00e7\u00e3o toda a popula\u00e7\u00e3o LGBT, \u00e9 poss\u00edvel concluir que pa\u00edses onde o \u00edndice de aceita\u00e7\u00e3o j\u00e1 era<\/span><b> alta<\/b><span style=\"font-weight: 400;\">, ela <\/span><b>cresceu<\/b><span style=\"font-weight: 400;\"> (Holanda, Finl\u00e2ndia, Su\u00e9cia, Isl\u00e2ndia, Canad\u00e1), onde era m\u00e9dia se manteve est\u00e1vel (China) e onde era <\/span><b>baixa, diminuiu <\/b><span style=\"font-weight: 400;\">ainda mais (Som\u00e1lia, Azerbaij\u00e3o, Senegal, Ir\u00e3). Quando se trata do caso brasileiro, observa-se uma aceita\u00e7\u00e3o crescente, por\u00e9m em um ritmo menor, se comparado ao dos pa\u00edses do primeiro grupo.<\/span><\/p>\n<p><span style=\"font-weight: normal;\"><span style=\"font-size: 12pt; font-family: Arial, sans-serif; color: #000000; background-color: transparent; font-weight: 400; font-style: normal; font-variant: normal; white-space-collapse: preserve;\"><span style=\"border-width: initial; border-style: none; display: inline-block; overflow: hidden; width: 492px; height: 222px;\"><img decoding=\"async\" src=\"https:\/\/lh7-rt.googleusercontent.com\/docsz\/AD_4nXeakJ_lyv_nw1BjjUgji-gYqWFCrzGjrLeLoxUQiuUF9X3WlQvdy_b1oMUShnjbOTxcZaSFHBpfOlCiONopXFfJDzQ31fbfwAOasR78Z-ff-E0V-rtlKitMncdtgzyOBdI7SZFGow?key=ZpyaG8Sh9Vc0pnoWvJtWgIqY\" width=\"492\" height=\"222\"><\/span><\/span><\/span><\/p>\n<p><span style=\"font-weight: 400;\">Fonte: Williams Institute <\/span><i><span style=\"font-weight: 400;\">apud <\/span><\/i><span style=\"font-weight: 400;\">Observat\u00f3rio das Desigualdades, 2022<\/span><\/p>\n<p><\/p>\n<p><span style=\"font-weight: 400;\">&nbsp;Essa situa\u00e7\u00e3o escancara a <\/span><b>caracter\u00edstica institucional<\/b><span style=\"font-weight: 400;\"> da opress\u00e3o \u00e0 popula\u00e7\u00e3o LGBTQIA+. Diante da necessidade de se enfrentar caracter\u00edsticas de g\u00eanero fortemente enraizadas na sociedade para transformar tal realidade, ela adquire um car\u00e1ter inercial.<\/span><\/p>\n<p><span style=\"font-weight: 400;\">Quando se trata da <\/span><b>rela\u00e7\u00e3o entre pol\u00edticas de inclus\u00e3o e respeito \u00e0 diversidade<\/b><span style=\"font-weight: 400;\"> \u00e9 poss\u00edvel notar uma rela\u00e7\u00e3o de dupla correla\u00e7\u00e3o. Ao mesmo tempo em que as a\u00e7\u00f5es afirmativas possuem o potencial de transformar a vis\u00e3o de uma sociedade, elas somente se viabilizam em um ambiente de aceita\u00e7\u00e3o m\u00ednima \u00e0 sua execu\u00e7\u00e3o.<\/span><\/p>\n<p><span style=\"font-weight: 400;\">J\u00e1 em rela\u00e7\u00e3o \u00e0 <\/span><b>aceita\u00e7\u00e3o LGBTQIA+ nos diferentes grupos sociais,&nbsp; <\/b><span style=\"font-weight: 400;\">uma pesquisa<\/span> <span style=\"font-weight: 400;\">trazida pelo <\/span><i><span style=\"font-weight: 400;\">World Values Survey, <\/span><\/i><span style=\"font-weight: 400;\">que leva em considera\u00e7\u00e3o apenas as popula\u00e7\u00f5es homossexuais,<\/span> <span style=\"font-weight: 400;\">\u00e9 extremamente valiosa para entender as facetas da homofobia, como alguns grupos sociais apresentam rela\u00e7\u00e3o com a aceita\u00e7\u00e3o LGB, outros n\u00e3o, ajudando tamb\u00e9m a entender as origens da discrimina\u00e7\u00e3o. Por mais que diversas popula\u00e7\u00f5es n\u00e3o estejam inclu\u00eddas na pesquisa, \u00e9 poss\u00edvel tirar conclus\u00f5es relevantes sobre a homofobia de maneira geral, as quais, muito provavelmente, se aplicam, em maior ou menor grau, tamb\u00e9m a transg\u00eaneros, intersexos e outras identidades..<\/span><\/p>\n<p><\/p>\n<p><b>Gr\u00e1fico 2: aceita\u00e7\u00e3o LGB x sexo<\/b><\/p>\n<p><span style=\"font-weight: normal;\"><span style=\"font-size: 12pt; font-family: Arial, sans-serif; color: #000000; background-color: transparent; font-weight: bold; font-style: normal; font-variant: normal; white-space-collapse: preserve;\"><span style=\"border-width: initial; border-style: none; display: inline-block; overflow: hidden; width: 398px; height: 213px;\"><img decoding=\"async\" src=\"https:\/\/lh7-rt.googleusercontent.com\/docsz\/AD_4nXdw6z-u6rXGdKIWohIdX1X2jbwcSxzV7dxNIdEip1A4XtElCBOH2QsaJxq2UsK015wkW5dTrc7dAGZPulpoUbcJzRyVBBAnxdLJwBYDOuPV1bdDXQdwXf84C6I6H3PbHaAccSCN?key=ZpyaG8Sh9Vc0pnoWvJtWgIqY\" width=\"398\" height=\"247.13342469166523\"><\/span><\/span><\/span><b><\/b><\/p>\n<p><span style=\"font-weight: 400;\">Fonte: World Values Survey <\/span><i><span style=\"font-weight: 400;\">apud <\/span><\/i><span style=\"font-weight: 400;\">Observat\u00f3rio das Desigualdades, 2022<\/span><\/p>\n<p><\/p>\n<p><b>Gr\u00e1fico 3: Aceita\u00e7\u00e3o de pessoas LGB x Rea\u00e7\u00e3o \u00e0 afirmativa: \u2018Homens s\u00e3o l\u00edderes pol\u00edticos melhores que mulheres\u2019<\/b><\/p>\n<p><span style=\"font-weight: normal;\"><span style=\"font-size: 12pt; font-family: Arial, sans-serif; color: #000000; background-color: transparent; font-weight: bold; font-style: normal; font-variant: normal; white-space-collapse: preserve;\"><span style=\"border-width: initial; border-style: none; display: inline-block; overflow: hidden; width: 392px; height: 197px;\"><img loading=\"lazy\" decoding=\"async\" src=\"https:\/\/lh7-rt.googleusercontent.com\/docsz\/AD_4nXf0NjdpuTrFGKuDfqY9CFOJrjfMBtPt8PCp-VsABktDI5kUaT2UpErDPII3SNq9VUqasMQTYUC2cEyl4s7kSe4zBl5kW8kE5qLKyzcXsaO9TY5Zf0sOVh1Gl3cs63NOC70ZKLtUIg?key=ZpyaG8Sh9Vc0pnoWvJtWgIqY\" width=\"392\" height=\"197\"><\/span><\/span><\/span><b><\/b><\/p>\n<p><span style=\"font-weight: 400;\">Fonte: World Values Survey <\/span><i><span style=\"font-weight: 400;\">apud <\/span><\/i><span style=\"font-weight: 400;\">Observat\u00f3rio das Desigualdades, 2022<\/span><\/p>\n<p><\/p>\n<p><span style=\"font-weight: 400;\">Por meio da an\u00e1lise do gr\u00e1fico, \u00e9 poss\u00edvel perceber uma aceita\u00e7\u00e3o consideravelmente menor dos homens, em rela\u00e7\u00e3o \u00e0s mulheres. N\u00e3o se trata de um resultado inesperado, uma vez que o rompimento de padr\u00f5es de g\u00eanero s\u00e3o bem menos aceitos por esse grupo, que deles obt\u00eam poder e prest\u00edgio, uma clara express\u00e3o do<\/span><b> patriarcalismo<\/b><span style=\"font-weight: 400;\">.<\/span><\/p>\n<p><span style=\"font-weight: 400;\">&nbsp;Torna-se expl\u00edcita, ent\u00e3o, a <\/span><b>rela\u00e7\u00e3o do machismo com a homofobia<\/b><span style=\"font-weight: 400;\">. A ideologia patriarcal se baseia em dois pilares: a rigidez dos pap\u00e9is de g\u00eanero e a supremacia do masculino em detrimento do feminino; ora,&nbsp; as identidades LGB s\u00e3o uma clara afronta a esses princ\u00edpios. Ao analisar a rea\u00e7\u00e3o das pessoas \u00e0 frase \u201cHomens s\u00e3o l\u00edderes pol\u00edticos melhores que mulheres\u201d junto \u00e0 aceita\u00e7\u00e3o LGB, essa rela\u00e7\u00e3o se torna ainda mais expl\u00edcita. Claramente, <\/span><b>pessoas com uma vis\u00e3o machista e patriarcal, possuem maior propens\u00e3o \u00e0 discrimin\u00e7\u00e3o baseada na orienta\u00e7\u00e3o sexual.<\/b><\/p>\n<p><\/p>\n<p><b>Gr\u00e1fico 4: Aceita\u00e7\u00e3o LGB x idade<\/b><\/p>\n<p><span style=\"font-weight: normal;\"><span style=\"font-size: 12pt; font-family: Arial, sans-serif; color: #000000; background-color: transparent; font-weight: bold; font-style: normal; font-variant: normal; white-space-collapse: preserve;\"><span style=\"border-width: initial; border-style: none; display: inline-block; overflow: hidden; width: 396px; height: 227px;\"><img loading=\"lazy\" decoding=\"async\" src=\"https:\/\/lh7-rt.googleusercontent.com\/docsz\/AD_4nXdiJ471EjH62QKmrhD2EpYG0ovveEgPdn24Ji6zkMwLX0MsV-X2pbehK8vb0KvNayM9cQbsmNaymTpZnSwHd64qCZKDNr-i5i90vrm8lcFrIQ8iwxwX3xa4Aa7W_bCxcX6mUk-7SQ?key=ZpyaG8Sh9Vc0pnoWvJtWgIqY\" width=\"396\" height=\"227\"><\/span><\/span><\/span><b><\/b><\/p>\n<p><span style=\"font-weight: 400;\">Fonte: World Values Survey <\/span><i><span style=\"font-weight: 400;\">apud <\/span><\/i><span style=\"font-weight: 400;\">Observat\u00f3rio das Desigualdades, 2022<\/span><\/p>\n<p><\/p>\n<p><span style=\"font-weight: 400;\">Quando se trata da aceita\u00e7\u00e3o LGB x idade, h\u00e1 uma rela\u00e7\u00e3o bem clara: <\/span><b>quanto mais jovem, menor \u00e9 a propens\u00e3o a discriminar homossexuais<\/b><span style=\"font-weight: 400;\">. Isso evidencia que, apesar das for\u00e7as de resist\u00eancia \u00e0 diversidade, avan\u00e7os v\u00eam sendo feitos na redu\u00e7\u00e3o do preconceito.<\/span><\/p>\n<p><\/p>\n<p><b>Gr\u00e1fico 4: Aceita\u00e7\u00e3o LGB x escolaridade<\/b><\/p>\n<p><span style=\"font-weight: normal;\"><span style=\"font-size: 12pt; font-family: Arial, sans-serif; color: #000000; background-color: transparent; font-weight: 400; font-style: normal; font-variant: normal; white-space-collapse: preserve;\"><span style=\"border-width: initial; border-style: none; display: inline-block; overflow: hidden; width: 339px; height: 222px;\"><img loading=\"lazy\" decoding=\"async\" src=\"https:\/\/lh7-rt.googleusercontent.com\/docsz\/AD_4nXeDAGCYj-C6tzRB8-bkMiXH7QoRxN6h2iAzZZkNVptA0Pu5QBeH7E6RJATKzMUKRaN-rzx58iGP-JLMplG8XVCBycrCcDyOddkofspifs0fK_u4srhMkLzxdz22wtSnQ6TCFgYi0Q?key=ZpyaG8Sh9Vc0pnoWvJtWgIqY\" width=\"339\" height=\"222\"><\/span><\/span><\/span><b><\/b><\/p>\n<p><span style=\"font-weight: 400;\">Fonte: Words Values Survey <\/span><i><span style=\"font-weight: 400;\">apud <\/span><\/i><span style=\"font-weight: 400;\">Observat\u00f3rio das Desigualdades, 2022<\/span><\/p>\n<p><\/p>\n<p><b>Gr\u00e1fico 4: Aceita\u00e7\u00e3o LGB x renda<\/b><\/p>\n<p><span style=\"font-weight:normal;\"><span style=\"font-size: 12pt; font-family: Arial, sans-serif; color: rgb(0, 0, 0); background-color: transparent; font-weight: 700; font-style: normal; font-variant: normal; white-space-collapse: preserve;\"><span style=\"border-width: initial; border-style: none; display: inline-block; overflow: hidden; width: 378px; height: 201px;\"><img loading=\"lazy\" decoding=\"async\" src=\"https:\/\/lh7-rt.googleusercontent.com\/docsz\/AD_4nXdt-hYfv8k2E9b9cljhIl1Xs0dhlhTA1Dw-ax0Ywe1RAKhP6tms0oRJZ0n85qi1oSiQ0lu4H-bNHJfywBEL7ikflAk6UACKtO2hXW5mtlBxAW0Y14UtagTtlz3IVtRgG3m8V-aW_Q?key=ZpyaG8Sh9Vc0pnoWvJtWgIqY\" width=\"378\" height=\"201\"><\/span><\/span><\/span><b><\/b><\/p>\n<p><span style=\"font-weight: 400;\">Fonte: World Values Survey <\/span><i><span style=\"font-weight: 400;\">apud <\/span><\/i><span style=\"font-weight: 400;\">Observat\u00f3rio das Desigualdades, 2022<\/span><\/p>\n<p><\/p>\n<p><span style=\"font-weight: 400;\">Fazendo uma an\u00e1lise conjunta desses dois gr\u00e1ficos, \u00e9 poss\u00edvel perceber que a <\/span><b>escolaridade possui uma maior rela\u00e7\u00e3o<\/b><span style=\"font-weight: 400;\"> com a aceita\u00e7\u00e3o \u00e0 popula\u00e7\u00e3o LGB que a renda. Embora a classe m\u00e9dia possua uma aceita\u00e7\u00e3o baixa menor que as classes alta e baixa, n\u00e3o \u00e9 poss\u00edvel estabelecer uma rela\u00e7\u00e3o nem direta, nem inversa. J\u00e1 a escolaridade possui uma rela\u00e7\u00e3o bem mais percept\u00edvel, o que talvez explique, ao menos em parte, porque a educa\u00e7\u00e3o, em geral, e os professores, em particular, constituam, em toda parte, alvos preferenciais de movimentos, lideran\u00e7as e governos reacion\u00e1rios.&nbsp;<\/span><\/p>\n<p><\/p>\n<p><b>Gr\u00e1fico 4: Aceita\u00e7\u00e3o LGB x grupo religioso declarado<\/b><\/p>\n<p><span style=\"font-weight:normal;\"><span style=\"font-size: 12pt; font-family: Arial, sans-serif; color: rgb(0, 0, 0); background-color: transparent; font-weight: 400; font-style: normal; font-variant: normal; white-space-collapse: preserve;\"><span style=\"border-width: initial; border-style: none; display: inline-block; overflow: hidden; width: 434px; height: 238px;\"><img loading=\"lazy\" decoding=\"async\" src=\"https:\/\/lh7-rt.googleusercontent.com\/docsz\/AD_4nXeMfrylHk9Ojw_GXm9hB5hGtaTRJi71rH-5PR8fvzJUIuyJRbZCKlnEtw529b8NnV7Gpu6uG4acXDkVHM8CxIJjMtVe5diPbfTNGnrPTl3CjH0fJdfDjDM1BusavDW2eLSgR71Z?key=ZpyaG8Sh9Vc0pnoWvJtWgIqY\" width=\"434\" height=\"238\"><\/span><\/span><\/span><b><\/b><\/p>\n<p><span style=\"font-weight: 400;\">Fonte: World Values Survey <\/span><i><span style=\"font-weight: 400;\">apud <\/span><\/i><span style=\"font-weight: 400;\">Observat\u00f3rio das Desigualdades, 2022<\/span><\/p>\n<p><\/p>\n<p><span style=\"font-weight: 400;\">Quando se trata do grupo religioso tamb\u00e9m \u00e9 poss\u00edvel notar uma rela\u00e7\u00e3o clara. De maneira geral, pessoas que afirmam n\u00e3o possuir religi\u00e3o e religiosos n\u00e3o crist\u00e3os possuem uma aceita\u00e7\u00e3o consideravelmente mais alta. Al\u00e9m disso, os <\/span><b>protestantes apresentam um n\u00edvel de baixa aceita\u00e7\u00e3o que se destaca inclusive quando comparada \u00e0 aceita\u00e7\u00e3o dos cat\u00f3licos.<\/b><span style=\"font-weight: 400;\"> Esse dado se mostra especialmente alarmante no contexto brasileiro, uma vez que os grupos neopentecostais est\u00e3o crescendo e se fundamentalizando cada vez mais (Observat\u00f3rio das Desigualdades, 2022).&nbsp;<\/span><\/p>\n<p><span style=\"font-weight: 400;\">Quanto a este ponto, \u00e9 preciso ter claro que n\u00e3o h\u00e1 nada intrinsecamente reacion\u00e1rio ou discriminat\u00f3rio na cren\u00e7a religiosa e tampouco no cristianismo. H\u00e1 in\u00fameros exemplos de grandes avan\u00e7os, em termos liberdades, respeito e justi\u00e7a social, liderados por pessoas e grupos inspirados por valores e convic\u00e7\u00f5es religiosas. A quest\u00e3o \u00e9 quando se combinam interpreta\u00e7\u00f5es morais das religi\u00f5es muito conservadoras com uma disposi\u00e7\u00e3o de imp\u00f4-las a toda uma sociedade e n\u00e3o apenas aos pr\u00f3prios membros da comunidade religiosa. \u00c9 esta combina\u00e7\u00e3o que caracteriza o fundamentalismo religioso, este sim, um risco para a sustentabilidade de uma sociedade livre e plural.<\/span><\/p>\n<p><span style=\"font-weight: 400;\"><br><\/span><\/p>\n<p><\/p>\n<p><b>Sa\u00fade LGBTQIA+ (l\u00e9sbicas, bissexuais e transexuais)<\/b><\/p>\n<p><span style=\"font-weight: 400;\">Outro ponto importante a ser trazido para a discuss\u00e3o, j\u00e1 debatido pelo Observat\u00f3rio das Desigualdades em: https:\/\/observatoriodesigualdades.fjp.mg.gov.br\/?p=3082, s\u00e3o as pol\u00edticas de sa\u00fade \u00e0 popula\u00e7\u00e3o LGBTQIA+. Historicamente, no Brasil, a trajet\u00f3ria das a\u00e7\u00f5es do Estado foi marcada pela persist\u00eancia da associa\u00e7\u00e3o da AIDS com a comunidade, em um movimento de<\/span><b> puni\u00e7\u00e3o e responsabiliza\u00e7\u00e3o<\/b><span style=\"font-weight: 400;\"> (Laurentino 2015 <\/span><i><span style=\"font-weight: 400;\">apud <\/span><\/i><span style=\"font-weight: 400;\">Observat\u00f3rio das Desigualdades, 2023). Essa trajet\u00f3ria s\u00f3 foi alterada no <\/span><b>Governo Lula I<\/b><span style=\"font-weight: 400;\">, pela cria\u00e7\u00e3o&nbsp; do programa <\/span><b>Brasil sem Homofobia<\/b><span style=\"font-weight: 400;\"> e a cria\u00e7\u00e3o de um comit\u00ea especializado na popula\u00e7\u00e3o LGBT+ dentro do Minist\u00e9rio da Sa\u00fade. Ainda no governo Lula, em 2010 foi criada a <\/span><b>Pol\u00edtica Nacional de Sa\u00fade Integral de L\u00e9sbicas, Gays, Bissexuais, Travestis e Transexuais (PNSI LGBT)<\/b><span style=\"font-weight: 400;\">, um marco no reconhecimento da discrimina\u00e7\u00e3o e viol\u00eancia que limitam o acesso dessas pessoas ao servi\u00e7o de sa\u00fade efetivando uma verdadeira pol\u00edtica nacional (Observat\u00f3rio das Desigualdades, 2023).<\/span><\/p>\n<p><span style=\"font-weight: 400;\">Para apresentar essa realidade, nesse post, levando em considera\u00e7\u00e3o a grande diversidade de identidades dentro da comunidade, ser\u00e3o feitos dois recortes: um deles considerar\u00e1 as mulheres <\/span><b>l\u00e9sbicas e bissexuais<\/b><span style=\"font-weight: 400;\">. J\u00e1 o outro apresentar\u00e1 aspectos das vulnerabilidades sociais da <\/span><b>popula\u00e7\u00e3o transexual<\/b><span style=\"font-weight: 400;\">.&nbsp;<\/span><\/p>\n<p><span style=\"font-weight: 400;\">Conforme j\u00e1 foi apresentado pelo Observat\u00f3rio das Desigualdades (2023), as mulheres l\u00e9sbicas e bissexuais s\u00e3o fortemente impactadas pela<\/span><b> heteronormatividade <\/b><span style=\"font-weight: 400;\">do atendimento de sa\u00fade. Muitas vezes, a pr\u00f3pria revela\u00e7\u00e3o da sexualidade, visando um tratamento espec\u00edfico, pode ser um momento de <\/span><b>viol\u00eancia e constrangimento<\/b><span style=\"font-weight: 400;\"> a depender da forma como o profissional de sa\u00fade lida com a situa\u00e7\u00e3o. Ainda nessa perspectiva, a aus\u00eancia de atendimento espec\u00edfico tamb\u00e9m se faz muito recorrente, a falta de conhecimento sobre necessidades espec\u00edficas das mulheres que se relacionam com mulheres, muitas vezes s\u00e3o recomendados tratamentos imprecisos e impertinentes, como testes de gravidez e anticoncepcional para pacientes l\u00e9sbicas<\/span><\/p>\n<p><span style=\"font-weight: 400;\">Al\u00e9m disso, quando se trata das mulheres <\/span><b>bissexuais<\/b><span style=\"font-weight: 400;\">, h\u00e1 uma clara <\/span><b>invisibiliza\u00e7\u00e3o<\/b><span style=\"font-weight: 400;\"> dessa sexualidade. Em uma sociedade com valores machistas e patriarcais t\u00e3o enraizados, a heterossexualidade \u00e9 tratada como comportamento adequado, sendo assim, muitas delas preferem se referir em um contexto de atendimento como heterossexuais.&nbsp;<\/span><\/p>\n<p><span style=\"font-weight: 400;\">No que tange ao acesso \u00e0 sa\u00fade da popula\u00e7\u00e3o transexual, Oliveira e Sprung (2022), por meio da revis\u00e3o de 34 artigos publicados entre 2008 e 2021, elencaram dificuldades principais. Dentre elas est\u00e3o:&nbsp;<\/span><\/p>\n<ol>\n<li style=\"font-weight: 400;\" aria-level=\"1\"><b>Preconceito e despreparo dos profissionais de sa\u00fade: <\/b><span style=\"font-weight: 400;\">muitos profissionais carecem de forma\u00e7\u00e3o adequada sobre diversidade de g\u00eanero, o que resulta em atitudes discriminat\u00f3rias, tratamento desrespeitoso e despreparo t\u00e9cnico para lidar com demandas espec\u00edficas da popula\u00e7\u00e3o trans.<\/span><\/li>\n<li style=\"font-weight: 400;\" aria-level=\"1\"><b>Resist\u00eancia ao uso do nome social e pronomes corretos: <\/b><span style=\"font-weight: 400;\">mesmo com normativas que garantem o uso do nome social, h\u00e1 resist\u00eancia por parte de institui\u00e7\u00f5es e servidores, o que causa constrangimento, desrespeito e afasta a popula\u00e7\u00e3o trans dos servi\u00e7os de sa\u00fade.<\/span><\/li>\n<li style=\"font-weight: 400;\" aria-level=\"1\"><b>Patologiza\u00e7\u00e3o da transexualidade: <\/b><span style=\"font-weight: 400;\">a manuten\u00e7\u00e3o de pr\u00e1ticas m\u00e9dicas que tratam a transexualidade como doen\u00e7a ou desvio refor\u00e7a o estigma e dificulta a busca por cuidados. Esse enquadramento compromete o atendimento humanizado e baseado em direitos. Somente em 2019, a OMS parou de considerar a transexualidade um transtorno da mente ou uma condi\u00e7\u00e3o de g\u00eanero. Por se tratar de uma mudan\u00e7a t\u00e3o recente, \u00e9 de se imaginar que existam resqu\u00edcios de marginaliza\u00e7\u00e3o e discrimina\u00e7\u00e3o decorrentes da patologiza\u00e7\u00e3o at\u00e9 os dias de hoje.&nbsp;<\/span><\/li>\n<li style=\"font-weight: 400;\" aria-level=\"1\"><b>Centraliza\u00e7\u00e3o e morosidade do processo transexualizador: <\/b><span style=\"font-weight: 400;\">o acesso a procedimentos como hormoniza\u00e7\u00e3o ou cirurgias \u00e9 limitado a poucos centros no pa\u00eds, com longas filas de espera. Isso gera exclus\u00e3o e sofrimento, especialmente para quem vive fora dos grandes centros urbanos.<\/span><\/li>\n<li style=\"font-weight: 400;\" aria-level=\"1\"><b>Vulnerabilidade \u00e0 automedica\u00e7\u00e3o e \u00e0 clandestinidade: <\/b><span style=\"font-weight: 400;\">diante da lentid\u00e3o e da falta de acolhimento nos servi\u00e7os p\u00fablicos, consequ\u00eancia da patologiza\u00e7\u00e3o da transexualidade, muitas pessoas trans recorrem \u00e0 automedica\u00e7\u00e3o com horm\u00f4nios e a procedimentos est\u00e9ticos clandestinos, o que representa s\u00e9rios riscos \u00e0 sa\u00fade.<\/span><\/li>\n<\/ol>\n<div><br><\/div>\n<div><br><\/div>\n<p><b>Viol\u00eancia contra a popula\u00e7\u00e3o LGBTQIA+ no Brasil:<\/b><\/p>\n<p><span style=\"font-size: 15px; font-weight: 400;\">Conforme dados do Observat\u00f3rio de Mortes e Viol\u00eancias LGBTI+ no Brasil, apresentados pelo Observat\u00f3rio das Desigualdades em 2024, o Brasil apresenta uma realidade bastante preocupante quando se trata da prote\u00e7\u00e3o dessa popula\u00e7\u00e3o:<\/span><\/p>\n<p><\/p>\n<p><b>Gr\u00e1fico 5: Mortes violentas de LGBTQ+ no Brasil<\/b><\/p>\n<p><span style=\"font-weight:normal;\" id=\"docs-internal-guid-7422fb0b-7fff-c3cc-b6ef-6fe7a7665389\"><span style=\"font-size: 12pt; font-family: Arial, sans-serif; color: rgb(0, 0, 0); background-color: transparent; font-weight: 400; font-style: normal; font-variant: normal; white-space-collapse: preserve;\"><span style=\"border-width: initial; border-style: none; display: inline-block; overflow: hidden; width: 532px; height: 326px;\"><img loading=\"lazy\" decoding=\"async\" src=\"https:\/\/lh7-rt.googleusercontent.com\/docsz\/AD_4nXeKSguonNRP5UG8VI68SsFmnWlkSkWD42ABV_EJbUs3-ekLuAlhujSwJk_e286nD975zZaO1VHNm6UcqAqO1YFjpL3I1oXL8z6UkwDh-KO_t2qUNVF1VTF0sU84plXzNcRjxJ5V?key=ZpyaG8Sh9Vc0pnoWvJtWgIqY\" width=\"532\" height=\"326\"><\/span><\/span><\/span><b><\/b><\/p>\n<p><span style=\"font-weight: 400;\">Fonte: Observat\u00f3rio de Mortes e Viol\u00eancias LGBTI+ no Brasil <\/span><i><span style=\"font-weight: 400;\">apud <\/span><\/i><span style=\"font-weight: 400;\">Observat\u00f3rio das Desigualdades (2024)<\/span><\/p>\n<p><\/p>\n<p><span style=\"font-weight: 400;\">Quando se trata do n\u00famero de mortes violentas, apesar de haver uma tend\u00eancia de diminui\u00e7\u00e3o a partir de 2019, h\u00e1 um aumento significativo em todo o per\u00edodo analisado, suficiente para tornar o<\/span><b> Brasil o pa\u00eds mais violento para a popula\u00e7\u00e3o LGBTQIA+<\/b><span style=\"font-weight: 400;\"> em todo o planeta. Dentre os grupos mais afetados pela viol\u00eancia, os <\/span><b>travestis e as mulheres trans<\/b><span style=\"font-weight: 400;\"> s\u00e3o v\u00edtimas de 61,7% (142 mortes), um resultado claro da marginaliza\u00e7\u00e3o sofrida por esse grupo. A segunda maior parte, est\u00e1 representada pelos <\/span><b>homens gays<\/b><span style=\"font-weight: 400;\">, com 25,7% (59 mortes). Juntos, esses dois grupos representam quase a totalidade das mortes violentas LGBTQIA+, o que, obviamente, n\u00e3o significa que outros grupos n\u00e3o estejam sujeitos \u00e0 viol\u00eancia.<\/span><\/p>\n<p><span style=\"font-weight: 400;\">Outros recortes apresentados pela pesquisa apresentam conclus\u00f5es que ajudam a entender as facetas da vulnerabilidade LGBTQIA+ no Brasil, estabelecendo uma an\u00e1lise por faixa et\u00e1ria, a maioria das mortes se enquadram <\/span><b>entre os 20 e os 39 anos<\/b><span style=\"font-weight: 400;\">. Tal estat\u00edstica nos ajuda a compreender a baixa expectativa de vida de grupos da comunidade. J\u00e1 do ponto de vista \u00e9tnico, os dados n\u00e3o apresentaram uma correla\u00e7\u00e3o relevante para compreens\u00e3o da realidade.<\/span><\/p>\n<p><\/p>\n<p><b>Gr\u00e1fico 6: Ra\u00e7a e etinia das pessoas LGBT+ v\u00edtimas de mortes violentas&nbsp;<\/b><\/p>\n<p><span style=\"font-weight:normal;\" id=\"docs-internal-guid-a87cbccb-7fff-585c-16cd-44d0f08f57c8\"><span style=\"font-size: 12pt; font-family: Arial, sans-serif; color: rgb(0, 0, 0); background-color: transparent; font-weight: 400; font-style: normal; font-variant: normal; white-space-collapse: preserve;\"><span style=\"border-width: initial; border-style: none; display: inline-block; overflow: hidden; width: 463px; height: 228px;\"><img decoding=\"async\" src=\"https:\/\/lh7-rt.googleusercontent.com\/docsz\/AD_4nXccb3hUQlOBgllL9Ngpb8OLMt3sMcwiCqOWFu0axdWty6if3pzevEkabHjyqJDw-WY7zXRdPMs_uwb09REylsi-jo-s16OlJDjMdfzbABdMZF56bdiEM04C8FLmx4cu3c6WjsrU?key=ZpyaG8Sh9Vc0pnoWvJtWgIqY\" width=\"463\" height=\"258.57572257885295\" style=\"margin-top: -30.5757px;\"><\/span><\/span><\/span><b><\/b><\/p>\n<p><span style=\"font-weight: 400;\">Fonte: Observat\u00f3rio de Mortes e Viol\u00eancias LGBTI+ no Brasil <\/span><i><span style=\"font-weight: 400;\">apud <\/span><\/i><span style=\"font-weight: 400;\">Observat\u00f3rio das Desigualdades (2024)<\/span><\/p><p><span style=\"font-weight: 400;\"><br><\/span><\/p>\n<p><\/p>\n<p><b>Diversidade e Moderniza\u00e7\u00e3o<\/b><\/p>\n<p><span style=\"font-weight: 400;\">A transi\u00e7\u00e3o de uma sociedade tradicional para uma sociedade pluralista envolve profundas transforma\u00e7\u00f5es nos modos de viver, pensar e conviver. Nas sociedades tradicionais, as formas de express\u00e3o da identidade eram rigidamente limitadas. Qualquer tentativa de <\/span><b>romper com pap\u00e9is sociais<\/b><span style=\"font-weight: 400;\"> pr\u00e9-estabelecidos \u2013 especialmente relacionados a g\u00eanero, sexualidade ou ra\u00e7a \u2013 era frequentemente recebida com rea\u00e7\u00f5es <\/span><b>dram\u00e1ticas, muitas vezes violentas<\/b><span style=\"font-weight: 400;\">. A identidade, nesses contextos, era algo imposto, e n\u00e3o escolhido.<\/span><\/p>\n<p><span style=\"font-weight: 400;\">Com o avan\u00e7o da moderniza\u00e7\u00e3o, multiplicam-se as formas leg\u00edtimas de ser e estar no mundo. As identidades tornam-se mais flu\u00eddas, e fatores como origem social, g\u00eanero e orienta\u00e7\u00e3o sexual passam, teoricamente, a ter menos peso na determina\u00e7\u00e3o dos destinos individuais. No entanto, enquanto esses fatores ainda forem decisivos na forma como as oportunidades s\u00e3o distribu\u00eddas, a ideia de meritocracia permanece uma fal\u00e1cia. <\/span><b>O discurso do m\u00e9rito ignora as desigualdades<\/b><span style=\"font-weight: 400;\"> estruturais que continuam a marginalizar determinadas identidades e grupos sociais.<\/span><\/p>\n<p><span style=\"font-weight: 400;\">A sociedade pluralista moderna prop\u00f5e um ideal mais inclusivo:<\/span><b> cada indiv\u00edduo \u00e9 autor de si mesmo<\/b><span style=\"font-weight: 400;\">. Como afirmou Hannah Arendt, a pluralidade humana \u00e9 uma condi\u00e7\u00e3o fundamental da vida em comum. Se as pessoas n\u00e3o t\u00eam liberdade para questionar os pap\u00e9is sociais atribu\u00eddos, para reinterpretar suas identidades e construir novos modos de exist\u00eancia, n\u00e3o h\u00e1, de fato, pluralidade. A liberdade para assumir diferentes identidades e pap\u00e9is sociais \u00e9 uma condi\u00e7\u00e3o essencial para a autonomia individual e para o pleno exerc\u00edcio da cidadania.<\/span><\/p>\n<p><span style=\"font-weight: 400;\">Isso<\/span><b> n\u00e3o significa, por\u00e9m, aderir a uma no\u00e7\u00e3o de &#8220;t\u00e1bula rasa<\/b><span style=\"font-weight: 400;\">&#8220;, como se os indiv\u00edduos nascessem sem valores ou refer\u00eancias culturais. Ao contr\u00e1rio, os valores sempre existiram e seguir\u00e3o existindo. O que se exige da moderniza\u00e7\u00e3o \u00e9 a cria\u00e7\u00e3o de espa\u00e7os para o <\/span><b>distanciamento reflexivo<\/b><span style=\"font-weight: 400;\">: a possibilidade de repensar esses valores, de avali\u00e1-los criticamente e de substitu\u00ed-los quando n\u00e3o mais servem ao bem comum.<\/span><\/p>\n<p><span style=\"font-weight: 400;\">A <\/span><b>diversidade<\/b><span style=\"font-weight: 400;\">, portanto, n\u00e3o \u00e9 apenas uma caracter\u00edstica a ser tolerada, mas uma <\/span><b>dimens\u00e3o vital da democracia<\/b><span style=\"font-weight: 400;\">. Promover a diversidade \u00e9 tamb\u00e9m fortalecer a democracia e a modernidade \u2013 ambas fundadas na ideia de que a liberdade, a igualdade e o reconhecimento devem ser garantidos a todos, independentemente da identidade que escolham viver (Observat\u00f3rio das Desigualdades, 2022).<\/span><\/p><p><span style=\"font-weight: 400;\"><br><\/span><\/p>\n<p><\/p>\n<p><b>Quem tem medo da diversidade?<\/b><\/p>\n<p><\/p>\n<p><span style=\"font-weight: 400;\">A partir da vis\u00e3o da forma\u00e7\u00e3o de novas identidades sexuais e de g\u00eanero como consequ\u00eancia da moderniza\u00e7\u00e3o social, \u00e9 poss\u00edvel entender a origem das for\u00e7as de resist\u00eancia ao movimento de aceita\u00e7\u00e3o \u00e0 comunidade LGBTQIA+ instaurado nos \u00faltimos anos. Por mais que isso n\u00e3o se justifique de maneira alguma eticamente, a viv\u00eancia na sociedade brasileira, tanto de pessoas que fazem parte da comunidade, quanto de pessoas cis heterossexuais, \u00e9 poss\u00edvel perceber a <\/span><b>homofobia como um preconceito aceit\u00e1vel no Brasil<\/b><span style=\"font-weight: 400;\">. Em uma sociedade que, por mais que seja racista estruturalmente, est\u00e1 constantemente escandalizada com casos de racismo nacionais e internacionais, a discrimina\u00e7\u00e3o a pessoas gays, bis, l\u00e9sbicas, transexuais, entre outros, parece ser vista como piada em diversas situa\u00e7\u00f5es.&nbsp;<\/span><\/p>\n<p><span style=\"font-weight: 400;\">Primeiramente, \u00e9 preciso levar em considera\u00e7\u00e3o a institucionaliza\u00e7\u00e3o de valores na sociedade. A divis\u00e3o sexual do trabalho e os pap\u00e9is rigorosos de g\u00eanero est\u00e3o t\u00e3o fortemente engendrados na cultura nacional que, frequentemente, s\u00e3o percebidos como naturais, como se fossem caracter\u00edsticas inatas da natureza humana. Isso revela o quanto o conservadorismo social opera por meio da <\/span><b>naturaliza\u00e7\u00e3o da desigualdade<\/b><span style=\"font-weight: 400;\">, silenciando a possibilidade de alternativas.<\/span><\/p>\n<p><span style=\"font-weight: 400;\">Com o avan\u00e7o da moderniza\u00e7\u00e3o, se inicia o questionamento desses valores consolidados, multiplicam-se as formas leg\u00edtimas de ser e estar no mundo. As identidades tornam-se mais flu\u00eddas, e fatores como origem social, g\u00eanero e orienta\u00e7\u00e3o sexual passam, teoricamente, a ter menos peso na determina\u00e7\u00e3o dos destinos individuais.&nbsp;<\/span><\/p>\n<p><span style=\"font-weight: 400;\">Neste cen\u00e1rio, o <\/span><b>fundamentalismo surge como um foco de resist\u00eancia<\/b><span style=\"font-weight: 400;\"> ao processo de moderniza\u00e7\u00e3o. N\u00e3o se trata de um problema com a religi\u00e3o em si, mas com o fundamentalismo \u2013 uma resposta reativa, emocional e reacion\u00e1ria \u00e0s mudan\u00e7as sociais. O fundamentalismo se fortalece em meio ao enfraquecimento de tradi\u00e7\u00f5es e \u00e9, paradoxalmente, um fen\u00f4meno moderno: utiliza meios tecnol\u00f3gicos de comunica\u00e7\u00e3o, mobiliza massas e busca impor uma vis\u00e3o moral \u00fanica \u00e0 sociedade.<\/span><\/p>\n<p><span style=\"font-weight: 400;\">No Brasil, o fundamentalismo religioso \u2013 muitas vezes instrumentalizado por lideran\u00e7as neopentecostais \u2013 tem sido explorado como capital pol\u00edtico, fomentando uma polariza\u00e7\u00e3o que fortalece o que alguns autores chamam de \u201cfascismo social\u201d: um ambiente hostil \u00e0 diferen\u00e7a, avesso ao di\u00e1logo e \u00e0 concess\u00e3o, e guiado mais pela lealdade ideol\u00f3gica do que pela raz\u00e3o ou pelos fatos. Essa resist\u00eancia se expressa tanto em um fundamentalismo de isolamento (sect\u00e1rio), quanto em um fundamentalismo de conquista \u2013 aquele que tenta impor suas cren\u00e7as aos demais.<\/span><\/p>\n<p><span style=\"font-weight: 400;\">A oposi\u00e7\u00e3o \u00e0 diversidade sexual e de g\u00eanero muitas vezes recorre \u00e0 cria\u00e7\u00e3o de <\/span><b>\u201cespantalhos\u201d morais, como o \u201ckit gay\u201d e a \u201cmamadeira er\u00f3tica<\/b><span style=\"font-weight: 400;\">\u201d \u2013 estrat\u00e9gias ret\u00f3ricas que visam gerar p\u00e2nico moral e desinforma\u00e7\u00e3o. Esses discursos n\u00e3o apenas deformam as propostas de inclus\u00e3o, como tamb\u00e9m revelam o quanto o avan\u00e7o dos direitos LGBTQIA+ incomoda setores que se beneficiam da manuten\u00e7\u00e3o da ordem tradicional.<\/span><\/p>\n<p><span style=\"font-weight: 400;\">Paradoxalmente, a exist\u00eancia e a virul\u00eancia da oposi\u00e7\u00e3o fundamentalista s\u00e3o, em si, provas de que avan\u00e7os foram conquistados. Afinal, o medo e a rea\u00e7\u00e3o exacerbada s\u00f3 surgem quando uma transforma\u00e7\u00e3o social come\u00e7a a amea\u00e7ar privil\u00e9gios e estruturas consolidadas. \u201c<\/span><b>Mesmo diante de uma ressaca ultraconservadora avan\u00e7amos, e por mais que a resist\u00eancia coloque um peso ainda maior nessa luta, ela \u00e9 poss\u00edvel de deve ser de todes!\u201d<\/b><span style=\"font-weight: 400;\"> (Observat\u00f3rio das Desigualdades, 2022, p.26).&nbsp;<\/span><\/p>\n<p><span style=\"font-weight: 400;\"><br><\/span><\/p>\n<p><span style=\"font-weight: 400;\"><br><\/span><\/p>\n<p><span style=\"font-weight: 400;\"><br><\/span><\/p>\n<p><span style=\"font-weight: 400;\"><br><\/span><\/p>\n<p><span style=\"font-weight: 400;\"><br><\/span><\/p>\n<p><\/p>\n<p><b>Refer\u00eancias Bibliogr\u00e1ficas<\/b><\/p>\n<p><b>Dia Internacional do Orgulho LGBTQ+: Obst\u00e1culos \u00e0 efetiva\u00e7\u00e3o do direito de mulheres l\u00e9sbicas e bissexuais \u00e0 sa\u00fade<\/b><span style=\"font-weight: 400;\"> \u2013 Observat\u00f3rio das Desigualdades. Dispon\u00edvel em: &lt;https:\/\/observatoriodesigualdades.fjp.mg.gov.br\/?p=3082&gt;. Acesso em: 30 abr. 2025.<\/span><\/p>\n<p><b>\u200cInfogr\u00e1fico: Viol\u00eancia contra a popula\u00e7\u00e3o LGBTQ+ no Brasil<\/b><span style=\"font-weight: 400;\"> \u2013 Observat\u00f3rio das Desigualdades. Dispon\u00edvel em: &lt;https:\/\/observatoriodesigualdades.fjp.mg.gov.br\/?p=3883&gt;. Acesso em: 30 abr. 2025.<\/span><\/p>\n<p>\u200cOliveira JP, Sprung LS. Barreiras para o acesso \u00e0 sa\u00fade p\u00fablica da popula\u00e7\u00e3o trans no Brasil: uma revis\u00e3o narrativa. Femina. 2022;50(9):560-7.<\/p>\n<p>QUEM TEM MEDO DA DIVERSIDADE? . [s.l: s.n.]. Dispon\u00edvel em: &lt;https:\/\/observatoriodesigualdades.fjp.mg.gov.br\/wp-content\/uploads\/2022\/04\/Boletim-15-Quem-tem-medo-da-diversidade_.docx-1.pdf&gt;. Acesso em: 30 abr. 2025.<\/p>\n<p><\/p>\n<p>SOUTO, Astral. Revolta de Stonewall. <i>Faculdade de Filosofia, Letras e Ci\u00eancias Humanas da Universidade de S\u00e3o Paulo<\/i>, 28 jun. 2023. Dispon\u00edvel em: . Acesso em: 30 abr. 2025.<\/p>\t\t\t\t\t\t\t\t<\/div>\n\t\t\t\t<\/div>\n\t\t\t\t\t<\/div>\n\t\t<\/div>\n\t\t\t\t\t<\/div>\n\t\t<\/section>\n\t\t\t\t<\/div>\n\t\t","protected":false},"excerpt":{"rendered":"<p>A luta por direitos da popula\u00e7\u00e3o LGBTQIA+ envolve enfrentamentos hist\u00f3ricos e atuais contra a viol\u00eancia, a exclus\u00e3o e a resist\u00eancia conservadora. A diversidade de identidades de g\u00eanero e orienta\u00e7\u00f5es sexuais traz desafios espec\u00edficos, que variam em aceita\u00e7\u00e3o e vulnerabilidade social. Fatores como idade, escolaridade, religi\u00e3o e pol\u00edticas p\u00fablicas influenciam diretamente o n\u00edvel de respeito e inclus\u00e3o dessas pessoas na sociedade. A persist\u00eancia de preconceitos estruturais, como o machismo e o fundamentalismo religioso, refor\u00e7a desigualdades e limita o acesso \u00e0 sa\u00fade, \u00e0 seguran\u00e7a e \u00e0 cidadania plena. Ainda assim, os avan\u00e7os conquistados revelam a for\u00e7a de uma mobiliza\u00e7\u00e3o cont\u00ednua por reconhecimento e justi\u00e7a social.<\/p>\n","protected":false},"author":2,"featured_media":4242,"comment_status":"open","ping_status":"open","sticky":false,"template":"","format":"standard","meta":{"ocean_post_layout":"","ocean_both_sidebars_style":"","ocean_both_sidebars_content_width":0,"ocean_both_sidebars_sidebars_width":0,"ocean_sidebar":"0","ocean_second_sidebar":"0","ocean_disable_margins":"enable","ocean_add_body_class":"","ocean_shortcode_before_top_bar":"","ocean_shortcode_after_top_bar":"","ocean_shortcode_before_header":"","ocean_shortcode_after_header":"","ocean_has_shortcode":"","ocean_shortcode_after_title":"","ocean_shortcode_before_footer_widgets":"","ocean_shortcode_after_footer_widgets":"","ocean_shortcode_before_footer_bottom":"","ocean_shortcode_after_footer_bottom":"","ocean_display_top_bar":"default","ocean_display_header":"default","ocean_header_style":"","ocean_center_header_left_menu":"0","ocean_custom_header_template":"0","ocean_custom_logo":0,"ocean_custom_retina_logo":0,"ocean_custom_logo_max_width":0,"ocean_custom_logo_tablet_max_width":0,"ocean_custom_logo_mobile_max_width":0,"ocean_custom_logo_max_height":0,"ocean_custom_logo_tablet_max_height":0,"ocean_custom_logo_mobile_max_height":0,"ocean_header_custom_menu":"0","ocean_menu_typo_font_family":"0","ocean_menu_typo_font_subset":"","ocean_menu_typo_font_size":0,"ocean_menu_typo_font_size_tablet":0,"ocean_menu_typo_font_size_mobile":0,"ocean_menu_typo_font_size_unit":"px","ocean_menu_typo_font_weight":"","ocean_menu_typo_font_weight_tablet":"","ocean_menu_typo_font_weight_mobile":"","ocean_menu_typo_transform":"","ocean_menu_typo_transform_tablet":"","ocean_menu_typo_transform_mobile":"","ocean_menu_typo_line_height":0,"ocean_menu_typo_line_height_tablet":0,"ocean_menu_typo_line_height_mobile":0,"ocean_menu_typo_line_height_unit":"","ocean_menu_typo_spacing":0,"ocean_menu_typo_spacing_tablet":0,"ocean_menu_typo_spacing_mobile":0,"ocean_menu_typo_spacing_unit":"","ocean_menu_link_color":"","ocean_menu_link_color_hover":"","ocean_menu_link_color_active":"","ocean_menu_link_background":"","ocean_menu_link_hover_background":"","ocean_menu_link_active_background":"","ocean_menu_social_links_bg":"","ocean_menu_social_hover_links_bg":"","ocean_menu_social_links_color":"","ocean_menu_social_hover_links_color":"","ocean_disable_title":"default","ocean_disable_heading":"default","ocean_post_title":"","ocean_post_subheading":"","ocean_post_title_style":"","ocean_post_title_background_color":"","ocean_post_title_background":0,"ocean_post_title_bg_image_position":"","ocean_post_title_bg_image_attachment":"","ocean_post_title_bg_image_repeat":"","ocean_post_title_bg_image_size":"","ocean_post_title_height":0,"ocean_post_title_bg_overlay":0.5,"ocean_post_title_bg_overlay_color":"","ocean_disable_breadcrumbs":"default","ocean_breadcrumbs_color":"","ocean_breadcrumbs_separator_color":"","ocean_breadcrumbs_links_color":"","ocean_breadcrumbs_links_hover_color":"","ocean_display_footer_widgets":"default","ocean_display_footer_bottom":"default","ocean_custom_footer_template":"0","ocean_post_oembed":"","ocean_post_self_hosted_media":"","ocean_post_video_embed":"","ocean_link_format":"","ocean_link_format_target":"self","ocean_quote_format":"","ocean_quote_format_link":"post","ocean_gallery_link_images":"on","ocean_gallery_id":[],"footnotes":""},"categories":[1],"tags":[],"class_list":["post-4241","post","type-post","status-publish","format-standard","has-post-thumbnail","hentry","category-analise","entry","has-media"],"_links":{"self":[{"href":"https:\/\/observatoriodesigualdades.fjp.mg.gov.br\/index.php?rest_route=\/wp\/v2\/posts\/4241","targetHints":{"allow":["GET"]}}],"collection":[{"href":"https:\/\/observatoriodesigualdades.fjp.mg.gov.br\/index.php?rest_route=\/wp\/v2\/posts"}],"about":[{"href":"https:\/\/observatoriodesigualdades.fjp.mg.gov.br\/index.php?rest_route=\/wp\/v2\/types\/post"}],"author":[{"embeddable":true,"href":"https:\/\/observatoriodesigualdades.fjp.mg.gov.br\/index.php?rest_route=\/wp\/v2\/users\/2"}],"replies":[{"embeddable":true,"href":"https:\/\/observatoriodesigualdades.fjp.mg.gov.br\/index.php?rest_route=%2Fwp%2Fv2%2Fcomments&post=4241"}],"version-history":[{"count":11,"href":"https:\/\/observatoriodesigualdades.fjp.mg.gov.br\/index.php?rest_route=\/wp\/v2\/posts\/4241\/revisions"}],"predecessor-version":[{"id":4329,"href":"https:\/\/observatoriodesigualdades.fjp.mg.gov.br\/index.php?rest_route=\/wp\/v2\/posts\/4241\/revisions\/4329"}],"wp:featuredmedia":[{"embeddable":true,"href":"https:\/\/observatoriodesigualdades.fjp.mg.gov.br\/index.php?rest_route=\/wp\/v2\/media\/4242"}],"wp:attachment":[{"href":"https:\/\/observatoriodesigualdades.fjp.mg.gov.br\/index.php?rest_route=%2Fwp%2Fv2%2Fmedia&parent=4241"}],"wp:term":[{"taxonomy":"category","embeddable":true,"href":"https:\/\/observatoriodesigualdades.fjp.mg.gov.br\/index.php?rest_route=%2Fwp%2Fv2%2Fcategories&post=4241"},{"taxonomy":"post_tag","embeddable":true,"href":"https:\/\/observatoriodesigualdades.fjp.mg.gov.br\/index.php?rest_route=%2Fwp%2Fv2%2Ftags&post=4241"}],"curies":[{"name":"wp","href":"https:\/\/api.w.org\/{rel}","templated":true}]}}