{"id":4689,"date":"2025-12-23T17:41:02","date_gmt":"2025-12-23T17:41:02","guid":{"rendered":"https:\/\/observatoriodesigualdades.fjp.mg.gov.br\/?p=4689"},"modified":"2025-12-23T17:58:48","modified_gmt":"2025-12-23T17:58:48","slug":"elementor-4689","status":"publish","type":"post","link":"https:\/\/observatoriodesigualdades.fjp.mg.gov.br\/?p=4689","title":{"rendered":"\u201cA trilha sonora de 2025: desigualdades, resist\u00eancia e futuro\u201d"},"content":{"rendered":"\t\t<div data-elementor-type=\"wp-post\" data-elementor-id=\"4689\" class=\"elementor elementor-4689\">\n\t\t\t\t\t\t<section class=\"elementor-section elementor-top-section elementor-element elementor-element-8b6efa8 elementor-section-boxed elementor-section-height-default elementor-section-height-default\" data-id=\"8b6efa8\" data-element_type=\"section\" data-e-type=\"section\">\n\t\t\t\t\t\t<div class=\"elementor-container elementor-column-gap-default\">\n\t\t\t\t\t<div class=\"elementor-column elementor-col-100 elementor-top-column elementor-element elementor-element-2124df7\" data-id=\"2124df7\" data-element_type=\"column\" data-e-type=\"column\">\n\t\t\t<div class=\"elementor-widget-wrap elementor-element-populated\">\n\t\t\t\t\t\t<div class=\"elementor-element elementor-element-09ee82e elementor-widget elementor-widget-html\" data-id=\"09ee82e\" data-element_type=\"widget\" data-e-type=\"widget\" data-widget_type=\"html.default\">\n\t\t\t\t<div class=\"elementor-widget-container\">\n\t\t\t\t\t<iframe data-testid=\"embed-iframe\" style=\"border-radius:12px\" src=\"https:\/\/open.spotify.com\/embed\/playlist\/6MCb9gcxuVZdLbzCqh4j8V?utm_source=generator\" width=\"100%\" height=\"352\" frameBorder=\"0\" allowfullscreen=\"\" allow=\"autoplay; clipboard-write; encrypted-media; fullscreen; picture-in-picture\" loading=\"lazy\"><\/iframe>\n\t\t\t\t<\/div>\n\t\t\t\t<\/div>\n\t\t\t\t\t<\/div>\n\t\t<\/div>\n\t\t\t\t\t<\/div>\n\t\t<\/section>\n\t\t\t\t<section class=\"elementor-section elementor-top-section elementor-element elementor-element-7a749f9 elementor-section-boxed elementor-section-height-default elementor-section-height-default\" data-id=\"7a749f9\" data-element_type=\"section\" data-e-type=\"section\">\n\t\t\t\t\t\t<div class=\"elementor-container elementor-column-gap-default\">\n\t\t\t\t\t<div class=\"elementor-column elementor-col-100 elementor-top-column elementor-element elementor-element-8ab872a\" data-id=\"8ab872a\" data-element_type=\"column\" data-e-type=\"column\">\n\t\t\t<div class=\"elementor-widget-wrap elementor-element-populated\">\n\t\t\t\t\t\t<div class=\"elementor-element elementor-element-0670989 elementor-widget elementor-widget-text-editor\" data-id=\"0670989\" data-element_type=\"widget\" data-e-type=\"widget\" data-widget_type=\"text-editor.default\">\n\t\t\t\t<div class=\"elementor-widget-container\">\n\t\t\t\t\t\t\t\t\t<p><span style=\"font-weight: 400;\">Aqui no Observat\u00f3rio das Desigualdades temos a tradi\u00e7\u00e3o de todo ano elaborar uma playlist que dialogue com nossa produ\u00e7\u00e3o. Durante o ano de 2025, produzimos de diversas formas diferentes, posts no instagram e no blog, notas t\u00e9cnicas e boletins, com uma grande pluralidade de temas. Sendo assim, n\u00e3o poderia ser diferente dessa vez, fizemos uma playlist em que cada m\u00fasica, de alguma maneira conversa diretamente com o que apresentamos em nosso Instagram e blog.<\/span><\/p>\n<p><span style=\"font-weight: 400;\">Um dos temas mais tratados durante o ano e escolhido para abrir nossa playlist foi a<\/span><b> erradica\u00e7\u00e3o da fome e da mis\u00e9ria<\/b><span style=\"font-weight: 400;\">. Tratado na nossa \u00faltima nota t\u00e9cnica (Minas sem Mis\u00e9ria: Alternativas, Custos e Financiamento de uma Pol\u00edtica Estadual de Enfrentamento \u00e0 Pobreza) e em post que comemoram a sa\u00edda do Brasil do Mapa da Fome em 2025, n\u00e3o poderia ser representado melhor do que pela m\u00fasica <\/span><b>Gente de Caetano Veloso:<\/b><\/p>\n<p><span style=\"font-weight: 400;\">\u201cGente \u00e9 pra brilhar<\/span><\/p>\n<p><span style=\"font-weight: 400;\">N\u00e3o pra morrer de fome\u201d<\/span><\/p>\n<p><span style=\"font-weight: 400;\">Em seguida, decidimos tratar da <\/span><b>redistribui\u00e7\u00e3o de renda<\/b><span style=\"font-weight: 400;\">, talvez o tema mais recorrente em nossa produ\u00e7\u00e3o. Durante o ano de 2025, esteve presente em nossas duas notas t\u00e9cnicas (Minas sem Mis\u00e9ria: Alternativas, Custos e Financiamento de uma Pol\u00edtica Estadual de Enfrentamento \u00e0 Pobreza e Pobreza e desigualdade em Minas Gerais em 2024: retomando o longo caminho para a justi\u00e7a social.) e em outras produ\u00e7\u00f5es que trataram do Bolsa Fam\u00edlia, valoriza\u00e7\u00e3o real do sal\u00e1rio m\u00ednimo, entre outros. A nossa escolha foi por um cl\u00e1ssico do rock nacional: <\/span><b>At\u00e9 Quando Esperar do Plebe Rude:<\/b><\/p>\n<p><span style=\"font-weight: 400;\">\u201cCom tanta riqueza por a\u00ed, onde \u00e9 que est\u00e1?<\/span><\/p>\n<p><span style=\"font-weight: 400;\">Cad\u00ea sua fra\u00e7\u00e3o?\u201d<\/span><\/p>\n<p><span style=\"font-weight: 400;\">Outro tema muito tratado foi a precariza\u00e7\u00e3o do trabalho e a luta por direitos. Escolhemos m\u00fasicas que representam um cotidiano repetitivo e de luta do trabalhador em m\u00fasicas como <\/span><b>Constru\u00e7\u00e3o de Chico Buarque<\/b><span style=\"font-weight: 400;\"> e <\/span><b>Sou Boy da Banda Magazine. <\/b><span style=\"font-weight: 400;\">Al\u00e9m disso, para representar a luta por direitos, escolhemos um cl\u00e1ssico do samba que representa a ascens\u00e3o de um l\u00edder popular <\/span><b>Z\u00e9 do Caro\u00e7o de Leci Brand\u00e3o.&nbsp;<\/b><\/p>\n<p><span style=\"font-weight: 400;\">Al\u00e9m disso, a comemora\u00e7\u00e3o da diversidade e a discrimina\u00e7\u00e3o contra a popula\u00e7\u00e3o LGBTQIA+ foi um tema muito debatido por n\u00f3s ao longo do ano, com destaque para o boletim n\u00b021 \u201cPol\u00edticas P\u00fablicas para a popula\u00e7\u00e3o LGBTQIA+: caminhos para o alcance de um futuro sem desigualdade e discrimina\u00e7\u00e3o\u201d. Dessa vez, n\u00e3o foi poss\u00edvel escapar do tradicional, decidimos por<\/span><b> I Will Survive de Gloria Gaynor<\/b><span style=\"font-weight: 400;\"> por se tratar de um hino da popula\u00e7\u00e3o LGBT. Decidimos, tamb\u00e9m, incluir <\/span><b>Homem com H de Ney Matogrosso<\/b><span style=\"font-weight: 400;\">, pela representatividade enorme do cantor e pela forma como questiona os pap\u00e9is de g\u00eanero, outro tema importante tratado ao longo do ano. Por fim, <\/span><b>Blossom de Urias <\/b><span style=\"font-weight: 400;\">foi uma escolha importante para representar a popula\u00e7\u00e3o trans.<\/span><\/p>\n<p><span style=\"font-weight: 400;\">As m\u00fasicas <\/span><b>\u201cNegro \u00e9 lindo\u201d<\/b><span style=\"font-weight: 400;\">, de Jorge Ben, e <\/span><b>\u201cIdentidade\u201d<\/b><span style=\"font-weight: 400;\">, de Jorge Arag\u00e3o, dialogam diretamente com a valoriza\u00e7\u00e3o da cultura negra ao afirmarem o orgulho racial e a mem\u00f3ria hist\u00f3rica como pilares da resist\u00eancia negra no Brasil. Enquanto Jorge Ben celebra a beleza, a for\u00e7a e a criatividade do povo negro, rompendo com estigmas constru\u00eddos pelo racismo estrutural, Jorge Arag\u00e3o refor\u00e7a que identidade n\u00e3o \u00e9 apenas apar\u00eancia, mas hist\u00f3ria, luta e pertencimento coletivo.<\/span><\/p>\n<p><span style=\"font-weight: 400;\">Ambas as can\u00e7\u00f5es resgatam a ancestralidade africana, reafirmam o direito \u00e0 autoestima e transformam a m\u00fasica popular em instrumento pol\u00edtico, contribuindo para a constru\u00e7\u00e3o de uma consci\u00eancia negra que reconhece sua centralidade na forma\u00e7\u00e3o cultural brasileira e reivindica visibilidade, respeito e dignidade. No ano de 2025, buscamos falar desse assunto trazendo o foco para a valoriza\u00e7\u00e3o da cultura, ao inv\u00e9s de dar espa\u00e7o a discuss\u00e3o sobre discrimina\u00e7\u00e3o, visando interromper uma vis\u00e3o de que as exist\u00eancias negras se limitam a isso.&nbsp;<\/span><\/p>\n<p><span style=\"font-weight: 400;\">Tamb\u00e9m n\u00e3o poderiam passar batido em nossa playlist temas como a defesa da democracia e a redemocratiza\u00e7\u00e3o que foram tratados em nosso blog, principalmente diante dos acontecimentos que marcaram os \u00faltimos anos da hist\u00f3ria brasileira. Para isso, escolhemos <\/span><b>O b\u00eabado e a equilibrista de Elis Regina,<\/b><span style=\"font-weight: 400;\"> que simboliza a esperan\u00e7a nesse per\u00edodo sombrio que viveu nosso pa\u00eds:<\/span><\/p>\n<p><span style=\"font-weight: 400;\">\u201cA esperan\u00e7a equilibrista<\/span><\/p>\n<p><span style=\"font-weight: 400;\">Sabe que o show de todo artista<\/span><\/p>\n<p><span style=\"font-weight: 400;\">Tem que continuar\u201d<\/span><\/p>\n<p><span style=\"font-weight: 400;\">Levando tudo isso em considera\u00e7\u00e3o, a m\u00fasica <\/span><b><i>We Are The Champions<\/i><\/b><b>, do Queen<\/b><span style=\"font-weight: 400;\">, parece estar deslocada do prop\u00f3sito dessa publica\u00e7\u00e3o. No entanto, ela foi escolhida por se tratar de um ano muito especial para n\u00f3s. Em 2025, o Observat\u00f3rio das Desigualdades foi premiado no <\/span><b>Pr\u00eamio Simone Albuquerque<\/b><span style=\"font-weight: 400;\">, concedido no \u00e2mbito da <\/span><b>Confer\u00eancia Nacional de Assist\u00eancia Social (CNAS)<\/b><span style=\"font-weight: 400;\">, que reconhece experi\u00eancias e iniciativas que contribuem para o fortalecimento do <\/span><b>Sistema \u00danico de Assist\u00eancia Social (SUAS)<\/b><span style=\"font-weight: 400;\"> e para a luta contra as desigualdades sociais no pa\u00eds. Receber esse pr\u00eamio significa o reconhecimento do trabalho desenvolvido na produ\u00e7\u00e3o de conhecimento cr\u00edtico, no monitoramento das desigualdades e na defesa de pol\u00edticas p\u00fablicas comprometidas com direitos, justi\u00e7a social e democracia.<\/span><\/p>\n<p><span style=\"font-weight: 400;\">Por fim, escolhemos algumas m\u00fasicas para trazer uma mensagem de esperan\u00e7a para 2026: <\/span><b>A Dan\u00e7a de Mc Hariel e Gilberto Gil<\/b><span style=\"font-weight: 400;\">,<\/span><b> Andar com F\u00e9<\/b><span style=\"font-weight: 400;\">, tamb\u00e9m de <\/span><b>Gilberto Gil<\/b><span style=\"font-weight: 400;\"> e <\/span><b>O Show Tem que Continuar de Arlindo Cruz:&nbsp;<\/b><\/p>\n<p><span style=\"font-weight: 400;\">\u201cCombust\u00edvel pra prosseguir, cantar memo ofegante<\/span><\/p>\n<p><span style=\"font-weight: 400;\">No meio de tanta incerteza, ser mais confiante\u201d<\/span><\/p>\n<p><b>Mc Hariel<\/b><\/p>\n<p><span style=\"font-weight: 400;\">Para encerrar, deixamos esta playlist como um convite \u00e0 escuta atenta e ao afeto compartilhado. Cada m\u00fasica aqui reunida carrega n\u00e3o apenas uma trilha sonora, mas peda\u00e7os das lutas, das conquistas e das esperan\u00e7as que atravessaram nosso trabalho em 2025. Em um pa\u00eds marcado por desigualdades profundas, seguir produzindo, pesquisando e comunicando \u00e9 tamb\u00e9m um ato de resist\u00eancia coletiva. Que essas can\u00e7\u00f5es nos lembrem que a transforma\u00e7\u00e3o social n\u00e3o se faz apenas com dados e an\u00e1lises, mas tamb\u00e9m com sensibilidade, mem\u00f3ria e coragem. Seguimos acreditando que \u00e9 poss\u00edvel construir um futuro mais justo, e que, juntos, podemos continuar caminhando, cantando e lutando, porque o show da democracia, dos direitos e da dignidade precisa, e vai, continuar. Para ouvir, acesse: <a href=\"https:\/\/open.spotify.com\/playlist\/6MCb9gcxuVZdLbzCqh4j8V?si=BYwbsKUjS62ZqF3zaCDhd\">https:\/\/open.spotify.com\/playlist\/6MCb9gcxuVZdLbzCqh4j8V?si=BYwbsKUjS62ZqF3zaCDhd<\/a>&nbsp;ou escute aqui mesmo pelo widget presente no top desse blog!<\/span><\/p><p><span style=\"font-weight: 400;\"><br><\/span><\/p><p><span style=\"font-weight: 400;\">Autores:&nbsp;<\/span><span style=\"font-family: &quot;Open Sans&quot;, sans-serif; font-size: 15px; font-style: normal; font-variant-ligatures: normal; font-variant-caps: normal; font-weight: 400;\">Ana Luiza Matias, Marina Diniz, Maria Luiza Vilela e&nbsp;<\/span><span style=\"font-size: 15px; font-weight: 400;\">Miguel Coelho.<\/span><\/p>\t\t\t\t\t\t\t\t<\/div>\n\t\t\t\t<\/div>\n\t\t\t\t\t<\/div>\n\t\t<\/div>\n\t\t\t\t\t<\/div>\n\t\t<\/section>\n\t\t\t\t<\/div>\n\t\t","protected":false},"excerpt":{"rendered":"<p>Aqui no Observat\u00f3rio das Desigualdades temos a tradi\u00e7\u00e3o de todo ano elaborar uma playlist que dialogue com nossa produ\u00e7\u00e3o. Durante o ano de 2025, produzimos de diversas formas diferentes, posts no instagram e no blog, notas t\u00e9cnicas e boletins, com uma grande pluralidade de temas. Sendo assim, n\u00e3o poderia ser diferente dessa vez, fizemos uma [&hellip;]<\/p>\n","protected":false},"author":2,"featured_media":4710,"comment_status":"open","ping_status":"open","sticky":false,"template":"","format":"standard","meta":{"ocean_post_layout":"","ocean_both_sidebars_style":"","ocean_both_sidebars_content_width":0,"ocean_both_sidebars_sidebars_width":0,"ocean_sidebar":"0","ocean_second_sidebar":"0","ocean_disable_margins":"enable","ocean_add_body_class":"","ocean_shortcode_before_top_bar":"","ocean_shortcode_after_top_bar":"","ocean_shortcode_before_header":"","ocean_shortcode_after_header":"","ocean_has_shortcode":"","ocean_shortcode_after_title":"","ocean_shortcode_before_footer_widgets":"","ocean_shortcode_after_footer_widgets":"","ocean_shortcode_before_footer_bottom":"","ocean_shortcode_after_footer_bottom":"","ocean_display_top_bar":"default","ocean_display_header":"default","ocean_header_style":"","ocean_center_header_left_menu":"0","ocean_custom_header_template":"0","ocean_custom_logo":0,"ocean_custom_retina_logo":0,"ocean_custom_logo_max_width":0,"ocean_custom_logo_tablet_max_width":0,"ocean_custom_logo_mobile_max_width":0,"ocean_custom_logo_max_height":0,"ocean_custom_logo_tablet_max_height":0,"ocean_custom_logo_mobile_max_height":0,"ocean_header_custom_menu":"0","ocean_menu_typo_font_family":"0","ocean_menu_typo_font_subset":"","ocean_menu_typo_font_size":0,"ocean_menu_typo_font_size_tablet":0,"ocean_menu_typo_font_size_mobile":0,"ocean_menu_typo_font_size_unit":"px","ocean_menu_typo_font_weight":"","ocean_menu_typo_font_weight_tablet":"","ocean_menu_typo_font_weight_mobile":"","ocean_menu_typo_transform":"","ocean_menu_typo_transform_tablet":"","ocean_menu_typo_transform_mobile":"","ocean_menu_typo_line_height":0,"ocean_menu_typo_line_height_tablet":0,"ocean_menu_typo_line_height_mobile":0,"ocean_menu_typo_line_height_unit":"","ocean_menu_typo_spacing":0,"ocean_menu_typo_spacing_tablet":0,"ocean_menu_typo_spacing_mobile":0,"ocean_menu_typo_spacing_unit":"","ocean_menu_link_color":"","ocean_menu_link_color_hover":"","ocean_menu_link_color_active":"","ocean_menu_link_background":"","ocean_menu_link_hover_background":"","ocean_menu_link_active_background":"","ocean_menu_social_links_bg":"","ocean_menu_social_hover_links_bg":"","ocean_menu_social_links_color":"","ocean_menu_social_hover_links_color":"","ocean_disable_title":"default","ocean_disable_heading":"default","ocean_post_title":"","ocean_post_subheading":"","ocean_post_title_style":"","ocean_post_title_background_color":"","ocean_post_title_background":0,"ocean_post_title_bg_image_position":"","ocean_post_title_bg_image_attachment":"","ocean_post_title_bg_image_repeat":"","ocean_post_title_bg_image_size":"","ocean_post_title_height":0,"ocean_post_title_bg_overlay":0.5,"ocean_post_title_bg_overlay_color":"","ocean_disable_breadcrumbs":"default","ocean_breadcrumbs_color":"","ocean_breadcrumbs_separator_color":"","ocean_breadcrumbs_links_color":"","ocean_breadcrumbs_links_hover_color":"","ocean_display_footer_widgets":"default","ocean_display_footer_bottom":"default","ocean_custom_footer_template":"0","ocean_post_oembed":"","ocean_post_self_hosted_media":"","ocean_post_video_embed":"","ocean_link_format":"","ocean_link_format_target":"self","ocean_quote_format":"","ocean_quote_format_link":"post","ocean_gallery_link_images":"on","ocean_gallery_id":[4710],"footnotes":""},"categories":[1],"tags":[],"class_list":["post-4689","post","type-post","status-publish","format-standard","has-post-thumbnail","hentry","category-analise","entry","has-media"],"_links":{"self":[{"href":"https:\/\/observatoriodesigualdades.fjp.mg.gov.br\/index.php?rest_route=\/wp\/v2\/posts\/4689","targetHints":{"allow":["GET"]}}],"collection":[{"href":"https:\/\/observatoriodesigualdades.fjp.mg.gov.br\/index.php?rest_route=\/wp\/v2\/posts"}],"about":[{"href":"https:\/\/observatoriodesigualdades.fjp.mg.gov.br\/index.php?rest_route=\/wp\/v2\/types\/post"}],"author":[{"embeddable":true,"href":"https:\/\/observatoriodesigualdades.fjp.mg.gov.br\/index.php?rest_route=\/wp\/v2\/users\/2"}],"replies":[{"embeddable":true,"href":"https:\/\/observatoriodesigualdades.fjp.mg.gov.br\/index.php?rest_route=%2Fwp%2Fv2%2Fcomments&post=4689"}],"version-history":[{"count":16,"href":"https:\/\/observatoriodesigualdades.fjp.mg.gov.br\/index.php?rest_route=\/wp\/v2\/posts\/4689\/revisions"}],"predecessor-version":[{"id":4711,"href":"https:\/\/observatoriodesigualdades.fjp.mg.gov.br\/index.php?rest_route=\/wp\/v2\/posts\/4689\/revisions\/4711"}],"wp:featuredmedia":[{"embeddable":true,"href":"https:\/\/observatoriodesigualdades.fjp.mg.gov.br\/index.php?rest_route=\/wp\/v2\/media\/4710"}],"wp:attachment":[{"href":"https:\/\/observatoriodesigualdades.fjp.mg.gov.br\/index.php?rest_route=%2Fwp%2Fv2%2Fmedia&parent=4689"}],"wp:term":[{"taxonomy":"category","embeddable":true,"href":"https:\/\/observatoriodesigualdades.fjp.mg.gov.br\/index.php?rest_route=%2Fwp%2Fv2%2Fcategories&post=4689"},{"taxonomy":"post_tag","embeddable":true,"href":"https:\/\/observatoriodesigualdades.fjp.mg.gov.br\/index.php?rest_route=%2Fwp%2Fv2%2Ftags&post=4689"}],"curies":[{"name":"wp","href":"https:\/\/api.w.org\/{rel}","templated":true}]}}