{"id":4717,"date":"2026-01-20T19:07:28","date_gmt":"2026-01-20T19:07:28","guid":{"rendered":"https:\/\/observatoriodesigualdades.fjp.mg.gov.br\/?p=4717"},"modified":"2026-01-20T19:12:43","modified_gmt":"2026-01-20T19:12:43","slug":"o-que-os-olhos-nao-veem-o-coracao-nao-sente-as-consequencias-ignoradas-do-turismo-excessivo","status":"publish","type":"post","link":"https:\/\/observatoriodesigualdades.fjp.mg.gov.br\/?p=4717","title":{"rendered":"O que os olhos n\u00e3o v\u00eaem o cora\u00e7\u00e3o n\u00e3o sente: as consequ\u00eancias ignoradas do turismo excessivo"},"content":{"rendered":"\t\t<div data-elementor-type=\"wp-post\" data-elementor-id=\"4717\" class=\"elementor elementor-4717\">\n\t\t\t\t\t\t<section class=\"elementor-section elementor-top-section elementor-element elementor-element-5f94246 elementor-section-boxed elementor-section-height-default elementor-section-height-default\" data-id=\"5f94246\" data-element_type=\"section\" data-e-type=\"section\">\n\t\t\t\t\t\t<div class=\"elementor-container elementor-column-gap-default\">\n\t\t\t\t\t<div class=\"elementor-column elementor-col-100 elementor-top-column elementor-element elementor-element-7425381\" data-id=\"7425381\" data-element_type=\"column\" data-e-type=\"column\">\n\t\t\t<div class=\"elementor-widget-wrap elementor-element-populated\">\n\t\t\t\t\t\t<div class=\"elementor-element elementor-element-4e291fe elementor-widget elementor-widget-text-editor\" data-id=\"4e291fe\" data-element_type=\"widget\" data-e-type=\"widget\" data-widget_type=\"text-editor.default\">\n\t\t\t\t<div class=\"elementor-widget-container\">\n\t\t\t\t\t\t\t\t\t<p><span style=\"font-weight: 400;\">\u00a0 \u00a0 \u00a0Quando estamos viajando e aproveitando as lindas paisagens das cidades tur\u00edsticas, reconhecendo as dezenas de viajantes como n\u00f3s ao nosso redor, raramente paramos para pensar no impacto que o alto n\u00famero de visitantes pode causar \u00e0s regi\u00f5es que os recebem, especialmente em situa\u00e7\u00f5es em que o turismo \u00e9 realizado sem nenhum tipo de consci\u00eancia social e ambiental. Entretanto, \u00e9 preciso se atentar ao fato de que um volume excessivo de turistas pode gerar impactos significativos tanto na qualidade de vida dos moradores quanto no meio ambiente, chegando, inclusive, a comprometer a experi\u00eancia dos pr\u00f3prios visitantes.<\/span><\/p><h5 style=\"text-align: center;\"><strong>Roma, It\u00e1lia<\/strong><\/h5><p><img fetchpriority=\"high\" decoding=\"async\" class=\"aligncenter\" src=\"https:\/\/observatoriodesigualdades.fjp.mg.gov.br\/wp-content\/uploads\/2026\/01\/Captura-de-tela-2026-01-20-153759.png\" alt=\"\" width=\"614\" height=\"410\" \/><\/p><p style=\"text-align: center;\"><span style=\"font-weight: 400;\">Fonte: Habitability<\/span><\/p><p><strong>O que \u00e9 o turismo excessivo e quais s\u00e3o os seus impactos<\/strong><\/p><p><span style=\"font-weight: 400;\">\u00a0 \u00a0 \u00a0O <\/span><i><span style=\"font-weight: 400;\">overturism <\/span><\/i><span style=\"font-weight: 400;\">ou turismo excessivo se caracteriza por um n\u00famero acima<\/span><span style=\"font-size: 15px; font-weight: 400;\">\u00a0do aceit\u00e1vel de visitantes\u00a0 em regi\u00f5es com grandes atrativos tur\u00edsticos, fazendo com que o volume de visitantes no destino seja superior \u00e0 capacidade de suporte da cidade e do meio ambiente. N\u00e3o \u00e9 preciso ir longe para observar os efeitos desse fen\u00f4meno, j\u00e1 que, no Brasil, diversas cidades sofrem com os impactos negativos do <\/span><i style=\"font-size: 15px;\"><span style=\"font-weight: 400;\">overturism<\/span><\/i><span style=\"font-size: 15px; font-weight: 400;\">, especialmente em \u00e9pocas de alta temporada. \u00c9 poss\u00edvel observar isso, por exemplo, em Guarapari, um dos principais destinos no estado do Esp\u00edrito Santo que, durante o recesso de fim de ano, sofreu com falta de \u00e1gua para os moradores. Ou at\u00e9 mesmo o caso de Ilha Grande, em Angra dos Reis, onde a constante falta de luz enfrentada pela ilha apenas piora com a demanda elevada em per\u00edodos de alta temporada, quando a ilha se enche de novos turistas. N\u00e3o s\u00e3o apenas cidades de praia que s\u00e3o afetadas por esse problema, cidades hist\u00f3ricas, como Tiradentes, tamb\u00e9m sofrem com danos ao patrim\u00f4nio hist\u00f3rico e cultural, provocados pelo intenso fluxo de visitantes em um espa\u00e7o urbano limitado, e com descaracteriza\u00e7\u00e3o do espa\u00e7o, devido \u00e0 superlota\u00e7\u00e3o.\u00a0<\/span><\/p><p style=\"text-align: center;\"><strong>Guarapari- Brasil<\/strong><\/p><p><img decoding=\"async\" class=\"aligncenter\" src=\"https:\/\/observatoriodesigualdades.fjp.mg.gov.br\/wp-content\/uploads\/2026\/01\/Captura-de-tela-2026-01-20-154447.png\" alt=\"\" width=\"703\" height=\"526\" \/><\/p><p style=\"text-align: center;\"><span style=\"font-weight: 400;\">Fonte:\u00a0 G1<\/span><\/p><p><span style=\"font-weight: 400;\">\u00a0 \u00a0 \u00a0 Portanto, \u00e9 evidente que o turismo excessivo tem s\u00e9rias consequ\u00eancias para as regi\u00f5es tur\u00edsticas, afetando intensamente a vida local. Os principais impactos causados pelo turismo excessivo est\u00e3o relacionados ao fornecimento de infraestrutura e servi\u00e7os, a desigualdades socioecon\u00f4micas e a destrui\u00e7\u00e3o do meio ambiente.<\/span><\/p><p><span style=\"font-weight: 400;\">\u00a0 \u00a0 \u00a0Nota-se que as cidades deixam de fornecer infraestrutura e servi\u00e7os para acolher seus moradores &#8211; e um n\u00famero crescente de visitantes &#8211; de maneira satisfat\u00f3ria. A superlota\u00e7\u00e3o ocasiona congestionamentos de tr\u00e1fego, dificuldades de se movimentar nas ruas, aumento do lixo, problemas de saneamento e degrada\u00e7\u00e3o dos espa\u00e7os p\u00fablicos. Isso acontece em Veneza, onde o movimento constante das ondas geradas pelas in\u00fameras embarca\u00e7\u00f5es tur\u00edsticas destr\u00f3i as margens dos canais e as funda\u00e7\u00f5es dos edif\u00edcios ao longo do tempo. Al\u00e9m disso, o aumento descontrolado do turismo gera press\u00e3o sobre servi\u00e7os p\u00fablicos, que n\u00e3o foram projetados para o elevado volume de pessoas, resultando, por exemplo, transportes p\u00fablicos sempre cheios e filas em postos de sa\u00fade (Leahy, 2024).\u00a0<\/span><\/p><p><span style=\"font-weight: 400;\">\u00a0 \u00a0 \u00a0Em termos de impactos socioecon\u00f4micos, observa-se um aumento generalizado do custo de vida para os moradores, devido \u00e0 eleva\u00e7\u00e3o dos pre\u00e7os de itens b\u00e1sicos, como alimentos; e \u00e0 infla\u00e7\u00e3o imobili\u00e1ria, j\u00e1 que prioriza-se a transforma\u00e7\u00e3o de im\u00f3veis em propriedades de alugu\u00e9is tempor\u00e1rios a altos pre\u00e7os; com isso,\u00a0<\/span><span style=\"font-size: 15px;\">o valor da moradia em \u00e1reas desej\u00e1veis aumenta,<\/span><span style=\"font-size: 15px; font-weight: 400;\">\u00a0for\u00e7ando os residentes das cidades a ocupar \u00e1reas mais perif\u00e9ricas e causando a separa\u00e7\u00e3o de comunidades locais. Al\u00e9m disso, com\u00e9rcios que antes atendiam a popula\u00e7\u00e3o local passam a fechar, dando lugar a estabelecimentos voltados exclusivamente para turistas, o que altera a identidade cultural da cidade (Piva, 2025).<\/span><\/p><p><span style=\"font-weight: 400;\">\u00a0 \u00a0 \u00a0J\u00e1 o meio ambiente, passa a ser mais intensamente degradado pelo turismo n\u00e3o sustent\u00e1vel, o que acelera a sua destrui\u00e7\u00e3o. Al\u00e9m do aumento da polui\u00e7\u00e3o em todas as formas, h\u00e1 tamb\u00e9m a transforma\u00e7\u00e3o de ecossistemas locais. Isso pode ser observado nos recifes de corais na Tail\u00e2ndia, que est\u00e3o sendo degradados pelos visitantes que praticam atividades nas \u00e1guas, como mergulho e passeios de barco (Leahy, 2024).<\/span><\/p><p><span style=\"font-weight: 400;\">\u00a0 \u00a0 \u00a0Esse cen\u00e1rio de ac\u00famulo de impactos negativos ocasiona indigna\u00e7\u00e3o nos residentes locais das regi\u00f5es tur\u00edsticas. Em diversas cidades tur\u00edsticas do mundo, moradores j\u00e1 realizaram protestos contra o turismo excessivo e muitos direcionam um comportamento hostil aos visitantes (Estanislau, 2023; Leahy, 2024). Um exemplo desse fen\u00f4meno pode ser observado em<\/span>\u00a0Barcelona, onde moradores t\u00eam realizado protestos frequentes contra o turismo excessivo, denunciando o aumento do custo de vida, a expuls\u00e3o de residentes de \u00e1reas centrais e a perda do car\u00e1ter local dos bairros. Em alguns casos, manifesta\u00e7\u00f5es inclu\u00edram cartazes e atos simb\u00f3licos direcionados a turistas.<\/p><p><b>Como amenizar esses impactos e promover um turismo mais consciente e sustent\u00e1vel?<\/b><\/p><p><span style=\"font-weight: 400;\">\u00a0 \u00a0 \u00a0Embora existam impactos negativos advindos do turismo excessivo, \u00e9 ineg\u00e1vel que esse setor traz um retorno econ\u00f4mico significativo para as regi\u00f5es tur\u00edsticas e, muitas vezes, atividades ligadas ao turismo s\u00e3o a principal fonte de renda da popula\u00e7\u00e3o local. Portanto, surge um desafio: como mitigar os impactos negativos do turismo excessivo de forma socialmente consciente sem inibir ou prejudicar o turismo como atividade econ\u00f4mica ben\u00e9fica?<\/span><\/p><p><span style=\"font-weight: 400;\">\u00a0 \u00a0 \u00a0A resposta est\u00e1 na regulamenta\u00e7\u00e3o e na promo\u00e7\u00e3o de um turismo sustent\u00e1vel e consciente para substituir o turismo desenfreado e sem regras. Algumas medidas j\u00e1 est\u00e3o sendo adotadas por cidades ao redor do mundo. Dentre elas, est\u00e3o a imposi\u00e7\u00e3o de limites e proibi\u00e7\u00f5es, como limita\u00e7\u00e3o do n\u00famero de visitantes, a proibi\u00e7\u00e3o de alguns tipos de ve\u00edculos em determinadas \u00e1reas das cidades e a cria\u00e7\u00e3o de hor\u00e1rios de funcionamento espec\u00edficos. Ademais, a aplica\u00e7\u00e3o de multas para m\u00e1 conduta de turistas e a implementa\u00e7\u00e3o de impostos relacionados a atividades tur\u00edsticas podem auxiliar na transfer\u00eancia de recursos para a mitiga\u00e7\u00e3o dos impactos negativos do turismo, al\u00e9m de coagir o turista a ter maior consci\u00eancia de suas a\u00e7\u00f5es. Por fim, destaca-se\u00a0 a cria\u00e7\u00e3o de regras mais restritivas para alugu\u00e9is de curta dura\u00e7\u00e3o, buscando conter a infla\u00e7\u00e3o imobili\u00e1ria (Piva, 2025).<\/span><\/p><p><b>Porque \u00e9 importante pensar no turismo excessivo para o cen\u00e1rio brasileiro?\u00a0<\/b><\/p><p><span style=\"font-weight: 400;\">\u00a0 \u00a0 \u00a0Em 2025, o Brasil bateu o recorde de n\u00famero de turistas vindos do exterior, alcan\u00e7ando a marca de 9 milh\u00f5es de visitantes estrangeiros at\u00e9 dezembro deste ano, superando em 30% a previs\u00e3o para 2025, que era de 6,9 milh\u00f5es de turistas (Secretaria de Comunica\u00e7\u00e3o Social, 2025). Esse \u00e9 um indicativo de que o turismo brasileiro vem crescendo de forma exponencial e bem acima do esperado.\u00a0<\/span><\/p><p><span style=\"font-weight: 400;\">\u00a0 \u00a0 \u00a0Esse cen\u00e1rio traz consigo um alerta importante: \u00e9 preciso executar pol\u00edticas p\u00fablicas para expandir o turismo de forma sustent\u00e1vel social, econ\u00f4mica e ambientalmente. O Brasil tem diante de si a oportunidade de aprender com as experi\u00eancias de outros pa\u00edses, tomando precau\u00e7\u00f5es para que o crescimento do turismo signifique a distribui\u00e7\u00e3o de recursos de forma igualit\u00e1ria, sem o aumento da press\u00e3o econ\u00f4mica, da tens\u00e3o social e da destrui\u00e7\u00e3o do meio ambiente. \u00c9 preciso trabalhar para mitigar os efeitos negativos do turismo que j\u00e1 est\u00e3o presentes no territ\u00f3rio brasileiro, tomando cuidado para que esses problemas n\u00e3o se agravem com o aumento do fluxo de turistas.\u00a0<\/span><\/p><p><span style=\"font-weight: 400;\">\u00a0 \u00a0 \u00a0Tamb\u00e9m \u00e9 crucial que o turismo no Brasil n\u00e3o seja limitado a poucos destinos, evitando a superlota\u00e7\u00e3o dos mesmos espa\u00e7os. O Brasil \u00e9 diverso em sua imensid\u00e3o, por isso, \u00e9 importante que diferentes destinos, em diferentes regi\u00f5es do pa\u00eds ganhem destaque. Para isso, \u00e9 importante que o turismo no Brasil seja devidamente divulgado, ampliando o conhecimento dos diversos pontos tur\u00edsticos que o pa\u00eds tem para oferecer. Pensar o turismo no Brasil hoje \u00e9 pensar o futuro do pa\u00eds, visando a valoriza\u00e7\u00e3o do territ\u00f3rio e o crescimento sustent\u00e1vel de um setor econ\u00f4mico indispens\u00e1vel para a na\u00e7\u00e3o.<\/span><\/p><p><b>Refer\u00eancias<\/b><\/p><p><span style=\"font-weight: 400;\">BRASIL. Antes do final do ano, Brasil alcan\u00e7a hist\u00f3ricos 9 milh\u00f5es de turistas estrangeiros em 2025. Gov.br, dezembro de 2025.\u00a0 Dispon\u00edvel em: <\/span><a href=\"https:\/\/www.gov.br\/secom\/pt-br\/assuntos\/noticias\/2025\/12\/antes-do-final-do-ano-brasil-alcanca-historicos-9-milhoes-de-turistas-estrangeiros-em-2025#:~:text=O%20recorde%20de%20chegadas%20de,visitantes%20internacionais%20registrados%20em%202024.&amp;text=A%20poucos%20dias%20de%20fechar,de%20turistas%20estrangeiros%20em%202025\"><span style=\"font-weight: 400;\">https:\/\/www.gov.br\/secom\/pt-br\/assuntos\/noticias\/2025\/12\/antes-do-final-do-ano-brasil-alcanca-historicos-9-milhoes-de-turistas-estrangeiros-em-2025#:~:text=O%20recorde%20de%20chegadas%20de,visitantes%20internacionais%20registrados%20em%202024.&amp;text=A%20poucos%20dias%20de%20fechar,de%20turistas%20estrangeiros%20em%202025<\/span><\/a><span style=\"font-weight: 400;\">. Acesso em 06\/01\/2026<\/span><\/p><p><span style=\"font-weight: 400;\">LEAHY, Kate. O que \u00e9 turismo de massa (ou turismo em excesso) e quais problemas ele vem causando pelo mundo?. National Geographic, julho de 2024. Dispon\u00edvel em:\u00a0<\/span><\/p><p><a href=\"https:\/\/www.nationalgeographicbrasil.com\/viagem\/2024\/07\/o-que-e-turismo-de-massa-ou-turismo-em-excesso-e-quais-problemas-ele-vem-causando-pelo-mundo\"><span style=\"font-weight: 400;\">https:\/\/www.nationalgeographicbrasil.com\/viagem\/2024\/07\/o-que-e-turismo-de-massa-ou-turismo-em-excesso-e-quais-problemas-ele-vem-causando-pelo-mundo<\/span><\/a><span style=\"font-weight: 400;\">. Acesso em 06\/01\/2026<\/span><\/p><p><span style=\"font-weight: 400;\">PIVA, Gabriela. Como o turismo excessivo impacta cidades e altera economias locais. CNN Brasil, maio de 2025. Dispon\u00edvel em: https:\/\/www.cnnbrasil.com.br\/viagemegastronomia\/viagem\/como-o-turismo-excessivo-impacta-cidades-e-altera-economias-locais\/#google_vignette. Acesso em 06\/01\/2025.<\/span><\/p><p><span style=\"font-weight: 400;\">ESTANISLAU, Juliana. Cidades sofrem com o \u201covertourism\u201d e turistas enfrentam retalia\u00e7\u00e3o de residentes e governos locais. Jornal da Usp, setembro de 2023. Dispon\u00edvel em: https:\/\/jornal.usp.br\/atualidades\/cidades-sofrem-com-o-overtourism-e-turistas-enfrentam-retaliacao-de-residentes-e-governos-locais\/ . Acesso em: 06\/01\/2026<\/span><\/p>\t\t\t\t\t\t\t\t<\/div>\n\t\t\t\t<\/div>\n\t\t\t\t\t<\/div>\n\t\t<\/div>\n\t\t\t\t\t<\/div>\n\t\t<\/section>\n\t\t\t\t<\/div>\n\t\t","protected":false},"excerpt":{"rendered":"<p>Quando estamos viajando e aproveitando as lindas paisagens das cidades tur\u00edsticas, reconhecendo as dezenas de viajantes como n\u00f3s ao nosso redor, raramente paramos para pensar no impacto que o alto n\u00famero de visitantes pode causar \u00e0s regi\u00f5es que os recebem, especialmente em situa\u00e7\u00f5es em que o turismo \u00e9 realizado sem nenhum tipo de consci\u00eancia social [&hellip;]<\/p>\n","protected":false},"author":2,"featured_media":4720,"comment_status":"open","ping_status":"open","sticky":false,"template":"","format":"standard","meta":{"ocean_post_layout":"","ocean_both_sidebars_style":"","ocean_both_sidebars_content_width":0,"ocean_both_sidebars_sidebars_width":0,"ocean_sidebar":"0","ocean_second_sidebar":"0","ocean_disable_margins":"enable","ocean_add_body_class":"","ocean_shortcode_before_top_bar":"","ocean_shortcode_after_top_bar":"","ocean_shortcode_before_header":"","ocean_shortcode_after_header":"","ocean_has_shortcode":"","ocean_shortcode_after_title":"","ocean_shortcode_before_footer_widgets":"","ocean_shortcode_after_footer_widgets":"","ocean_shortcode_before_footer_bottom":"","ocean_shortcode_after_footer_bottom":"","ocean_display_top_bar":"default","ocean_display_header":"default","ocean_header_style":"","ocean_center_header_left_menu":"0","ocean_custom_header_template":"0","ocean_custom_logo":0,"ocean_custom_retina_logo":0,"ocean_custom_logo_max_width":0,"ocean_custom_logo_tablet_max_width":0,"ocean_custom_logo_mobile_max_width":0,"ocean_custom_logo_max_height":0,"ocean_custom_logo_tablet_max_height":0,"ocean_custom_logo_mobile_max_height":0,"ocean_header_custom_menu":"0","ocean_menu_typo_font_family":"0","ocean_menu_typo_font_subset":"","ocean_menu_typo_font_size":0,"ocean_menu_typo_font_size_tablet":0,"ocean_menu_typo_font_size_mobile":0,"ocean_menu_typo_font_size_unit":"px","ocean_menu_typo_font_weight":"","ocean_menu_typo_font_weight_tablet":"","ocean_menu_typo_font_weight_mobile":"","ocean_menu_typo_transform":"","ocean_menu_typo_transform_tablet":"","ocean_menu_typo_transform_mobile":"","ocean_menu_typo_line_height":0,"ocean_menu_typo_line_height_tablet":0,"ocean_menu_typo_line_height_mobile":0,"ocean_menu_typo_line_height_unit":"","ocean_menu_typo_spacing":0,"ocean_menu_typo_spacing_tablet":0,"ocean_menu_typo_spacing_mobile":0,"ocean_menu_typo_spacing_unit":"","ocean_menu_link_color":"","ocean_menu_link_color_hover":"","ocean_menu_link_color_active":"","ocean_menu_link_background":"","ocean_menu_link_hover_background":"","ocean_menu_link_active_background":"","ocean_menu_social_links_bg":"","ocean_menu_social_hover_links_bg":"","ocean_menu_social_links_color":"","ocean_menu_social_hover_links_color":"","ocean_disable_title":"default","ocean_disable_heading":"default","ocean_post_title":"","ocean_post_subheading":"","ocean_post_title_style":"","ocean_post_title_background_color":"","ocean_post_title_background":0,"ocean_post_title_bg_image_position":"","ocean_post_title_bg_image_attachment":"","ocean_post_title_bg_image_repeat":"","ocean_post_title_bg_image_size":"","ocean_post_title_height":0,"ocean_post_title_bg_overlay":0.5,"ocean_post_title_bg_overlay_color":"","ocean_disable_breadcrumbs":"default","ocean_breadcrumbs_color":"","ocean_breadcrumbs_separator_color":"","ocean_breadcrumbs_links_color":"","ocean_breadcrumbs_links_hover_color":"","ocean_display_footer_widgets":"default","ocean_display_footer_bottom":"default","ocean_custom_footer_template":"0","ocean_post_oembed":"","ocean_post_self_hosted_media":"","ocean_post_video_embed":"","ocean_link_format":"","ocean_link_format_target":"self","ocean_quote_format":"","ocean_quote_format_link":"post","ocean_gallery_link_images":"on","ocean_gallery_id":[],"footnotes":""},"categories":[1,69,74],"tags":[],"class_list":["post-4717","post","type-post","status-publish","format-standard","has-post-thumbnail","hentry","category-analise","category-renda","category-trabalho","entry","has-media"],"_links":{"self":[{"href":"https:\/\/observatoriodesigualdades.fjp.mg.gov.br\/index.php?rest_route=\/wp\/v2\/posts\/4717","targetHints":{"allow":["GET"]}}],"collection":[{"href":"https:\/\/observatoriodesigualdades.fjp.mg.gov.br\/index.php?rest_route=\/wp\/v2\/posts"}],"about":[{"href":"https:\/\/observatoriodesigualdades.fjp.mg.gov.br\/index.php?rest_route=\/wp\/v2\/types\/post"}],"author":[{"embeddable":true,"href":"https:\/\/observatoriodesigualdades.fjp.mg.gov.br\/index.php?rest_route=\/wp\/v2\/users\/2"}],"replies":[{"embeddable":true,"href":"https:\/\/observatoriodesigualdades.fjp.mg.gov.br\/index.php?rest_route=%2Fwp%2Fv2%2Fcomments&post=4717"}],"version-history":[{"count":4,"href":"https:\/\/observatoriodesigualdades.fjp.mg.gov.br\/index.php?rest_route=\/wp\/v2\/posts\/4717\/revisions"}],"predecessor-version":[{"id":4727,"href":"https:\/\/observatoriodesigualdades.fjp.mg.gov.br\/index.php?rest_route=\/wp\/v2\/posts\/4717\/revisions\/4727"}],"wp:featuredmedia":[{"embeddable":true,"href":"https:\/\/observatoriodesigualdades.fjp.mg.gov.br\/index.php?rest_route=\/wp\/v2\/media\/4720"}],"wp:attachment":[{"href":"https:\/\/observatoriodesigualdades.fjp.mg.gov.br\/index.php?rest_route=%2Fwp%2Fv2%2Fmedia&parent=4717"}],"wp:term":[{"taxonomy":"category","embeddable":true,"href":"https:\/\/observatoriodesigualdades.fjp.mg.gov.br\/index.php?rest_route=%2Fwp%2Fv2%2Fcategories&post=4717"},{"taxonomy":"post_tag","embeddable":true,"href":"https:\/\/observatoriodesigualdades.fjp.mg.gov.br\/index.php?rest_route=%2Fwp%2Fv2%2Ftags&post=4717"}],"curies":[{"name":"wp","href":"https:\/\/api.w.org\/{rel}","templated":true}]}}