{"id":4861,"date":"2026-04-10T19:23:15","date_gmt":"2026-04-10T19:23:15","guid":{"rendered":"https:\/\/observatoriodesigualdades.fjp.mg.gov.br\/?p=4861"},"modified":"2026-04-10T22:51:42","modified_gmt":"2026-04-10T22:51:42","slug":"o-dia-mundial-da-saude-e-a-democratizacao-da-vacinacao-no-brasil","status":"publish","type":"post","link":"https:\/\/observatoriodesigualdades.fjp.mg.gov.br\/?p=4861","title":{"rendered":"O Dia Mundial da Sa\u00fade e A Democratiza\u00e7\u00e3o da Vacina\u00e7\u00e3o no Brasil"},"content":{"rendered":"<p style=\"text-align: center;\">O Dia Mundial da Sa\u00fade e A Democratiza\u00e7\u00e3o da Vacina\u00e7\u00e3o no Brasil<\/p>\n<p style=\"text-align: center;\">Na semana em que se comemora o Dia Mundial da Sa\u00fade, o Observat\u00f3rio das Desigualdades da Funda\u00e7\u00e3o Jo\u00e3o Pinheiro vem trazer um pouco mais sobre esse dia de conscientiza\u00e7\u00e3o dos governos sobre a import\u00e2ncia do cuidado com a sa\u00fade da sociedade e principalmente ressaltar a import\u00e2ncia das vacinas para o bem estar do coletivo, e de como a democratiza\u00e7\u00e3o do acesso \u00e0 \u00e9 um grande passo da democracia pela igualdade. Mas n\u00e3o devemos nos manter apenas no discurso de que vacinas s\u00e3o necess\u00e1rias, n\u00e3o! \u00c9 preciso coloc\u00e1-las como parte do direito \u00e0 vida e \u00e0 sa\u00fade, um direito do ser humano, de ser humano.<\/p>\n<p><img fetchpriority=\"high\" decoding=\"async\" class=\"size-large wp-image-4854 aligncenter\" src=\"https:\/\/observatoriodesigualdades.fjp.mg.gov.br\/wp-content\/uploads\/2026\/04\/1-1-724x1024.png\" alt=\"\" width=\"724\" height=\"1024\" srcset=\"https:\/\/observatoriodesigualdades.fjp.mg.gov.br\/wp-content\/uploads\/2026\/04\/1-1-724x1024.png 724w, https:\/\/observatoriodesigualdades.fjp.mg.gov.br\/wp-content\/uploads\/2026\/04\/1-1-212x300.png 212w, https:\/\/observatoriodesigualdades.fjp.mg.gov.br\/wp-content\/uploads\/2026\/04\/1-1-768x1086.png 768w, https:\/\/observatoriodesigualdades.fjp.mg.gov.br\/wp-content\/uploads\/2026\/04\/1-1-1086x1536.png 1086w, https:\/\/observatoriodesigualdades.fjp.mg.gov.br\/wp-content\/uploads\/2026\/04\/1-1-1448x2048.png 1448w, https:\/\/observatoriodesigualdades.fjp.mg.gov.br\/wp-content\/uploads\/2026\/04\/1-1.png 1587w\" sizes=\"(max-width: 724px) 100vw, 724px\" \/><img decoding=\"async\" class=\"size-large wp-image-4855 aligncenter\" src=\"https:\/\/observatoriodesigualdades.fjp.mg.gov.br\/wp-content\/uploads\/2026\/04\/2-1-724x1024.png\" alt=\"\" width=\"724\" height=\"1024\" srcset=\"https:\/\/observatoriodesigualdades.fjp.mg.gov.br\/wp-content\/uploads\/2026\/04\/2-1-724x1024.png 724w, https:\/\/observatoriodesigualdades.fjp.mg.gov.br\/wp-content\/uploads\/2026\/04\/2-1-212x300.png 212w, https:\/\/observatoriodesigualdades.fjp.mg.gov.br\/wp-content\/uploads\/2026\/04\/2-1-768x1086.png 768w, https:\/\/observatoriodesigualdades.fjp.mg.gov.br\/wp-content\/uploads\/2026\/04\/2-1-1086x1536.png 1086w, https:\/\/observatoriodesigualdades.fjp.mg.gov.br\/wp-content\/uploads\/2026\/04\/2-1-1448x2048.png 1448w, https:\/\/observatoriodesigualdades.fjp.mg.gov.br\/wp-content\/uploads\/2026\/04\/2-1.png 1587w\" sizes=\"(max-width: 724px) 100vw, 724px\" \/><img decoding=\"async\" class=\"size-large wp-image-4856 aligncenter\" src=\"https:\/\/observatoriodesigualdades.fjp.mg.gov.br\/wp-content\/uploads\/2026\/04\/3-1-724x1024.png\" alt=\"\" width=\"724\" height=\"1024\" srcset=\"https:\/\/observatoriodesigualdades.fjp.mg.gov.br\/wp-content\/uploads\/2026\/04\/3-1-724x1024.png 724w, https:\/\/observatoriodesigualdades.fjp.mg.gov.br\/wp-content\/uploads\/2026\/04\/3-1-212x300.png 212w, https:\/\/observatoriodesigualdades.fjp.mg.gov.br\/wp-content\/uploads\/2026\/04\/3-1-768x1086.png 768w, https:\/\/observatoriodesigualdades.fjp.mg.gov.br\/wp-content\/uploads\/2026\/04\/3-1-1086x1536.png 1086w, https:\/\/observatoriodesigualdades.fjp.mg.gov.br\/wp-content\/uploads\/2026\/04\/3-1-1448x2048.png 1448w, https:\/\/observatoriodesigualdades.fjp.mg.gov.br\/wp-content\/uploads\/2026\/04\/3-1.png 1587w\" sizes=\"(max-width: 724px) 100vw, 724px\" \/><img loading=\"lazy\" decoding=\"async\" class=\"size-large wp-image-4857 aligncenter\" src=\"https:\/\/observatoriodesigualdades.fjp.mg.gov.br\/wp-content\/uploads\/2026\/04\/4-724x1024.png\" alt=\"\" width=\"724\" height=\"1024\" srcset=\"https:\/\/observatoriodesigualdades.fjp.mg.gov.br\/wp-content\/uploads\/2026\/04\/4-724x1024.png 724w, https:\/\/observatoriodesigualdades.fjp.mg.gov.br\/wp-content\/uploads\/2026\/04\/4-212x300.png 212w, https:\/\/observatoriodesigualdades.fjp.mg.gov.br\/wp-content\/uploads\/2026\/04\/4-768x1086.png 768w, https:\/\/observatoriodesigualdades.fjp.mg.gov.br\/wp-content\/uploads\/2026\/04\/4-1086x1536.png 1086w, https:\/\/observatoriodesigualdades.fjp.mg.gov.br\/wp-content\/uploads\/2026\/04\/4-1448x2048.png 1448w, https:\/\/observatoriodesigualdades.fjp.mg.gov.br\/wp-content\/uploads\/2026\/04\/4.png 1587w\" sizes=\"(max-width: 724px) 100vw, 724px\" \/><img loading=\"lazy\" decoding=\"async\" class=\"size-large wp-image-4858 aligncenter\" src=\"https:\/\/observatoriodesigualdades.fjp.mg.gov.br\/wp-content\/uploads\/2026\/04\/5-724x1024.png\" alt=\"\" width=\"724\" height=\"1024\" srcset=\"https:\/\/observatoriodesigualdades.fjp.mg.gov.br\/wp-content\/uploads\/2026\/04\/5-724x1024.png 724w, https:\/\/observatoriodesigualdades.fjp.mg.gov.br\/wp-content\/uploads\/2026\/04\/5-212x300.png 212w, https:\/\/observatoriodesigualdades.fjp.mg.gov.br\/wp-content\/uploads\/2026\/04\/5-768x1086.png 768w, https:\/\/observatoriodesigualdades.fjp.mg.gov.br\/wp-content\/uploads\/2026\/04\/5-1086x1536.png 1086w, https:\/\/observatoriodesigualdades.fjp.mg.gov.br\/wp-content\/uploads\/2026\/04\/5-1448x2048.png 1448w, https:\/\/observatoriodesigualdades.fjp.mg.gov.br\/wp-content\/uploads\/2026\/04\/5.png 1587w\" sizes=\"(max-width: 724px) 100vw, 724px\" \/><img loading=\"lazy\" decoding=\"async\" class=\"size-large wp-image-4859 aligncenter\" src=\"https:\/\/observatoriodesigualdades.fjp.mg.gov.br\/wp-content\/uploads\/2026\/04\/6-724x1024.png\" alt=\"\" width=\"724\" height=\"1024\" srcset=\"https:\/\/observatoriodesigualdades.fjp.mg.gov.br\/wp-content\/uploads\/2026\/04\/6-724x1024.png 724w, https:\/\/observatoriodesigualdades.fjp.mg.gov.br\/wp-content\/uploads\/2026\/04\/6-212x300.png 212w, https:\/\/observatoriodesigualdades.fjp.mg.gov.br\/wp-content\/uploads\/2026\/04\/6-768x1086.png 768w, https:\/\/observatoriodesigualdades.fjp.mg.gov.br\/wp-content\/uploads\/2026\/04\/6-1086x1536.png 1086w, https:\/\/observatoriodesigualdades.fjp.mg.gov.br\/wp-content\/uploads\/2026\/04\/6-1448x2048.png 1448w, https:\/\/observatoriodesigualdades.fjp.mg.gov.br\/wp-content\/uploads\/2026\/04\/6.png 1587w\" sizes=\"(max-width: 724px) 100vw, 724px\" \/><\/p>\n<p>&nbsp;<\/p>\n<p style=\"text-align: center;\">Autoria: J\u00falia Silva e Felipe Mota<\/p>\n<p style=\"text-align: center;\">Supervis\u00e3o, Orienta\u00e7\u00e3o e Revis\u00e3o: Bruno Lazzarotti<\/p>\n<p>&nbsp;<\/p>\n","protected":false},"excerpt":{"rendered":"<p>O Dia Mundial da Sa\u00fade e A Democratiza\u00e7\u00e3o da Vacina\u00e7\u00e3o no Brasil Na semana em que se comemora o Dia Mundial da Sa\u00fade, o Observat\u00f3rio das Desigualdades da Funda\u00e7\u00e3o Jo\u00e3o Pinheiro vem trazer um pouco mais sobre esse dia de conscientiza\u00e7\u00e3o dos governos sobre a import\u00e2ncia do cuidado com a sa\u00fade da sociedade e principalmente [&hellip;]<\/p>\n","protected":false},"author":2,"featured_media":4862,"comment_status":"open","ping_status":"open","sticky":false,"template":"","format":"standard","meta":{"ocean_post_layout":"","ocean_both_sidebars_style":"","ocean_both_sidebars_content_width":0,"ocean_both_sidebars_sidebars_width":0,"ocean_sidebar":"0","ocean_second_sidebar":"0","ocean_disable_margins":"enable","ocean_add_body_class":"","ocean_shortcode_before_top_bar":"","ocean_shortcode_after_top_bar":"","ocean_shortcode_before_header":"","ocean_shortcode_after_header":"","ocean_has_shortcode":"","ocean_shortcode_after_title":"","ocean_shortcode_before_footer_widgets":"","ocean_shortcode_after_footer_widgets":"","ocean_shortcode_before_footer_bottom":"","ocean_shortcode_after_footer_bottom":"","ocean_display_top_bar":"default","ocean_display_header":"default","ocean_header_style":"","ocean_center_header_left_menu":"0","ocean_custom_header_template":"0","ocean_custom_logo":0,"ocean_custom_retina_logo":0,"ocean_custom_logo_max_width":0,"ocean_custom_logo_tablet_max_width":0,"ocean_custom_logo_mobile_max_width":0,"ocean_custom_logo_max_height":0,"ocean_custom_logo_tablet_max_height":0,"ocean_custom_logo_mobile_max_height":0,"ocean_header_custom_menu":"0","ocean_menu_typo_font_family":"0","ocean_menu_typo_font_subset":"","ocean_menu_typo_font_size":0,"ocean_menu_typo_font_size_tablet":0,"ocean_menu_typo_font_size_mobile":0,"ocean_menu_typo_font_size_unit":"px","ocean_menu_typo_font_weight":"","ocean_menu_typo_font_weight_tablet":"","ocean_menu_typo_font_weight_mobile":"","ocean_menu_typo_transform":"","ocean_menu_typo_transform_tablet":"","ocean_menu_typo_transform_mobile":"","ocean_menu_typo_line_height":0,"ocean_menu_typo_line_height_tablet":0,"ocean_menu_typo_line_height_mobile":0,"ocean_menu_typo_line_height_unit":"","ocean_menu_typo_spacing":0,"ocean_menu_typo_spacing_tablet":0,"ocean_menu_typo_spacing_mobile":0,"ocean_menu_typo_spacing_unit":"","ocean_menu_link_color":"","ocean_menu_link_color_hover":"","ocean_menu_link_color_active":"","ocean_menu_link_background":"","ocean_menu_link_hover_background":"","ocean_menu_link_active_background":"","ocean_menu_social_links_bg":"","ocean_menu_social_hover_links_bg":"","ocean_menu_social_links_color":"","ocean_menu_social_hover_links_color":"","ocean_disable_title":"default","ocean_disable_heading":"default","ocean_post_title":"","ocean_post_subheading":"","ocean_post_title_style":"","ocean_post_title_background_color":"","ocean_post_title_background":0,"ocean_post_title_bg_image_position":"","ocean_post_title_bg_image_attachment":"","ocean_post_title_bg_image_repeat":"","ocean_post_title_bg_image_size":"","ocean_post_title_height":0,"ocean_post_title_bg_overlay":0.5,"ocean_post_title_bg_overlay_color":"","ocean_disable_breadcrumbs":"default","ocean_breadcrumbs_color":"","ocean_breadcrumbs_separator_color":"","ocean_breadcrumbs_links_color":"","ocean_breadcrumbs_links_hover_color":"","ocean_display_footer_widgets":"default","ocean_display_footer_bottom":"default","ocean_custom_footer_template":"0","ocean_post_oembed":"","ocean_post_self_hosted_media":"","ocean_post_video_embed":"","ocean_link_format":"","ocean_link_format_target":"self","ocean_quote_format":"","ocean_quote_format_link":"post","ocean_gallery_link_images":"on","ocean_gallery_id":[],"footnotes":""},"categories":[1],"tags":[],"class_list":["post-4861","post","type-post","status-publish","format-standard","has-post-thumbnail","hentry","category-analise","entry","has-media"],"_links":{"self":[{"href":"https:\/\/observatoriodesigualdades.fjp.mg.gov.br\/index.php?rest_route=\/wp\/v2\/posts\/4861","targetHints":{"allow":["GET"]}}],"collection":[{"href":"https:\/\/observatoriodesigualdades.fjp.mg.gov.br\/index.php?rest_route=\/wp\/v2\/posts"}],"about":[{"href":"https:\/\/observatoriodesigualdades.fjp.mg.gov.br\/index.php?rest_route=\/wp\/v2\/types\/post"}],"author":[{"embeddable":true,"href":"https:\/\/observatoriodesigualdades.fjp.mg.gov.br\/index.php?rest_route=\/wp\/v2\/users\/2"}],"replies":[{"embeddable":true,"href":"https:\/\/observatoriodesigualdades.fjp.mg.gov.br\/index.php?rest_route=%2Fwp%2Fv2%2Fcomments&post=4861"}],"version-history":[{"count":2,"href":"https:\/\/observatoriodesigualdades.fjp.mg.gov.br\/index.php?rest_route=\/wp\/v2\/posts\/4861\/revisions"}],"predecessor-version":[{"id":4864,"href":"https:\/\/observatoriodesigualdades.fjp.mg.gov.br\/index.php?rest_route=\/wp\/v2\/posts\/4861\/revisions\/4864"}],"wp:featuredmedia":[{"embeddable":true,"href":"https:\/\/observatoriodesigualdades.fjp.mg.gov.br\/index.php?rest_route=\/wp\/v2\/media\/4862"}],"wp:attachment":[{"href":"https:\/\/observatoriodesigualdades.fjp.mg.gov.br\/index.php?rest_route=%2Fwp%2Fv2%2Fmedia&parent=4861"}],"wp:term":[{"taxonomy":"category","embeddable":true,"href":"https:\/\/observatoriodesigualdades.fjp.mg.gov.br\/index.php?rest_route=%2Fwp%2Fv2%2Fcategories&post=4861"},{"taxonomy":"post_tag","embeddable":true,"href":"https:\/\/observatoriodesigualdades.fjp.mg.gov.br\/index.php?rest_route=%2Fwp%2Fv2%2Ftags&post=4861"}],"curies":[{"name":"wp","href":"https:\/\/api.w.org\/{rel}","templated":true}]}}