{"id":4873,"date":"2026-04-22T16:55:56","date_gmt":"2026-04-22T16:55:56","guid":{"rendered":"https:\/\/observatoriodesigualdades.fjp.mg.gov.br\/?p=4873"},"modified":"2026-04-22T16:56:13","modified_gmt":"2026-04-22T16:56:13","slug":"trajetoria-luta-indigena-e-as-desigualdades-no-brasil","status":"publish","type":"post","link":"https:\/\/observatoriodesigualdades.fjp.mg.gov.br\/?p=4873","title":{"rendered":"Trajet\u00f3ria, Luta Ind\u00edgena e as Desigualdades no Brasil"},"content":{"rendered":"\t\t<div data-elementor-type=\"wp-post\" data-elementor-id=\"4873\" class=\"elementor elementor-4873\">\n\t\t\t\t\t\t<section class=\"elementor-section elementor-top-section elementor-element elementor-element-192bccd elementor-section-boxed elementor-section-height-default elementor-section-height-default\" data-id=\"192bccd\" data-element_type=\"section\" data-e-type=\"section\">\n\t\t\t\t\t\t<div class=\"elementor-container elementor-column-gap-default\">\n\t\t\t\t\t<div class=\"elementor-column elementor-col-100 elementor-top-column elementor-element elementor-element-99bff07\" data-id=\"99bff07\" data-element_type=\"column\" data-e-type=\"column\">\n\t\t\t<div class=\"elementor-widget-wrap elementor-element-populated\">\n\t\t\t\t\t\t<div class=\"elementor-element elementor-element-524defa elementor-widget elementor-widget-heading\" data-id=\"524defa\" data-element_type=\"widget\" data-e-type=\"widget\" data-widget_type=\"heading.default\">\n\t\t\t\t<div class=\"elementor-widget-container\">\n\t\t\t\t\t<h2 class=\"elementor-heading-title elementor-size-default\"><p dir=\"ltr\" style=\"line-height:1.7999999999999998;text-align: justify;margin-top:0pt;margin-bottom:0pt\">Trajet\u00f3ria, luta ind\u00edgena e as desigualdades no Brasil<\/p><\/h2>\t\t\t\t<\/div>\n\t\t\t\t<\/div>\n\t\t\t\t\t<\/div>\n\t\t<\/div>\n\t\t\t\t\t<\/div>\n\t\t<\/section>\n\t\t\t\t<section class=\"elementor-section elementor-top-section elementor-element elementor-element-eb71012 elementor-section-boxed elementor-section-height-default elementor-section-height-default\" data-id=\"eb71012\" data-element_type=\"section\" data-e-type=\"section\">\n\t\t\t\t\t\t<div class=\"elementor-container elementor-column-gap-default\">\n\t\t\t\t\t<div class=\"elementor-column elementor-col-100 elementor-top-column elementor-element elementor-element-8ce2439\" data-id=\"8ce2439\" data-element_type=\"column\" data-e-type=\"column\">\n\t\t\t<div class=\"elementor-widget-wrap elementor-element-populated\">\n\t\t\t\t\t\t<div class=\"elementor-element elementor-element-d6d367e elementor-widget elementor-widget-text-editor\" data-id=\"d6d367e\" data-element_type=\"widget\" data-e-type=\"widget\" data-widget_type=\"text-editor.default\">\n\t\t\t\t<div class=\"elementor-widget-container\">\n\t\t\t\t\t\t\t\t\t<p>Quando os resultados do Censo Demogr\u00e1fico de 2022 foram divulgados, um dado ganhou destaque: o Brasil passou a registrar 1.694.836 pessoas ind\u00edgenas, correspondendo a 0,83% da popula\u00e7\u00e3o nacional. Em rela\u00e7\u00e3o a 2010, quando foram contabilizadas 896.917 pessoas, \u00e9 not\u00f3rio um elevado crescimento em pouco mais de uma d\u00e9cada. \u00c0 primeira vista, esse aumento pode sugerir uma transforma\u00e7\u00e3o demogr\u00e1fica abrupta. Contudo, uma an\u00e1lise mais atenta revela que ele expressa, principalmente, mudan\u00e7as nos modos de mensura\u00e7\u00e3o e nos processos de identifica\u00e7\u00e3o \u00e9tnica.<\/p><p>Historicamente, os censos brasileiros apresentaram limita\u00e7\u00f5es na capta\u00e7\u00e3o da diversidade ind\u00edgena, especialmente no que se refere \u00e0 popula\u00e7\u00e3o residente fora de terras oficialmente reconhecidas. A partir de 2010, e de forma mais consistente em 2022, o Instituto Brasileiro de Geografia e Estat\u00edstica (IBGE) passou a incorporar inova\u00e7\u00f5es metodol\u00f3gicas relevantes, como o aprimoramento das perguntas sobre pertencimento \u00e9tnico, a amplia\u00e7\u00e3o da cobertura territorial e a ado\u00e7\u00e3o de estrat\u00e9gias de aproxima\u00e7\u00e3o com as comunidades ind\u00edgenas, incluindo consultas pr\u00e9vias, treinamento espec\u00edfico de recenseadores e participa\u00e7\u00e3o de mediadores comunit\u00e1rios. Tais mudan\u00e7as permitiram maior precis\u00e3o na identifica\u00e7\u00e3o das popula\u00e7\u00f5es ind\u00edgenas, bem como no registro de suas caracter\u00edsticas sociodemogr\u00e1ficas, lingu\u00edsticas e territoriais.<\/p><p>Entretanto, o avan\u00e7o metodol\u00f3gico n\u00e3o explica, por si s\u00f3, a magnitude do crescimento observado. Esse movimento tamb\u00e9m est\u00e1 associado a um processo mais amplo de autoafirma\u00e7\u00e3o identit\u00e1ria, marcado pelo fortalecimento pol\u00edtico e cultural dos povos ind\u00edgenas. Em um contexto historicamente atravessado por viol\u00eancia, invisibiliza\u00e7\u00e3o e racismo estrutural, a autodeclara\u00e7\u00e3o como ind\u00edgena sempre foi, para muitos, um ato de resist\u00eancia. O aumento registrado no Censo de 2022 indica, portanto, n\u00e3o apenas uma melhoria estat\u00edstica, mas a consolida\u00e7\u00e3o de um processo social no qual indiv\u00edduos e comunidades reivindicam reconhecimento, pertencimento e direitos.<\/p><p>Esse novo retrato demogr\u00e1fico evidencia a complexidade e a diversidade dos povos ind\u00edgenas no Brasil, atualmente identificados em centenas de etnias e l\u00ednguas distintas, e deixa claro a necessidade de an\u00e1lises que ultrapassem leituras simplificadas. Ao longo deste texto, ser\u00e3o examinadas as m\u00faltiplas dimens\u00f5es dessa realidade, abordando desde a distribui\u00e7\u00e3o territorial da popula\u00e7\u00e3o ind\u00edgena at\u00e9 os desafios relacionados ao acesso a direitos b\u00e1sicos, como saneamento, educa\u00e7\u00e3o e cidadania, bem como a preserva\u00e7\u00e3o da diversidade lingu\u00edstica e o papel das pol\u00edticas p\u00fablicas. Compreender esse cen\u00e1rio \u00e9 fundamental para evidenciar que a quest\u00e3o ind\u00edgena, no Brasil contempor\u00e2neo, est\u00e1 intrinsecamente ligada \u00e0s persistentes desigualdades sociais e estruturais do pa\u00eds.<\/p>\t\t\t\t\t\t\t\t<\/div>\n\t\t\t\t<\/div>\n\t\t\t\t\t<\/div>\n\t\t<\/div>\n\t\t\t\t\t<\/div>\n\t\t<\/section>\n\t\t\t\t<section class=\"elementor-section elementor-top-section elementor-element elementor-element-8e11786 elementor-section-boxed elementor-section-height-default elementor-section-height-default\" data-id=\"8e11786\" data-element_type=\"section\" data-e-type=\"section\">\n\t\t\t\t\t\t<div class=\"elementor-container elementor-column-gap-default\">\n\t\t\t\t\t<div class=\"elementor-column elementor-col-100 elementor-top-column elementor-element elementor-element-1208656\" data-id=\"1208656\" data-element_type=\"column\" data-e-type=\"column\">\n\t\t\t<div class=\"elementor-widget-wrap elementor-element-populated\">\n\t\t\t\t\t\t<div class=\"elementor-element elementor-element-fc1b772 elementor-widget elementor-widget-image\" data-id=\"fc1b772\" data-element_type=\"widget\" data-e-type=\"widget\" data-widget_type=\"image.default\">\n\t\t\t\t<div class=\"elementor-widget-container\">\n\t\t\t\t\t\t\t\t\t\t\t\t\t\t\t<img fetchpriority=\"high\" decoding=\"async\" width=\"1024\" height=\"684\" src=\"https:\/\/observatoriodesigualdades.fjp.mg.gov.br\/wp-content\/uploads\/2026\/04\/luta-indigena.jpg\" class=\"attachment-large size-large wp-image-4867\" alt=\"\" srcset=\"https:\/\/observatoriodesigualdades.fjp.mg.gov.br\/wp-content\/uploads\/2026\/04\/luta-indigena.jpg 1024w, https:\/\/observatoriodesigualdades.fjp.mg.gov.br\/wp-content\/uploads\/2026\/04\/luta-indigena-300x200.jpg 300w, https:\/\/observatoriodesigualdades.fjp.mg.gov.br\/wp-content\/uploads\/2026\/04\/luta-indigena-768x513.jpg 768w\" sizes=\"(max-width: 1024px) 100vw, 1024px\" \/>\t\t\t\t\t\t\t\t\t\t\t\t\t\t\t<\/div>\n\t\t\t\t<\/div>\n\t\t\t\t\t<\/div>\n\t\t<\/div>\n\t\t\t\t\t<\/div>\n\t\t<\/section>\n\t\t\t\t<section class=\"elementor-section elementor-top-section elementor-element elementor-element-46b9d52 elementor-section-boxed elementor-section-height-default elementor-section-height-default\" data-id=\"46b9d52\" data-element_type=\"section\" data-e-type=\"section\">\n\t\t\t\t\t\t<div class=\"elementor-container elementor-column-gap-default\">\n\t\t\t\t\t<div class=\"elementor-column elementor-col-100 elementor-top-column elementor-element elementor-element-e2b2755\" data-id=\"e2b2755\" data-element_type=\"column\" data-e-type=\"column\">\n\t\t\t<div class=\"elementor-widget-wrap elementor-element-populated\">\n\t\t\t\t\t\t<div class=\"elementor-element elementor-element-d0f9d7d elementor-widget elementor-widget-spacer\" data-id=\"d0f9d7d\" data-element_type=\"widget\" data-e-type=\"widget\" data-widget_type=\"spacer.default\">\n\t\t\t\t<div class=\"elementor-widget-container\">\n\t\t\t\t\t\t\t<div class=\"elementor-spacer\">\n\t\t\t<div class=\"elementor-spacer-inner\"><\/div>\n\t\t<\/div>\n\t\t\t\t\t\t<\/div>\n\t\t\t\t<\/div>\n\t\t\t\t<div class=\"elementor-element elementor-element-5c4cf09 elementor-widget elementor-widget-heading\" data-id=\"5c4cf09\" data-element_type=\"widget\" data-e-type=\"widget\" data-widget_type=\"heading.default\">\n\t\t\t\t<div class=\"elementor-widget-container\">\n\t\t\t\t\t<h2 class=\"elementor-heading-title elementor-size-default\"><p dir=\"ltr\" style=\"line-height:1.7999999999999998;text-align: justify;margin-top:0pt;margin-bottom:0pt\">Onde est\u00e3o os Ind\u00edgenas Brasileiros? <\/p><\/h2>\t\t\t\t<\/div>\n\t\t\t\t<\/div>\n\t\t\t\t\t<\/div>\n\t\t<\/div>\n\t\t\t\t\t<\/div>\n\t\t<\/section>\n\t\t\t\t<section class=\"elementor-section elementor-top-section elementor-element elementor-element-cb90664 elementor-section-boxed elementor-section-height-default elementor-section-height-default\" data-id=\"cb90664\" data-element_type=\"section\" data-e-type=\"section\">\n\t\t\t\t\t\t<div class=\"elementor-container elementor-column-gap-default\">\n\t\t\t\t\t<div class=\"elementor-column elementor-col-100 elementor-top-column elementor-element elementor-element-0cfbe48\" data-id=\"0cfbe48\" data-element_type=\"column\" data-e-type=\"column\">\n\t\t\t<div class=\"elementor-widget-wrap elementor-element-populated\">\n\t\t\t\t\t\t<div class=\"elementor-element elementor-element-5e2850c elementor-widget elementor-widget-text-editor\" data-id=\"5e2850c\" data-element_type=\"widget\" data-e-type=\"widget\" data-widget_type=\"text-editor.default\">\n\t\t\t\t<div class=\"elementor-widget-container\">\n\t\t\t\t\t\t\t\t\t<p>Manter a cultura viva fora dos territ\u00f3rios tradicionais imp\u00f5e desafios profundos, especialmente no que tange a transmiss\u00e3o de saberes e da l\u00edngua. as fontes indicam uma disparidade cr\u00edtica: enquanto dentro dos territ\u00f3rios ind\u00edgenas o peso de falantes da l\u00edngua ind\u00edgena cresceu para 63,22%, fora destes territ\u00f3rios esse n\u00famero cai drasticamente para apenas 9,78%. essa diferen\u00e7a sublinha como o territ\u00f3rio demarcado atua como um escudo protetor para o patrim\u00f4nio imaterial. Sem o amparo da terra, a manuten\u00e7\u00e3o de pr\u00e1ticas tradicionais e do idioma enfrentam a press\u00e3o constante da assimila\u00e7\u00e3o urbana e a falta de espa\u00e7os coletivos para as pr\u00e1ticas culturais e as viv\u00eancias comunit\u00e1rias. A urg\u00eancia da demarca\u00e7\u00e3o justifica-se n\u00e3o apenas pela preserva\u00e7\u00e3o cultural, mas pela pr\u00f3pria dignidade e sobreviv\u00eancia f\u00edsica, a luta de retomada \u00e9,portanto, o esfor\u00e7o para reverter um processo hist\u00f3rico de invisibilidade e expuls\u00e3o, buscando garantir que os povos ind\u00edgenas possam exercer plenamente seu modo de vida. O reconhecimento de que ser ind\u00edgena independe da localiza\u00e7\u00e3o geogr\u00e1fica existe, mas a posse da terra permanece como alicerce fundamental para que essa identidade flores\u00e7a com seguran\u00e7a e autonomia.<\/p>\t\t\t\t\t\t\t\t<\/div>\n\t\t\t\t<\/div>\n\t\t\t\t\t<\/div>\n\t\t<\/div>\n\t\t\t\t\t<\/div>\n\t\t<\/section>\n\t\t\t\t<section class=\"elementor-section elementor-top-section elementor-element elementor-element-9c64746 elementor-section-boxed elementor-section-height-default elementor-section-height-default\" data-id=\"9c64746\" data-element_type=\"section\" data-e-type=\"section\">\n\t\t\t\t\t\t<div class=\"elementor-container elementor-column-gap-default\">\n\t\t\t\t\t<div class=\"elementor-column elementor-col-100 elementor-top-column elementor-element elementor-element-2f82d1f\" data-id=\"2f82d1f\" data-element_type=\"column\" data-e-type=\"column\">\n\t\t\t<div class=\"elementor-widget-wrap elementor-element-populated\">\n\t\t\t\t\t\t<div class=\"elementor-element elementor-element-d3a1616 elementor-widget elementor-widget-heading\" data-id=\"d3a1616\" data-element_type=\"widget\" data-e-type=\"widget\" data-widget_type=\"heading.default\">\n\t\t\t\t<div class=\"elementor-widget-container\">\n\t\t\t\t\t<h2 class=\"elementor-heading-title elementor-size-default\">Saneamento e Infraestrutura<\/h2>\t\t\t\t<\/div>\n\t\t\t\t<\/div>\n\t\t\t\t<div class=\"elementor-element elementor-element-0828ac1 elementor-widget elementor-widget-text-editor\" data-id=\"0828ac1\" data-element_type=\"widget\" data-e-type=\"widget\" data-widget_type=\"text-editor.default\">\n\t\t\t\t<div class=\"elementor-widget-container\">\n\t\t\t\t\t\t\t\t\t<p>O contraste nos indicadores de saneamento b\u00e1sico entre a popula\u00e7\u00e3o ind\u00edgena e a n\u00e3o ind\u00edgena, em m\u00e9dia nacional, revela uma das faces mais cru\u00e9is da desigualdade estrutural do Brasil. Enquanto apenas 3% da popula\u00e7\u00e3o geral residente no pa\u00eds convive com a conjun\u00e7\u00e3o de precariedades no abastecimento de \u00e1gua, esgotamento sanit\u00e1rio e coleta de lixo, esse \u00edndice dispara para 33,77% entre os ind\u00edgenas. Essa diferen\u00e7a de 27,77 pontos percentuais evidencia que a probabilidade de um ind\u00edgena vive em situa\u00e7\u00e3o de priva\u00e7\u00e3o m\u00faltipla \u00e9 dez vezes maior do que a de um n\u00e3o ind\u00edgena, expondo uma falha sistem\u00e1tica do estado em prover o m\u00ednimo de dignidade a esses povos. essa disparidade n\u00e3o \u00e9 um acidente geogr\u00e1fico, mas um reflexo de uma exclus\u00e3o hist\u00f3rica. O fato de mais de meio milh\u00e3o de ind\u00edgenas viverem sem acesso simult\u00e2neo a \u00e1gua tratada, esgoto adequado e destino correto do lixo, comprova que as pol\u00edticas p\u00fablicas de saneamento ignoram as especificidades e as necessidades da comunidades origin\u00e1rias. ao n\u00e3o garantir esses direitos fundamentais o estado brasileiro falha em cumprir seu papel de protetor e provedor, perpetuando um ciclo de vulnerabilidade que compromete a sa\u00fade e a sobreviv\u00eancia f\u00edsica e cultural dessas popula\u00e7\u00f5es.<br \/><br \/><\/p>\t\t\t\t\t\t\t\t<\/div>\n\t\t\t\t<\/div>\n\t\t\t\t\t<\/div>\n\t\t<\/div>\n\t\t\t\t\t<\/div>\n\t\t<\/section>\n\t\t\t\t<section class=\"elementor-section elementor-top-section elementor-element elementor-element-926d86c elementor-section-boxed elementor-section-height-default elementor-section-height-default\" data-id=\"926d86c\" data-element_type=\"section\" data-e-type=\"section\">\n\t\t\t\t\t\t<div class=\"elementor-container elementor-column-gap-default\">\n\t\t\t\t\t<div class=\"elementor-column elementor-col-100 elementor-top-column elementor-element elementor-element-8ab1947\" data-id=\"8ab1947\" data-element_type=\"column\" data-e-type=\"column\">\n\t\t\t<div class=\"elementor-widget-wrap elementor-element-populated\">\n\t\t\t\t\t\t<div class=\"elementor-element elementor-element-2257fea elementor-widget elementor-widget-heading\" data-id=\"2257fea\" data-element_type=\"widget\" data-e-type=\"widget\" data-widget_type=\"heading.default\">\n\t\t\t\t<div class=\"elementor-widget-container\">\n\t\t\t\t\t<h2 class=\"elementor-heading-title elementor-size-default\">O Desafio do Acesso a Direitos B\u00e1sicos<\/h2>\t\t\t\t<\/div>\n\t\t\t\t<\/div>\n\t\t\t\t<div class=\"elementor-element elementor-element-b7adf47 elementor-widget elementor-widget-text-editor\" data-id=\"b7adf47\" data-element_type=\"widget\" data-e-type=\"widget\" data-widget_type=\"text-editor.default\">\n\t\t\t\t<div class=\"elementor-widget-container\">\n\t\t\t\t\t\t\t\t\t<p style=\"text-align: left;\">A garantia de direitos b\u00e1sicos aos povos ind\u00edgenas no Brasil ainda enfrenta entraves estruturais significativos, especialmente no que se refere ao acesso \u00e0 educa\u00e7\u00e3o e \u00e0 documenta\u00e7\u00e3o civil. Esses fatores, que n\u00e3o se resumem a apenas indicadores sociais, constituem como elementos centrais a luta por reconhecimento, cidadania e efetiva\u00e7\u00e3o de direitos constitucionais.<\/p><p>Sob esse vi\u00e9s, direcionando a an\u00e1lise para o campo educacional, as disparidades s\u00e3o expressivas. De acordo com dados do Instituto Brasileiro de Geografia e Estat\u00edstica (IBGE), a taxa de analfabetismo entre ind\u00edgenas com 15 anos ou mais atinge 15,05%, cujo valor supera mais que o dobro da m\u00e9dia nacional, estimada em 7%. Essa desigualdade se intensifica quando se considera o recorte da popula\u00e7\u00e3o ind\u00edgena residente em Terras Ind\u00edgenas -\u00e1reas geralmente mais isoladas e com menor acesso a servi\u00e7os p\u00fablicos, onde a taxa de analfabetismo atinge a 20,80%. Nesse sentido, os n\u00fameros n\u00e3o evidenciam apenas a precariedade no acesso \u00e0 educa\u00e7\u00e3o formal, mas tamb\u00e9m a insufici\u00eancia de pol\u00edticas p\u00fablicas que considerem as especificidades socioculturais desses povos.<\/p><p>Ademais, tal realidade desigual exposta e confirmada pelos dados est\u00e1 associada a m\u00faltiplos fatores, como a aus\u00eancia de infraestrutura escolar adequada nas aldeias, a escassez de professores qualificados &#8211; especialmente ind\u00edgenas, e a inadequa\u00e7\u00e3o curricular, que frequentemente desconsidera as l\u00ednguas e os saberes dos povos tradicionais. Por consequ\u00eancia, o sistema educacional, que deveria promover inclus\u00e3o, pode refor\u00e7ar os processos de exclus\u00e3o e marginaliza\u00e7\u00e3o desses indiv\u00edduos.<\/p><p>Paralelamente, a dificuldade de acesso \u00e0 documenta\u00e7\u00e3o civil b\u00e1sica constitui outro obst\u00e1culo relevante. Em muitos casos, o Registro Administrativo de Nascimento Ind\u00edgena (RNI) \u00e9 o \u00fanico documento dispon\u00edvel para tais indiv\u00edduos marginalizados. No entanto, esse registro n\u00e3o substitui a certid\u00e3o de nascimento civil, documento essencial para o pleno exerc\u00edcio da cidadania. Desse modo, diante a import\u00e2ncia do documento, a aus\u00eancia desse registro formal limita o acesso a servi\u00e7os p\u00fablicos fundamentais, como sa\u00fade, educa\u00e7\u00e3o formal, programas sociais e participa\u00e7\u00e3o em processos pol\u00edticos e administrativos.<\/p><p>Diante desse cen\u00e1rio, \u00e9 fundamental compreender que tanto a educa\u00e7\u00e3o quanto \u00e0 documenta\u00e7\u00e3o civil n\u00e3o s\u00e3o apenas direitos em si, mas tamb\u00e9m instrumentos estrat\u00e9gicos na luta ind\u00edgena por reconhecimento e garantia de direitos. A alfabetiza\u00e7\u00e3o, por exemplo, possibilita maior acesso \u00e0 informa\u00e7\u00e3o, \u00e0 legisla\u00e7\u00e3o e aos mecanismos institucionais de reivindica\u00e7\u00e3o. Da mesma forma, a posse de documenta\u00e7\u00e3o civil regular \u00e9 uma condi\u00e7\u00e3o indispens\u00e1vel para o acesso a pol\u00edticas p\u00fablicas e para o reconhecimento jur\u00eddico da exist\u00eancia do indiv\u00edduo perante o Estado.<\/p><p>Entretanto, a persistente aus\u00eancia de pol\u00edticas p\u00fablicas eficazes e culturalmente sens\u00edveis contribui para a manuten\u00e7\u00e3o dessas desigualdades. A falta de iniciativas voltadas \u00e0 amplia\u00e7\u00e3o do acesso \u00e0 educa\u00e7\u00e3o de qualidade e \u00e0 regulariza\u00e7\u00e3o documental nas comunidades ind\u00edgenas perp\u00e9tua ciclos de exclus\u00e3o social e vulnerabilidade, contribuindo para a perman\u00eancia das taxas divulgadas pelos estudos do IBGE e dificultando a plena integra\u00e7\u00e3o desses povos ao exerc\u00edcio de seus direitos sem que isso implique a perda de suas identidades culturais.<\/p><p>Portanto, enfrentar o desafio do acesso a direitos b\u00e1sicos entre popula\u00e7\u00f5es ind\u00edgenas exige n\u00e3o apenas a amplia\u00e7\u00e3o quantitativa de pol\u00edticas p\u00fablicas, mas tamb\u00e9m sua reestrutura\u00e7\u00e3o qualitativa, de modo a respeitar as especificidades culturais e territoriais desses povos. Diante dos fatos supracitados, pode-se concluir que somente assim ser\u00e1 poss\u00edvel promover uma inclus\u00e3o efetiva, que fortale\u00e7a a autonomia ind\u00edgena e contribua para a supera\u00e7\u00e3o das desigualdades historicamente constru\u00eddas.<\/p>\t\t\t\t\t\t\t\t<\/div>\n\t\t\t\t<\/div>\n\t\t\t\t\t<\/div>\n\t\t<\/div>\n\t\t\t\t\t<\/div>\n\t\t<\/section>\n\t\t\t\t<section class=\"elementor-section elementor-top-section elementor-element elementor-element-81dea83 elementor-section-boxed elementor-section-height-default elementor-section-height-default\" data-id=\"81dea83\" data-element_type=\"section\" data-e-type=\"section\">\n\t\t\t\t\t\t<div class=\"elementor-container elementor-column-gap-default\">\n\t\t\t\t\t<div class=\"elementor-column elementor-col-100 elementor-top-column elementor-element elementor-element-f2a2b98\" data-id=\"f2a2b98\" data-element_type=\"column\" data-e-type=\"column\">\n\t\t\t<div class=\"elementor-widget-wrap elementor-element-populated\">\n\t\t\t\t\t\t<div class=\"elementor-element elementor-element-fe9b01b elementor-widget elementor-widget-heading\" data-id=\"fe9b01b\" data-element_type=\"widget\" data-e-type=\"widget\" data-widget_type=\"heading.default\">\n\t\t\t\t<div class=\"elementor-widget-container\">\n\t\t\t\t\t<h2 class=\"elementor-heading-title elementor-size-default\">A Riqueza Amea\u00e7ada: Diversidade Lingu\u00edstica como Resist\u00eancia<\/h2>\t\t\t\t<\/div>\n\t\t\t\t<\/div>\n\t\t\t\t<div class=\"elementor-element elementor-element-e7b4e40 elementor-widget elementor-widget-text-editor\" data-id=\"e7b4e40\" data-element_type=\"widget\" data-e-type=\"widget\" data-widget_type=\"text-editor.default\">\n\t\t\t\t<div class=\"elementor-widget-container\">\n\t\t\t\t\t\t\t\t\t<p>Apesar das desigualdades estruturais que marcam a realidade dos povos ind\u00edgenas no Brasil, os dados do Censo Demogr\u00e1fico de 2022 revelam um patrim\u00f4nio sociocultural de enorme magnitude. O pa\u00eds abriga atualmente 391 etnias ind\u00edgenas e cerca de 295 l\u00ednguas faladas, evidenciando uma diversidade \u00e9tnico-lingu\u00edstica que o posiciona entre os mais plurais do mundo. Esse cen\u00e1rio ganha ainda mais relev\u00e2ncia quando comparado ao contexto sul-americano: embora alguns pa\u00edses reconhe\u00e7am oficialmente l\u00ednguas ind\u00edgenas em seus ordenamentos, o Brasil, mesmo com sua expressiva diversidade, ainda mant\u00e9m o portugu\u00eas como \u00fanico idioma oficial, o que revela uma lacuna importante no reconhecimento institucional dessa pluralidade.<\/p><p>Essa diversidade, no entanto, n\u00e3o se distribui de forma homog\u00eanea no territ\u00f3rio. Os dados indicam que as Terras Ind\u00edgenas desempenham um papel decisivo na preserva\u00e7\u00e3o lingu\u00edstica e cultural. Dentro desses territ\u00f3rios, a propor\u00e7\u00e3o de ind\u00edgenas que falam sua l\u00edngua no domic\u00edlio \u00e9 significativamente maior do que fora deles, evidenciando que a l\u00edngua est\u00e1 profundamente vinculada \u00e0s condi\u00e7\u00f5es de reprodu\u00e7\u00e3o social e cultural desses povos. Fora das Terras Ind\u00edgenas, a redu\u00e7\u00e3o expressiva no uso das l\u00ednguas origin\u00e1rias indica processos de assimila\u00e7\u00e3o for\u00e7ada, perda de refer\u00eancias culturais e fragiliza\u00e7\u00e3o das formas tradicionais de transmiss\u00e3o de saberes.<\/p><p>Nesse sentido, a demarca\u00e7\u00e3o e prote\u00e7\u00e3o das Terras Ind\u00edgenas devem ser compreendidas n\u00e3o apenas como uma pol\u00edtica fundi\u00e1ria, mas como um instrumento central de preserva\u00e7\u00e3o da diversidade cultural e lingu\u00edstica. A l\u00edngua, mais do que um meio de comunica\u00e7\u00e3o, constitui um sistema de conhecimento que organiza a rela\u00e7\u00e3o dos povos ind\u00edgenas com o territ\u00f3rio, com a natureza e com suas formas de exist\u00eancia. Sua perda implica n\u00e3o apenas o desaparecimento de palavras, mas de cosmologias inteiras, modos de vida e formas de interpretar o mundo.<\/p><p>Al\u00e9m disso, a aus\u00eancia de reconhecimento mais amplo das l\u00ednguas ind\u00edgenas no aspecto institucional contribui para processos de apagamento cultural que podem ser compreendidos como formas de epistemic\u00eddio: a desvaloriza\u00e7\u00e3o e elimina\u00e7\u00e3o de sistemas de conhecimento n\u00e3o hegem\u00f4nicos. Em um contexto marcado por s\u00e9culos de viol\u00eancia, deslocamento e nega\u00e7\u00e3o de direitos, a fragiliza\u00e7\u00e3o das l\u00ednguas ind\u00edgenas tamb\u00e9m se articula a din\u00e2micas mais amplas de exclus\u00e3o, colocando em risco a continuidade de povos inteiros.<\/p><p>Por fim, \u00e9 importante destacar que a preserva\u00e7\u00e3o dessa diversidade n\u00e3o interessa apenas aos povos ind\u00edgenas, mas \u00e0 sociedade como um todo. As l\u00ednguas ind\u00edgenas carregam conhecimentos fundamentais sobre biodiversidade, manejo sustent\u00e1vel e equil\u00edbrio ambiental, especialmente em biomas estrat\u00e9gicos como a Amaz\u00f4nia. Assim, a prote\u00e7\u00e3o das l\u00ednguas e culturas ind\u00edgenas est\u00e1 diretamente relacionada \u00e0 preserva\u00e7\u00e3o de ecossistemas essenciais, refor\u00e7ando a necessidade de pol\u00edticas p\u00fablicas que reconhe\u00e7am, valorizem e garantam a continuidade dessa riqueza singular.<\/p>\t\t\t\t\t\t\t\t<\/div>\n\t\t\t\t<\/div>\n\t\t\t\t\t<\/div>\n\t\t<\/div>\n\t\t\t\t\t<\/div>\n\t\t<\/section>\n\t\t\t\t<section class=\"elementor-section elementor-top-section elementor-element elementor-element-1cc6072 elementor-section-boxed elementor-section-height-default elementor-section-height-default\" data-id=\"1cc6072\" data-element_type=\"section\" data-e-type=\"section\">\n\t\t\t\t\t\t<div class=\"elementor-container elementor-column-gap-default\">\n\t\t\t\t\t<div class=\"elementor-column elementor-col-100 elementor-top-column elementor-element elementor-element-d5a4335\" data-id=\"d5a4335\" data-element_type=\"column\" data-e-type=\"column\">\n\t\t\t<div class=\"elementor-widget-wrap elementor-element-populated\">\n\t\t\t\t\t\t<div class=\"elementor-element elementor-element-b7c02b2 elementor-widget elementor-widget-heading\" data-id=\"b7c02b2\" data-element_type=\"widget\" data-e-type=\"widget\" data-widget_type=\"heading.default\">\n\t\t\t\t<div class=\"elementor-widget-container\">\n\t\t\t\t\t<h2 class=\"elementor-heading-title elementor-size-default\">Principais Pol\u00edticas P\u00fablicas e Demandas<\/h2>\t\t\t\t<\/div>\n\t\t\t\t<\/div>\n\t\t\t\t<div class=\"elementor-element elementor-element-dc7fc03 elementor-widget elementor-widget-text-editor\" data-id=\"dc7fc03\" data-element_type=\"widget\" data-e-type=\"widget\" data-widget_type=\"text-editor.default\">\n\t\t\t\t<div class=\"elementor-widget-container\">\n\t\t\t\t\t\t\t\t\t<p>Se os dados do Censo Demogr\u00e1fico de 2022 permitem estabelecer um quadro abrangente das condi\u00e7\u00f5es de vida dos povos ind\u00edgenas, eles tamb\u00e9m evidenciam os limites hist\u00f3ricos da a\u00e7\u00e3o estatal. Informa\u00e7\u00f5es sobre alfabetiza\u00e7\u00e3o, registro civil e acesso a saneamento b\u00e1sico revelam desigualdades persistentes que n\u00e3o podem ser compreendidas apenas como d\u00e9ficits t\u00e9cnicos, mas como express\u00f5es de uma trajet\u00f3ria marcada por invisibiliza\u00e7\u00e3o e insufici\u00eancia de pol\u00edticas p\u00fablicas direcionadas. Nesse contexto, a formula\u00e7\u00e3o de respostas efetivas exige n\u00e3o apenas a amplia\u00e7\u00e3o da capacidade estatal, mas, uma incorpora\u00e7\u00e3o das demandas e perspectivas dos pr\u00f3prios povos ind\u00edgenas.<\/p><p>\u00c9 nesse cen\u00e1rio que se insere a 1\u00aa Confer\u00eancia Nacional das Mulheres Ind\u00edgenas, concebida como um espa\u00e7o institucional de participa\u00e7\u00e3o e controle social voltado \u00e0 formula\u00e7\u00e3o, monitoramento e avalia\u00e7\u00e3o de pol\u00edticas p\u00fablicas. Ao reunir representantes do poder p\u00fablico e da sociedade civil, com protagonismo das mulheres ind\u00edgenas, a Confer\u00eancia constitui um marco na constru\u00e7\u00e3o de agendas que refletem, de forma mais direta, as realidades e necessidades desses grupos. Seus eixos tem\u00e1ticos, que abrangem territ\u00f3rio, emerg\u00eancia clim\u00e1tica, sa\u00fade, educa\u00e7\u00e3o e enfrentamento \u00e0 viol\u00eancia, evidenciam a amplitude e a complexidade das demandas apresentadas.<\/p><p>Entre essas demandas, destaca-se a centralidade do territ\u00f3rio. A gest\u00e3o e a prote\u00e7\u00e3o das terras ind\u00edgenas aparecem como condi\u00e7\u00e3o estruturante para a garantia de direitos, uma vez que est\u00e3o diretamente associadas \u00e0 reprodu\u00e7\u00e3o social, cultural e ambiental desses povos. A defesa territorial, nesse sentido, n\u00e3o se restringe \u00e0 dimens\u00e3o fundi\u00e1ria, mas articula-se a quest\u00f5es como seguran\u00e7a alimentar, preserva\u00e7\u00e3o ambiental e continuidade dos saberes tradicionais. Tal perspectiva refor\u00e7a a necessidade de pol\u00edticas p\u00fablicas integradas, capazes de considerar simultaneamente essas m\u00faltiplas dimens\u00f5es.<\/p><p>Outro aspecto relevante diz respeito \u00e0 interse\u00e7\u00e3o entre g\u00eanero e direitos ind\u00edgenas. A Confer\u00eancia evidencia que as mulheres ind\u00edgenas enfrentam desafios espec\u00edficos, que demandam respostas institucionais sens\u00edveis \u00e0s suas particularidades sociais e culturais. A cria\u00e7\u00e3o de espa\u00e7os de participa\u00e7\u00e3o e a formula\u00e7\u00e3o de pol\u00edticas voltadas a esse p\u00fablico indicam um movimento de reconhecimento de suas demandas hist\u00f3ricas, ao mesmo tempo em que refor\u00e7am a import\u00e2ncia de mecanismos que garantam sua efetiva inclus\u00e3o nos processos decis\u00f3rios.<\/p><p>No campo da sa\u00fade e da educa\u00e7\u00e3o, as reivindica\u00e7\u00f5es apontam para a necessidade de pol\u00edticas que conciliam acesso a servi\u00e7os p\u00fablicos com o respeito \u00e0s pr\u00e1ticas e conhecimentos tradicionais. A valoriza\u00e7\u00e3o da transmiss\u00e3o de saberes ancestrais e a considera\u00e7\u00e3o da diversidade lingu\u00edstica e cultural s\u00e3o elementos centrais para a constru\u00e7\u00e3o de estrat\u00e9gias que n\u00e3o apenas ampliem a cobertura estatal, mas tamb\u00e9m promovam formas de atendimento mais adequadas \u00e0s realidades ind\u00edgenas. Nesse sentido, a atua\u00e7\u00e3o do Estado deve ir al\u00e9m da universaliza\u00e7\u00e3o formal de direitos, incorporando princ\u00edpios de interculturalidade e participa\u00e7\u00e3o.<\/p><p>A articula\u00e7\u00e3o entre os dados censit\u00e1rios e as proposi\u00e7\u00f5es estabelecidas na Confer\u00eancia permite identificar um conjunto de demandas urgentes que convergem para a necessidade de reorienta\u00e7\u00e3o das pol\u00edticas p\u00fablicas a partir de uma l\u00f3gica mais inclusiva, participativa e territorialmente sens\u00edvel. A consolida\u00e7\u00e3o de instrumentos institucionais capazes de traduzir essas demandas em a\u00e7\u00f5es concretas, como planos nacionais espec\u00edficos e mecanismos de coordena\u00e7\u00e3o intersetorial, emerge como um dos principais desafios contempor\u00e2neos.<\/p><p>Essa an\u00e1lise, evidencia que a quest\u00e3o ind\u00edgena no Brasil n\u00e3o pode ser dissociada do debate mais amplo sobre desigualdade social. O reconhecimento da diversidade dos povos ind\u00edgenas, aliado \u00e0 escuta ativa de suas demandas, constitui condi\u00e7\u00e3o fundamental para a constru\u00e7\u00e3o de pol\u00edticas p\u00fablicas mais eficazes e leg\u00edtimas. Assim, mais do que um conjunto de reivindica\u00e7\u00f5es setoriais, as propostas apresentadas pelas mulheres ind\u00edgenas apontam para caminhos poss\u00edveis de transforma\u00e7\u00e3o estrutural, nos quais a garantia de direitos, a valoriza\u00e7\u00e3o da diversidade e o fortalecimento da participa\u00e7\u00e3o social se configuram como elementos centrais para a promo\u00e7\u00e3o de justi\u00e7a e equidade no pa\u00eds.<\/p>\t\t\t\t\t\t\t\t<\/div>\n\t\t\t\t<\/div>\n\t\t\t\t\t<\/div>\n\t\t<\/div>\n\t\t\t\t\t<\/div>\n\t\t<\/section>\n\t\t\t\t<section class=\"elementor-section elementor-top-section elementor-element elementor-element-241fba8 elementor-section-boxed elementor-section-height-default elementor-section-height-default\" data-id=\"241fba8\" data-element_type=\"section\" data-e-type=\"section\">\n\t\t\t\t\t\t<div class=\"elementor-container elementor-column-gap-default\">\n\t\t\t\t\t<div class=\"elementor-column elementor-col-100 elementor-top-column elementor-element elementor-element-3cba607\" data-id=\"3cba607\" data-element_type=\"column\" data-e-type=\"column\">\n\t\t\t<div class=\"elementor-widget-wrap elementor-element-populated\">\n\t\t\t\t\t\t<div class=\"elementor-element elementor-element-d64b613 elementor-widget elementor-widget-heading\" data-id=\"d64b613\" data-element_type=\"widget\" data-e-type=\"widget\" data-widget_type=\"heading.default\">\n\t\t\t\t<div class=\"elementor-widget-container\">\n\t\t\t\t\t<h2 class=\"elementor-heading-title elementor-size-default\">Refer\u00eancias bibliogr\u00e1ficas:<\/h2>\t\t\t\t<\/div>\n\t\t\t\t<\/div>\n\t\t\t\t<div class=\"elementor-element elementor-element-4bebd8f elementor-widget elementor-widget-text-editor\" data-id=\"4bebd8f\" data-element_type=\"widget\" data-e-type=\"widget\" data-widget_type=\"text-editor.default\">\n\t\t\t\t<div class=\"elementor-widget-container\">\n\t\t\t\t\t\t\t\t\t<p>BRASIL. Minist\u00e9rio dos Povos Ind\u00edgenas. Caderno orientador da 1\u00aa Confer\u00eancia Nacional das Mulheres Ind\u00edgenas. Bras\u00edlia: Minist\u00e9rio dos Povos Ind\u00edgenas.\u00a0<\/p><p>Folder IBGE \u2013 popula\u00e7\u00e3o ind\u00edgena. INSTITUTO BRASILEIRO DE GEOGRAFIA E ESTAT\u00cdSTICA (IBGE). O Brasil ind\u00edgena. Rio de Janeiro: IBGE, 2010.\u00a0<\/p><p>Verso do mapa ind\u00edgena. INSTITUTO BRASILEIRO DE GEOGRAFIA E ESTAT\u00cdSTICA (IBGE). Distribui\u00e7\u00e3o espacial da popula\u00e7\u00e3o ind\u00edgena. Rio de Janeiro: IBGE, 2010.\u00a0<\/p><p>\u00a0<\/p><p>\u00a0<\/p><p><strong>Autoria:<\/strong> Ana Luiza Matias, Jo\u00e3o Paulo Diniz, Pedro Henrique Cavalcante e Marina Diniz\u00a0<\/p><p><strong>Supervis\u00e3o, Orienta\u00e7\u00e3o e Corre\u00e7\u00e3o:<\/strong> Bruno Lazzarotti<\/p>\t\t\t\t\t\t\t\t<\/div>\n\t\t\t\t<\/div>\n\t\t\t\t\t<\/div>\n\t\t<\/div>\n\t\t\t\t\t<\/div>\n\t\t<\/section>\n\t\t\t\t<section class=\"elementor-section elementor-top-section elementor-element elementor-element-1d41631 elementor-section-boxed elementor-section-height-default elementor-section-height-default\" data-id=\"1d41631\" data-element_type=\"section\" data-e-type=\"section\">\n\t\t\t\t\t\t<div class=\"elementor-container elementor-column-gap-default\">\n\t\t\t\t\t<div class=\"elementor-column elementor-col-100 elementor-top-column elementor-element elementor-element-8dcb7f1\" data-id=\"8dcb7f1\" data-element_type=\"column\" data-e-type=\"column\">\n\t\t\t<div class=\"elementor-widget-wrap\">\n\t\t\t\t\t\t\t<\/div>\n\t\t<\/div>\n\t\t\t\t\t<\/div>\n\t\t<\/section>\n\t\t\t\t<section class=\"elementor-section elementor-top-section elementor-element elementor-element-f7de5b2 elementor-section-boxed elementor-section-height-default elementor-section-height-default\" data-id=\"f7de5b2\" data-element_type=\"section\" data-e-type=\"section\">\n\t\t\t\t\t\t<div class=\"elementor-container elementor-column-gap-default\">\n\t\t\t\t\t<div class=\"elementor-column elementor-col-100 elementor-top-column elementor-element elementor-element-cb1c279\" data-id=\"cb1c279\" data-element_type=\"column\" data-e-type=\"column\">\n\t\t\t<div class=\"elementor-widget-wrap\">\n\t\t\t\t\t\t\t<\/div>\n\t\t<\/div>\n\t\t\t\t\t<\/div>\n\t\t<\/section>\n\t\t\t\t<\/div>\n\t\t","protected":false},"excerpt":{"rendered":"<p>Quando os resultados do Censo Demogr\u00e1fico de 2022 foram divulgados, um dado ganhou destaque: o Brasil passou a registrar 1.694.836 pessoas ind\u00edgenas, correspondendo a 0,83% da popula\u00e7\u00e3o nacional. Em rela\u00e7\u00e3o a 2010, quando foram contabilizadas 896.917 pessoas, \u00e9 not\u00f3rio um elevado crescimento em pouco mais de uma d\u00e9cada. \u00c0 primeira vista, esse aumento pode sugerir uma transforma\u00e7\u00e3o demogr\u00e1fica abrupta. Contudo, uma an\u00e1lise mais atenta revela que ele expressa, principalmente, mudan\u00e7as nos modos de mensura\u00e7\u00e3o e nos processos de identifica\u00e7\u00e3o \u00e9tnica.<\/p>\n","protected":false},"author":2,"featured_media":4867,"comment_status":"open","ping_status":"open","sticky":false,"template":"","format":"standard","meta":{"ocean_post_layout":"","ocean_both_sidebars_style":"","ocean_both_sidebars_content_width":0,"ocean_both_sidebars_sidebars_width":0,"ocean_sidebar":"","ocean_second_sidebar":"","ocean_disable_margins":"enable","ocean_add_body_class":"","ocean_shortcode_before_top_bar":"","ocean_shortcode_after_top_bar":"","ocean_shortcode_before_header":"","ocean_shortcode_after_header":"","ocean_has_shortcode":"","ocean_shortcode_after_title":"","ocean_shortcode_before_footer_widgets":"","ocean_shortcode_after_footer_widgets":"","ocean_shortcode_before_footer_bottom":"","ocean_shortcode_after_footer_bottom":"","ocean_display_top_bar":"default","ocean_display_header":"default","ocean_header_style":"","ocean_center_header_left_menu":"","ocean_custom_header_template":"","ocean_custom_logo":0,"ocean_custom_retina_logo":0,"ocean_custom_logo_max_width":0,"ocean_custom_logo_tablet_max_width":0,"ocean_custom_logo_mobile_max_width":0,"ocean_custom_logo_max_height":0,"ocean_custom_logo_tablet_max_height":0,"ocean_custom_logo_mobile_max_height":0,"ocean_header_custom_menu":"","ocean_menu_typo_font_family":"","ocean_menu_typo_font_subset":"","ocean_menu_typo_font_size":0,"ocean_menu_typo_font_size_tablet":0,"ocean_menu_typo_font_size_mobile":0,"ocean_menu_typo_font_size_unit":"px","ocean_menu_typo_font_weight":"","ocean_menu_typo_font_weight_tablet":"","ocean_menu_typo_font_weight_mobile":"","ocean_menu_typo_transform":"","ocean_menu_typo_transform_tablet":"","ocean_menu_typo_transform_mobile":"","ocean_menu_typo_line_height":0,"ocean_menu_typo_line_height_tablet":0,"ocean_menu_typo_line_height_mobile":0,"ocean_menu_typo_line_height_unit":"","ocean_menu_typo_spacing":0,"ocean_menu_typo_spacing_tablet":0,"ocean_menu_typo_spacing_mobile":0,"ocean_menu_typo_spacing_unit":"","ocean_menu_link_color":"","ocean_menu_link_color_hover":"","ocean_menu_link_color_active":"","ocean_menu_link_background":"","ocean_menu_link_hover_background":"","ocean_menu_link_active_background":"","ocean_menu_social_links_bg":"","ocean_menu_social_hover_links_bg":"","ocean_menu_social_links_color":"","ocean_menu_social_hover_links_color":"","ocean_disable_title":"default","ocean_disable_heading":"default","ocean_post_title":"","ocean_post_subheading":"","ocean_post_title_style":"","ocean_post_title_background_color":"","ocean_post_title_background":0,"ocean_post_title_bg_image_position":"","ocean_post_title_bg_image_attachment":"","ocean_post_title_bg_image_repeat":"","ocean_post_title_bg_image_size":"","ocean_post_title_height":0,"ocean_post_title_bg_overlay":0.5,"ocean_post_title_bg_overlay_color":"","ocean_disable_breadcrumbs":"default","ocean_breadcrumbs_color":"","ocean_breadcrumbs_separator_color":"","ocean_breadcrumbs_links_color":"","ocean_breadcrumbs_links_hover_color":"","ocean_display_footer_widgets":"default","ocean_display_footer_bottom":"default","ocean_custom_footer_template":"","ocean_post_oembed":"","ocean_post_self_hosted_media":"","ocean_post_video_embed":"","ocean_link_format":"","ocean_link_format_target":"self","ocean_quote_format":"","ocean_quote_format_link":"post","ocean_gallery_link_images":"on","ocean_gallery_id":[],"footnotes":""},"categories":[1],"tags":[],"class_list":["post-4873","post","type-post","status-publish","format-standard","has-post-thumbnail","hentry","category-analise","entry","has-media"],"_links":{"self":[{"href":"https:\/\/observatoriodesigualdades.fjp.mg.gov.br\/index.php?rest_route=\/wp\/v2\/posts\/4873","targetHints":{"allow":["GET"]}}],"collection":[{"href":"https:\/\/observatoriodesigualdades.fjp.mg.gov.br\/index.php?rest_route=\/wp\/v2\/posts"}],"about":[{"href":"https:\/\/observatoriodesigualdades.fjp.mg.gov.br\/index.php?rest_route=\/wp\/v2\/types\/post"}],"author":[{"embeddable":true,"href":"https:\/\/observatoriodesigualdades.fjp.mg.gov.br\/index.php?rest_route=\/wp\/v2\/users\/2"}],"replies":[{"embeddable":true,"href":"https:\/\/observatoriodesigualdades.fjp.mg.gov.br\/index.php?rest_route=%2Fwp%2Fv2%2Fcomments&post=4873"}],"version-history":[{"count":3,"href":"https:\/\/observatoriodesigualdades.fjp.mg.gov.br\/index.php?rest_route=\/wp\/v2\/posts\/4873\/revisions"}],"predecessor-version":[{"id":4878,"href":"https:\/\/observatoriodesigualdades.fjp.mg.gov.br\/index.php?rest_route=\/wp\/v2\/posts\/4873\/revisions\/4878"}],"wp:featuredmedia":[{"embeddable":true,"href":"https:\/\/observatoriodesigualdades.fjp.mg.gov.br\/index.php?rest_route=\/wp\/v2\/media\/4867"}],"wp:attachment":[{"href":"https:\/\/observatoriodesigualdades.fjp.mg.gov.br\/index.php?rest_route=%2Fwp%2Fv2%2Fmedia&parent=4873"}],"wp:term":[{"taxonomy":"category","embeddable":true,"href":"https:\/\/observatoriodesigualdades.fjp.mg.gov.br\/index.php?rest_route=%2Fwp%2Fv2%2Fcategories&post=4873"},{"taxonomy":"post_tag","embeddable":true,"href":"https:\/\/observatoriodesigualdades.fjp.mg.gov.br\/index.php?rest_route=%2Fwp%2Fv2%2Ftags&post=4873"}],"curies":[{"name":"wp","href":"https:\/\/api.w.org\/{rel}","templated":true}]}}