{"id":910,"date":"2020-03-15T20:51:23","date_gmt":"2020-03-15T20:51:23","guid":{"rendered":"https:\/\/observatoriodesigualdades.fjp.mg.gov.br\/?p=910"},"modified":"2020-03-15T20:51:23","modified_gmt":"2020-03-15T20:51:23","slug":"marco-mulher-desigualdade-no-nivel-de-escolaridade-entre-mulheres-brancas-e-negras","status":"publish","type":"post","link":"https:\/\/observatoriodesigualdades.fjp.mg.gov.br\/?p=910","title":{"rendered":"Mar\u00e7o Mulher: desigualdade no n\u00edvel de escolaridade entre mulheres brancas e negras"},"content":{"rendered":"<p><img fetchpriority=\"high\" decoding=\"async\" class=\"wp-image-911  aligncenter\" src=\"https:\/\/observatoriodesigualdades.fjp.mg.gov.br\/wp-content\/uploads\/2020\/03\/nivel-de-instru\u00e7\u00e3o.jpg\" alt=\"\" width=\"514\" height=\"514\" srcset=\"https:\/\/observatoriodesigualdades.fjp.mg.gov.br\/wp-content\/uploads\/2020\/03\/nivel-de-instru\u00e7\u00e3o.jpg 960w, https:\/\/observatoriodesigualdades.fjp.mg.gov.br\/wp-content\/uploads\/2020\/03\/nivel-de-instru\u00e7\u00e3o-300x300.jpg 300w, https:\/\/observatoriodesigualdades.fjp.mg.gov.br\/wp-content\/uploads\/2020\/03\/nivel-de-instru\u00e7\u00e3o-150x150.jpg 150w, https:\/\/observatoriodesigualdades.fjp.mg.gov.br\/wp-content\/uploads\/2020\/03\/nivel-de-instru\u00e7\u00e3o-768x768.jpg 768w\" sizes=\"(max-width: 514px) 100vw, 514px\" \/> <img decoding=\"async\" class=\"wp-image-912  aligncenter\" src=\"https:\/\/observatoriodesigualdades.fjp.mg.gov.br\/wp-content\/uploads\/2020\/03\/niveis-de-instru\u00e7\u00e3o-45-anos.jpg\" alt=\"\" width=\"514\" height=\"514\" srcset=\"https:\/\/observatoriodesigualdades.fjp.mg.gov.br\/wp-content\/uploads\/2020\/03\/niveis-de-instru\u00e7\u00e3o-45-anos.jpg 960w, https:\/\/observatoriodesigualdades.fjp.mg.gov.br\/wp-content\/uploads\/2020\/03\/niveis-de-instru\u00e7\u00e3o-45-anos-300x300.jpg 300w, https:\/\/observatoriodesigualdades.fjp.mg.gov.br\/wp-content\/uploads\/2020\/03\/niveis-de-instru\u00e7\u00e3o-45-anos-150x150.jpg 150w, https:\/\/observatoriodesigualdades.fjp.mg.gov.br\/wp-content\/uploads\/2020\/03\/niveis-de-instru\u00e7\u00e3o-45-anos-768x768.jpg 768w\" sizes=\"(max-width: 514px) 100vw, 514px\" \/><\/p>\n<p>&nbsp;<\/p>\n<p>Para apontar as desigualdades entre os sexos, \u00e9 fundamental reconhecer que tamb\u00e9m h\u00e1 desigualdade entre as mulheres!<\/p>\n<p>Os gr\u00e1ficos mostram que a escolaridade das mulheres brancas \u00e9, em m\u00e9dia, muito maior do que a das mulheres negras, principalmente se consideramos a popula\u00e7\u00e3o com mais de 45 anos. Isso pode indicar que estamos melhorando, j\u00e1 que as mulheres negras mais novas t\u00eam mais escolaridade. Mesmo assim, \u00e9 important\u00edssimo pesquisar a desigualdade no acesso \u00e0 educa\u00e7\u00e3o, q<span class=\"text_exposed_show\">ue deveria ser um direito de todos, e refletir sobre as implica\u00e7\u00f5es dessa assimetria \u2013 como os limites que ela imp\u00f5e \u00e0s possibilidades de trabalho, por exemplo.<\/span><\/p>\n<div class=\"text_exposed_show\">\n<p>\u00c9 importante tamb\u00e9m reconhecer que h\u00e1 grupos particularmente desprivilegiados. Nesse exemplo, a desigualdade se manifesta entre mulheres brancas e mulheres negras, comprovando que os problemas relacionados a g\u00eanero n\u00e3o recaem igualmente entre os dois grupos.<\/p>\n<p>Fonte: IBGE. Pesquisa Nacional por Amostra de Domic\u00edlios Cont\u00ednua, 2015, segundo trimestre.<\/p>\n<p><em>Autora: Mariana Parreiras, graduanda em Administra\u00e7\u00e3o P\u00fablica na Funda\u00e7\u00e3o Jo\u00e3o Pinheiro, sob a supervis\u00e3o de Bruno Lazzarotti, pesquisador na Funda\u00e7\u00e3o Jo\u00e3o Pinheiro.<\/em><\/p>\n<\/div>\n","protected":false},"excerpt":{"rendered":"<p>&nbsp; Para apontar as desigualdades entre os sexos, \u00e9 fundamental reconhecer que tamb\u00e9m h\u00e1 desigualdade entre as mulheres! Os gr\u00e1ficos mostram que a escolaridade das mulheres brancas \u00e9, em m\u00e9dia, muito maior do que a das mulheres negras, principalmente se consideramos a popula\u00e7\u00e3o com mais de 45 anos. Isso pode indicar que estamos melhorando, j\u00e1 [&hellip;]<\/p>\n","protected":false},"author":2,"featured_media":912,"comment_status":"open","ping_status":"open","sticky":false,"template":"","format":"standard","meta":{"ocean_post_layout":"","ocean_both_sidebars_style":"","ocean_both_sidebars_content_width":0,"ocean_both_sidebars_sidebars_width":0,"ocean_sidebar":"0","ocean_second_sidebar":"0","ocean_disable_margins":"enable","ocean_add_body_class":"","ocean_shortcode_before_top_bar":"","ocean_shortcode_after_top_bar":"","ocean_shortcode_before_header":"","ocean_shortcode_after_header":"","ocean_has_shortcode":"","ocean_shortcode_after_title":"","ocean_shortcode_before_footer_widgets":"","ocean_shortcode_after_footer_widgets":"","ocean_shortcode_before_footer_bottom":"","ocean_shortcode_after_footer_bottom":"","ocean_display_top_bar":"default","ocean_display_header":"default","ocean_header_style":"","ocean_center_header_left_menu":"0","ocean_custom_header_template":"0","ocean_custom_logo":0,"ocean_custom_retina_logo":0,"ocean_custom_logo_max_width":0,"ocean_custom_logo_tablet_max_width":0,"ocean_custom_logo_mobile_max_width":0,"ocean_custom_logo_max_height":0,"ocean_custom_logo_tablet_max_height":0,"ocean_custom_logo_mobile_max_height":0,"ocean_header_custom_menu":"0","ocean_menu_typo_font_family":"0","ocean_menu_typo_font_subset":"","ocean_menu_typo_font_size":0,"ocean_menu_typo_font_size_tablet":0,"ocean_menu_typo_font_size_mobile":0,"ocean_menu_typo_font_size_unit":"px","ocean_menu_typo_font_weight":"","ocean_menu_typo_font_weight_tablet":"","ocean_menu_typo_font_weight_mobile":"","ocean_menu_typo_transform":"","ocean_menu_typo_transform_tablet":"","ocean_menu_typo_transform_mobile":"","ocean_menu_typo_line_height":0,"ocean_menu_typo_line_height_tablet":0,"ocean_menu_typo_line_height_mobile":0,"ocean_menu_typo_line_height_unit":"","ocean_menu_typo_spacing":0,"ocean_menu_typo_spacing_tablet":0,"ocean_menu_typo_spacing_mobile":0,"ocean_menu_typo_spacing_unit":"","ocean_menu_link_color":"","ocean_menu_link_color_hover":"","ocean_menu_link_color_active":"","ocean_menu_link_background":"","ocean_menu_link_hover_background":"","ocean_menu_link_active_background":"","ocean_menu_social_links_bg":"","ocean_menu_social_hover_links_bg":"","ocean_menu_social_links_color":"","ocean_menu_social_hover_links_color":"","ocean_disable_title":"default","ocean_disable_heading":"default","ocean_post_title":"","ocean_post_subheading":"","ocean_post_title_style":"","ocean_post_title_background_color":"","ocean_post_title_background":0,"ocean_post_title_bg_image_position":"","ocean_post_title_bg_image_attachment":"","ocean_post_title_bg_image_repeat":"","ocean_post_title_bg_image_size":"","ocean_post_title_height":0,"ocean_post_title_bg_overlay":0.5,"ocean_post_title_bg_overlay_color":"","ocean_disable_breadcrumbs":"default","ocean_breadcrumbs_color":"","ocean_breadcrumbs_separator_color":"","ocean_breadcrumbs_links_color":"","ocean_breadcrumbs_links_hover_color":"","ocean_display_footer_widgets":"default","ocean_display_footer_bottom":"default","ocean_custom_footer_template":"0","ocean_post_oembed":"","ocean_post_self_hosted_media":"","ocean_post_video_embed":"","ocean_link_format":"","ocean_link_format_target":"self","ocean_quote_format":"","ocean_quote_format_link":"post","ocean_gallery_link_images":"off","ocean_gallery_id":[],"footnotes":""},"categories":[1],"tags":[],"class_list":["post-910","post","type-post","status-publish","format-standard","has-post-thumbnail","hentry","category-analise","entry","has-media"],"_links":{"self":[{"href":"https:\/\/observatoriodesigualdades.fjp.mg.gov.br\/index.php?rest_route=\/wp\/v2\/posts\/910","targetHints":{"allow":["GET"]}}],"collection":[{"href":"https:\/\/observatoriodesigualdades.fjp.mg.gov.br\/index.php?rest_route=\/wp\/v2\/posts"}],"about":[{"href":"https:\/\/observatoriodesigualdades.fjp.mg.gov.br\/index.php?rest_route=\/wp\/v2\/types\/post"}],"author":[{"embeddable":true,"href":"https:\/\/observatoriodesigualdades.fjp.mg.gov.br\/index.php?rest_route=\/wp\/v2\/users\/2"}],"replies":[{"embeddable":true,"href":"https:\/\/observatoriodesigualdades.fjp.mg.gov.br\/index.php?rest_route=%2Fwp%2Fv2%2Fcomments&post=910"}],"version-history":[{"count":1,"href":"https:\/\/observatoriodesigualdades.fjp.mg.gov.br\/index.php?rest_route=\/wp\/v2\/posts\/910\/revisions"}],"predecessor-version":[{"id":913,"href":"https:\/\/observatoriodesigualdades.fjp.mg.gov.br\/index.php?rest_route=\/wp\/v2\/posts\/910\/revisions\/913"}],"wp:featuredmedia":[{"embeddable":true,"href":"https:\/\/observatoriodesigualdades.fjp.mg.gov.br\/index.php?rest_route=\/wp\/v2\/media\/912"}],"wp:attachment":[{"href":"https:\/\/observatoriodesigualdades.fjp.mg.gov.br\/index.php?rest_route=%2Fwp%2Fv2%2Fmedia&parent=910"}],"wp:term":[{"taxonomy":"category","embeddable":true,"href":"https:\/\/observatoriodesigualdades.fjp.mg.gov.br\/index.php?rest_route=%2Fwp%2Fv2%2Fcategories&post=910"},{"taxonomy":"post_tag","embeddable":true,"href":"https:\/\/observatoriodesigualdades.fjp.mg.gov.br\/index.php?rest_route=%2Fwp%2Fv2%2Ftags&post=910"}],"curies":[{"name":"wp","href":"https:\/\/api.w.org\/{rel}","templated":true}]}}